{"id":105404,"date":"2026-02-13T14:28:20","date_gmt":"2026-02-13T14:28:20","guid":{"rendered":"https:\/\/www.europesays.com\/lt\/105404\/"},"modified":"2026-02-13T14:28:20","modified_gmt":"2026-02-13T14:28:20","slug":"paaiskejo-lietuvos-rinktines-varzovai-tautu-lygoje","status":"publish","type":"post","link":"https:\/\/www.europesays.com\/lt\/105404\/","title":{"rendered":"Paai\u0161k\u0117jo Lietuvos rinktin\u0117s var\u017eovai Taut\u0173 lygoje"},"content":{"rendered":"<p>Buvusio Belgijos futbolininko Mbo Mpenzos ranka nul\u0117m\u0117, kad Lietuvos rinktin\u0117 var\u017eysis D diviziono antroje grup\u0117je, kur j\u0173 var\u017eovais bus Azerbaid\u017eano ir Lichten\u0161teino rinktin\u0117s.<\/p>\n<p>Penkt\u0105 kart\u0105 rengiamo Taut\u0173 lygos turnyro grupi\u0173 etapo var\u017eybos vyks \u0161i\u0173 met\u0173 rugs\u0117jo, spalio ir lapkri\u010dio m\u0117nesiais. Su kiekvienu var\u017eovu lietuviai su\u017eais du kartus \u2013 namuose ir i\u0161vykoje.<\/p>\n<p>    <img decoding=\"async\" src=\"https:\/\/www.europesays.com\/lt\/wp-content\/uploads\/2026\/02\/66597cbb-2f92-436c-8a41-b6839b75f227.jpg\" loading=\"lazy\" alt=\"Lietuvos futbolo rinktin\u0117\"\/>      <\/p>\n<p>\u0160ios grup\u0117s nugal\u0117tojai i\u0161kovos teis\u0119 pakilti \u012f C divizion\u0105. Jeigu Lietuvos rinktin\u0117 u\u017eimt\u0173 antr\u0105 grup\u0117s viet\u0105, jai tekt\u0173 \u017eaisti pereinam\u0105sias rungtynes su C diviziono komanda 2028 m. kovo 23-28 d.<\/p>\n<p>I\u0161 viso burtai \u012f grupes suskirst\u0117 54 komandas, kurios var\u017eysis keturiuose divizionuose. I\u0161 A diviziono grupi\u0173 po dvi stipriausias komandas t\u0119s kov\u0105 ketvirtfinaliuose d\u0117l Taut\u0173 lygos nugal\u0117toj\u0173 titulo. Turnyr\u0105 vainikuos finalo ketverto var\u017eybos 2027 m. bir\u017eelio m\u0117nes\u012f.<\/p>\n<p>Lietuvos rinktin\u0117s strategas <a rel=\"noopener nofollow\" target=\"_blank\" href=\"https:\/\/www.delfi.lt\/temos\/edgaras-jankauskas\" tag-id=\"49714378\">Edgaras Jankauskas<\/a> dalyvavo Briuselyje surengtoje burt\u0173 ceremonijoje bei pasidalino savo \u012f\u017evalgomis apie D diviziono burtus ir 2026 metais laukian\u010dius i\u0161\u0161\u016bkius.<\/p>\n<p>\u201eNesiskund\u017eiame \u0161iais burtais. \u017dinome, kad visos komandos \u0161ioje grup\u0117je yra mums \u012fveikiamos. Lengv\u0173 rungtyni\u0173 mums niekas ne\u017eada ir reikia d\u0117ti visas pastangas, kad koptume \u012f auk\u0161tesn\u0119 grup\u0119\u201c, \u2013 teig\u0117 E. Jankauskas.<\/p>\n<p>Azerbaid\u017eano rinktin\u0117 2024\u20132025 met\u0173 Taut\u0173 lygos sezone patyr\u0117 pana\u0161\u0173 siu\u017eet\u0105, kaip ir lietuviai, u\u017eimdami paskutin\u0119 viet\u0105 C divizione. Lichten\u0161teino komanda lig \u0161iol rung\u0117si tik D diviziono pakopoje.<\/p>\n<p>\u201eAi\u0161ku, Azerbaid\u017eanas yra auk\u0161tesnio lygio komanda nei Lichten\u0161teinas. Jos sud\u0117tyje \u017eaid\u017eia futbolininkai, turintys europin\u0117s patirties, nes \u201eQarabag\u201c komanda da\u017enai stebina Europ\u0105 savo futbolu. Ji labiausiai i\u0161siskirianti komanda vietiniame \u010dempionate, kuri daugiausiai i\u0161leid\u017eia \u017eaid\u0117j\u0173 \u012f rinktin\u0119.<\/p>\n<p>       <img decoding=\"async\" src=\"https:\/\/www.europesays.com\/lt\/wp-content\/uploads\/2026\/02\/9760f8f5-46d8-4b9c-89e4-1fed083d6d3b.jpg\" loading=\"lazy\" alt=\"Edgaras Jankauskas\"\/>      <\/p>\n<p>\u017dinome, kad tai pietieti\u0161ko tipa\u017eo rinktin\u0117, gana techni\u0161ka. Paskutiniais metais ji nei\u0161gyveno savo geriausi\u0173 laik\u0173, ta\u010diau, manau, kad azerbaid\u017eanie\u010diai n\u0117ra patenkinti savo \u017eaidimu ir pasiekimais. Visos komandos \u0161ioje grup\u0117je tur\u0117s vienod\u0105 tiksl\u0105 \u2013 kilti auk\u0161\u010diau\u201c, \u2013 komentavo Lietuvos rinktin\u0117s vyriausiasis treneris.<\/p>\n<p>Azerbaid\u017eano futbolo pirmenyb\u0117s \u0161iuo metu turi lietuvi\u0161k\u0105 akcent\u0105 \u2013 \u201eSabah\u201c futbolo klub\u0105 treniruoja Valdas Dambrauskas. Paklaustas, ar ketina pasikalb\u0117ti su V. Dambrausku, Lietuvos rinktin\u0117s treneris patvirtino \u0161i\u0105 galimyb\u0119.<\/p>\n<p>\u201eBe abejo, kad su Valdu pakalb\u0117sime. Ma\u010diau, kad keletas \u017eaid\u0117j\u0173 yra ir i\u0161 jo treniruojamos komandos dabartin\u0117je Azerbaid\u017eano rinktin\u0117s sud\u0117tyje. Surinksime vis\u0105 \u012fmanom\u0105 informacij\u0105, kad b\u016btume visapusi\u0161kai maksimaliai pasiruo\u0161\u0119 \u0161ioms rungtyn\u0117ms\u201c, \u2013 sak\u0117 E. Jankauskas.<\/p>\n<p>       <img decoding=\"async\" src=\"https:\/\/www.europesays.com\/lt\/wp-content\/uploads\/2026\/02\/777fc335-f97b-4f2e-9c9c-ff877edb3a7d.jpg\" loading=\"lazy\" alt=\"Draugi\u0161kos futbolo rungtyn\u0117s: Lietuva \u2013 Izraelis\"\/>      <\/p>\n<p>Lietuvos vyr\u0173 rinktin\u0117s \u0161\u012f pavasar\u012f lauks dvej\u0173 kontrolini\u0173 rungtyni\u0173 atkarpa. Kovo 26 dien\u0105 m\u016bsi\u0161kiai rungsis prie\u0161 Moldovos rinktin\u0119 Ki\u0161iniove, \u201eZimbru\u201c stadione. Po to, kovo 29 dien\u0105 lietuviai priims Sakartvelo atstovus Kaune, Dariaus ir Gir\u0117no stadione.<\/p>\n<p>\u201eJau ruo\u0161iam\u0117s ir \u017ei\u016brime, kokioje formoje yra m\u016bs\u0173 \u017eaid\u0117jai, kas prad\u0117jo pasirodym\u0105 2026 metais \u010dempionatuose, o kas dar pasiruo\u0161imo faz\u0117je. Dar yra laiko sudaryti galutin\u012f rinktin\u0117s s\u0105ra\u0161\u0105, kuris priklausys nuo futbolinink\u0173 \u017eaidybin\u0117s formos. Tur\u0117sime dvejas kontrolines rungtynes, galvosime ir apie b\u016bsim\u0105 Baltijos taur\u0117s turnyr\u0105.<\/p>\n<p>\u0160itie metai mums labai svarb\u016bs. Norime pergali\u0173, norime laim\u0117ti Baltijos taur\u0119, tad visi turim tur\u0117ti vienod\u0105 tiksl\u0105 ir d\u0117ti maksimaliai pstangas, kad j\u012f pasiektume\u201c, \u2013 reziumavo E. Jankauskas.<\/p>\n<p>       <img decoding=\"async\" src=\"https:\/\/www.europesays.com\/lt\/wp-content\/uploads\/2026\/02\/d48e4394-367d-4248-ba09-bdae7849c53f.jpg\" loading=\"lazy\" alt=\"Edgaras Jankauskas\"\/>      <\/p>\n<p>Visi UEFA Taut\u0173 lygos burtai:<\/p>\n<p>A1: Pranc\u016bzija, Italija, Belgija, Turkija.<\/p>\n<p>A2: Vokietija, Nyderlandai, Serbija, Graikija.<\/p>\n<p>A3: Ispanija, Kroatija, Anglija, \u010cekija.<\/p>\n<p>A4: Portugalija, Danija, Norvegija, Velsas.<\/p>\n<p>B1: \u0160kotija, \u0160veicarija, Slov\u0117nija, \u0160iaur\u0117s Makedonija.<\/p>\n<p>B2: Vengrija, Ukraina, Sakartvelas, \u0160iaur\u0117s Airija.<\/p>\n<p>B3: Izraelis, Austrija, Airija, Kosovas.<\/p>\n<p>B4: Lenkija, Bosnija ir Hercegovina, Rumunija, \u0160vedija.<\/p>\n<p>C1: Albanija, Suomija, Baltarusija, San Marinas.<\/p>\n<p>C2: Juodkalnija, Arm\u0117nija, Kipras, Latvija arba Gibraltaras.<\/p>\n<p>C3: Kazachstanas, Slovakija, Farer\u0173 Salos, Moldova.<\/p>\n<p>C4: Islandija, Bulgarija, Estija, Liuksemburgas arba Malta.<\/p>\n<p>D1: Gibraltaras arba Latvija, Malta arba Liuksemburgas, Andora.<\/p>\n<p>D2: Lietuva, Azerbaid\u017eanas, Lichten\u0161teinas.<\/p>\n<p>* \u2013 Gibraltaro ir Latvijos bei Maltos ir Liuksemburgo komandos tarpusavyje susitiks dviejose atkrintam\u0173j\u0173 var\u017eyb\u0173 porose. \u0160i\u0173 por\u0173 laim\u0117tojai liks C divizione, pralaim\u0117tojai \u2013 kris \u012f D divizion\u0105.<\/p>\n","protected":false},"excerpt":{"rendered":"Buvusio Belgijos futbolininko Mbo Mpenzos ranka nul\u0117m\u0117, kad Lietuvos rinktin\u0117 var\u017eysis D diviziono antroje grup\u0117je, kur j\u0173 var\u017eovais&hellip;\n","protected":false},"author":2,"featured_media":105405,"comment_status":"","ping_status":"","sticky":false,"template":"","format":"standard","meta":{"footnotes":"","_share_on_mastodon":"0"},"categories":[19],"tags":[3696,37,39,3419,36,38,40,47,104,4523,20576],"class_list":["post-105404","post","type-post","status-publish","format-standard","has-post-thumbnail","category-sportas","tag-edgaras-jankauskas","tag-lietuva","tag-lietuviu","tag-lietuvos-vyru-futbolo-rinktine","tag-lithuania","tag-lithuanian","tag-lt","tag-sportas","tag-sports","tag-uefa","tag-uefa-tautu-lyga"],"share_on_mastodon":{"url":"https:\/\/pubeurope.com\/@lt\/116063797424299562","error":""},"_links":{"self":[{"href":"https:\/\/www.europesays.com\/lt\/wp-json\/wp\/v2\/posts\/105404","targetHints":{"allow":["GET"]}}],"collection":[{"href":"https:\/\/www.europesays.com\/lt\/wp-json\/wp\/v2\/posts"}],"about":[{"href":"https:\/\/www.europesays.com\/lt\/wp-json\/wp\/v2\/types\/post"}],"author":[{"embeddable":true,"href":"https:\/\/www.europesays.com\/lt\/wp-json\/wp\/v2\/users\/2"}],"replies":[{"embeddable":true,"href":"https:\/\/www.europesays.com\/lt\/wp-json\/wp\/v2\/comments?post=105404"}],"version-history":[{"count":0,"href":"https:\/\/www.europesays.com\/lt\/wp-json\/wp\/v2\/posts\/105404\/revisions"}],"wp:featuredmedia":[{"embeddable":true,"href":"https:\/\/www.europesays.com\/lt\/wp-json\/wp\/v2\/media\/105405"}],"wp:attachment":[{"href":"https:\/\/www.europesays.com\/lt\/wp-json\/wp\/v2\/media?parent=105404"}],"wp:term":[{"taxonomy":"category","embeddable":true,"href":"https:\/\/www.europesays.com\/lt\/wp-json\/wp\/v2\/categories?post=105404"},{"taxonomy":"post_tag","embeddable":true,"href":"https:\/\/www.europesays.com\/lt\/wp-json\/wp\/v2\/tags?post=105404"}],"curies":[{"name":"wp","href":"https:\/\/api.w.org\/{rel}","templated":true}]}}