{"id":105617,"date":"2026-02-13T19:43:06","date_gmt":"2026-02-13T19:43:06","guid":{"rendered":"https:\/\/www.europesays.com\/lt\/105617\/"},"modified":"2026-02-13T19:43:06","modified_gmt":"2026-02-13T19:43:06","slug":"margarita-starkeviciute-ve%cc%87l-tarp-atsilike%cc%87liu%cc%a8-respublika-lt","status":"publish","type":"post","link":"https:\/\/www.europesays.com\/lt\/105617\/","title":{"rendered":"Margarita STARKEVI\u010cI\u016aT\u0116: Ve\u0307l tarp atsilike\u0307liu\u0328 &#8211; Respublika.lt"},"content":{"rendered":"<p><img loading=\"lazy\" decoding=\"async\" src=\"https:\/\/www.respublika.lt\/lt\/naujienos\/nuomones_ir_komentarai\/isklausyk-respublika\/margarita-starkeviciute-vel-tarp-atsilikeliu\/images\/ico_camera_white.gif\" class=\"camera\" width=\"22\" height=\"15\" alt=\"nuotr.\" style=\"position:relative; top:-2px; right:2px;\"\/> 1 nuotr.<\/p>\n<p>Margarita Starkevi\u010di\u016bt\u0117. Asmeninio albumo nuotr.<\/p>\n<p style=\"text-align: justify;\" class=\"desktop_banner\">\u00a0<\/p>\n<p>S\u030ci\u0328 karta\u0328 buvo nuspre\u0328sta surengti ir reformoms nusiteikusiu\u0328 s\u030caliu\u0328 vadovu\u0328 bendrus pusryc\u030cius, o tik po to susirinko visos valstybe\u0307s.<\/p>\n<p>Deja, Lietuvos vadovai nebuvo pakviesti nei i\u0328 susitikima\u0328 su verslu, nei i\u0328 reformas remianc\u030ciu\u0328 s\u030caliu\u0328 formata\u0328.<\/p>\n<p>Paklausite kode\u0307l? Atsakymas paprastas &#8211; uz\u030ctenka paz\u030ciu\u0304re\u0307ti i\u0328 s\u030cilumos ir elektros sa\u0328skaitas. Jos ais\u030ckiai rodo, kad ekonomika ne\u0307ra prioritetas.<\/p>\n<p>Kas kvies prie bendro stalo vadovus, kuriu\u0328 sprendimai silpnina ju\u0328 pac\u030ciu\u0328 u\u0304ki\u0328 ir dar pateikiami kaip sektinas pavyzdys kitiems?<\/p>\n<p>Apklausos rodo, kad jie nepalankiai vertinami net savo piliec\u030ciu\u0328. Tai signalas ir partneriams.<\/p>\n<p>Elektros tieke\u0307jai pranes\u030ce\u0307, kad sausi\u0328 kainos is\u030caugo daugiau nei 80 procentu\u0328. Ais\u030ckinama, kad tai le\u0307me\u0307 itin s\u030calti orai, is\u030cauge\u0328s elektros poreikis, sumaz\u030ce\u0307jusi ve\u0307jo elektriniu\u0328 gamyba ir auks\u030ctos kainos S\u030ciaure\u0307s s\u030calyse, ribojusios pigesne\u0307s elektros importa\u0328.<\/p>\n<p>Tac\u030ciau apie tai, kad ve\u0307jo ir saule\u0307s elektrine\u0307s ne\u0307ra patikimos s\u030calto klimato zonoje, buvo kalbama ne karta\u0328.<\/p>\n<p>Buvo perspe\u0307jama, kad jos negali uz\u030ctikrinti stabilios bazine\u0307s generacijos be pakankamu\u0328 rezerviniu\u0328 paje\u0307gumu\u0328.<\/p>\n<p>Vadovai i\u0328 s\u030ciuos argumentus neatsiz\u030cvelge\u0307.<\/p>\n<p>Dabar uz\u030c sprendimus, kurie susilpnino s\u030calies energetini\u0328 sauguma\u0328, ture\u0307tu\u0328 bu\u0304ti prisiimta politine\u0307 atsakomybe\u0307, prezidento, politiniu\u0328 partiju\u0328, ju\u0328 paskirtu\u0328 energetikos ministru\u0328, VERT.<\/p>\n<p>Lietuva dar visai neseniai gale\u0307jo didz\u030cia\u0328ja dalimi apsiru\u0304pinti savo gamybos elektros energija, tac\u030ciau savi energetiniai paje\u0307gumai buvo maz\u030cinami, elektrine\u0307s uz\u030cdaromos ar is\u030cmontuojamos ir is\u030cvez\u030camos svetur.<\/p>\n<p>S\u030ciandien esame priklausomi nuo is\u030coriniu\u0328 veiksniu\u0328, o kainu\u0328 svyravimai tiesiogiai smogia gyventojams ir verslui.<\/p>\n<p>Lietuvos elektros kainos yra tarp auks\u030cc\u030ciausiu\u0328 regione, tode\u0307l verslui darosi sunku konkuruoti. Per du z\u030ciemos me\u0307nesius bankrutavo s\u030cimtai i\u0328moniu\u0328.<\/p>\n<p>Jos susidu\u0304re\u0307 ne tik su is\u030caugusiomis elektros, bet ir s\u030cilumos kainomis, taip pat su dvigubai padidintu PVM tarifu. Naivu kalbe\u0307ti apie kompensacijas.<\/p>\n<p>Brangstant energijai brangsta visos preke\u0307s ir paslaugos, smunka gyvenimo lygis, maz\u030ce\u0307ja konkurencingumas.<\/p>\n<p>Metu\u0328 pabaigoje kone isteris\u030ckai buvo reikalaujama biudz\u030cete numatyti ne maz\u030ciau kaip 5 mlrd. euru\u0328 gynybai.<\/p>\n<p>Tuo pat metu buvo priimtas ES sprendimas bendrai skolintis ir skirti le\u0307s\u030cas gynybos stiprinimui, is\u030c kurio Lietuva gavo 6 mlrd. euru\u0328 &#8211; tai yra vienu milijardu daugiau nei buvo pras\u030coma is\u030c nacionalinio biudz\u030ceto.<\/p>\n<p>Tode\u0307l kyla klausimas: kaip buvo suderinti s\u030cie sprendimai ir kur panaudotas tas papildomas milijardas?<\/p>\n<p>Dabar nez\u030cinant ka\u0328 daryti su pinigais jie s\u030cvaistomi i\u0328 des\u030cine\u0328 ir i\u0328 kaire\u0328 kuriant poligonus, dronizuojant svetimu pavyzdz\u030ciu, kur visi kareiviai is\u030cbe\u0307giojo, kariuomene\u0328, o jei sa\u0328jungininkai atsiu\u0328s maz\u030ciau kariu\u0328, kam bus naudojami jiems skirti poligonai?<\/p>\n<p>Kitas klausimas yra su SODROS le\u0307s\u030comis, jei gyventojams is\u030c II pakopos pensiju\u0328 fondo bus is\u030cmokama tik ju\u0328 pac\u030ciu\u0328 i\u0328moku\u0328 dalis, kur bus nukreipta valstybe\u0307s sumoke\u0307ta dalis, o tai apie 4,3 mlrd euru\u0328?<\/p>\n<p>Ture\u0307tu\u0328 atsirasti SODROS biudz\u030cete. Ar taip bus, juk biudz\u030cetas patvirtintas be s\u030citu\u0328 le\u0307s\u030cu\u0328?<\/p>\n<p>Iki kovo pabaigos turi paais\u030cke\u0307ti ar Lietuva bus tarp paz\u030cengusiu\u0328 19 ES s\u030caliu\u0328 ar ve\u0307l liks uz\u030c sienos? Jei liksime uz\u030c sienos, tai automatis\u030ckai neteksime investuotoju\u0328, rinku\u0328 ir ES pinigu\u0328 is\u030c naujo ilgalaikio ES biudz\u030ceto, ant plauko pakibtu\u0328 Lietuvos Nepriklausomybe\u0307.<\/p>\n<p>Sunku kaz\u030cka\u0328 ir padaryti, nes visi vadovai vis uz\u030csienyje ir uz\u030csienyje, ministeriju\u0328 darbuotojai dirba nuotoliu, ka\u0328 jie ten daro ir kalba nez\u030cinia. Seimas savo pareiga\u0328 kontroliuoti vyriausybe\u0307s darba\u0328 pamirs\u030co.<\/p>\n<p>Kai jie susirinks kovo 10 d. jau gali bu\u0304ti ve\u0307lu. Iki kovo pabaigos ture\u0307tu\u0328 paais\u030cke\u0307ti, ar Lietuva bus tarp paz\u030cengusiu\u0328 ES s\u030caliu\u0328, ar liks nuos\u030calyje.<\/p>\n<p>Kaip buvusi Europos Parlamento nare\u0307, z\u030cinau, kad jei valstybe\u0307s nebe\u0307ra kviec\u030ciamos i\u0328 neformalius sprendimu\u0328 formatus, tai yra politinis signalas. O politiniai signalai anksc\u030ciau ar ve\u0307liau turi ir ekonominiu\u0328 pasekmiu\u0328.<\/p>\n<p>Demokratija reikalauja skaidrumo, atsakomybe\u0307s ir ais\u030ckiu\u0328 atsakymu\u0328 visuomenei.<\/p>\n<p>Jei ju\u0328 ne\u0307ra, menksta pasitike\u0307jimas &#8211; ir tai jau tampa valstybe\u0307s krypties klausimu.<\/p>\n","protected":false},"excerpt":{"rendered":"1 nuotr. Margarita Starkevi\u010di\u016bt\u0117. Asmeninio albumo nuotr. \u00a0 S\u030ci\u0328 karta\u0328 buvo nuspre\u0328sta surengti ir reformoms nusiteikusiu\u0328 s\u030caliu\u0328 vadovu\u0328&hellip;\n","protected":false},"author":2,"featured_media":105618,"comment_status":"","ping_status":"","sticky":false,"template":"","format":"standard","meta":{"footnotes":"","_share_on_mastodon":"0"},"categories":[13],"tags":[25,30,31,248,543,1610,672,34,35,24,2480,32,33,37,39,36,38,40,23,22,20596,28,29,1935,3024,26,27,7996,46],"class_list":["post-105617","post","type-post","status-publish","format-standard","has-post-thumbnail","category-lietuva","tag-antrastes","tag-breaking-news","tag-breakingnews","tag-ekonomika","tag-elektra","tag-elektrine","tag-es","tag-featured-news","tag-featurednews","tag-headlines","tag-kainos","tag-latest-news","tag-latestnews","tag-lietuva","tag-lietuviu","tag-lithuania","tag-lithuanian","tag-lt","tag-naujienos","tag-news","tag-pajegumai","tag-populiariausios-naujienos","tag-populiariausiosnaujienos","tag-sildymas","tag-starkeviciute","tag-top-stories","tag-topstories","tag-vejas","tag-verslas"],"share_on_mastodon":{"url":"https:\/\/pubeurope.com\/@lt\/116065036062942004","error":""},"_links":{"self":[{"href":"https:\/\/www.europesays.com\/lt\/wp-json\/wp\/v2\/posts\/105617","targetHints":{"allow":["GET"]}}],"collection":[{"href":"https:\/\/www.europesays.com\/lt\/wp-json\/wp\/v2\/posts"}],"about":[{"href":"https:\/\/www.europesays.com\/lt\/wp-json\/wp\/v2\/types\/post"}],"author":[{"embeddable":true,"href":"https:\/\/www.europesays.com\/lt\/wp-json\/wp\/v2\/users\/2"}],"replies":[{"embeddable":true,"href":"https:\/\/www.europesays.com\/lt\/wp-json\/wp\/v2\/comments?post=105617"}],"version-history":[{"count":0,"href":"https:\/\/www.europesays.com\/lt\/wp-json\/wp\/v2\/posts\/105617\/revisions"}],"wp:featuredmedia":[{"embeddable":true,"href":"https:\/\/www.europesays.com\/lt\/wp-json\/wp\/v2\/media\/105618"}],"wp:attachment":[{"href":"https:\/\/www.europesays.com\/lt\/wp-json\/wp\/v2\/media?parent=105617"}],"wp:term":[{"taxonomy":"category","embeddable":true,"href":"https:\/\/www.europesays.com\/lt\/wp-json\/wp\/v2\/categories?post=105617"},{"taxonomy":"post_tag","embeddable":true,"href":"https:\/\/www.europesays.com\/lt\/wp-json\/wp\/v2\/tags?post=105617"}],"curies":[{"name":"wp","href":"https:\/\/api.w.org\/{rel}","templated":true}]}}