{"id":105770,"date":"2026-02-14T02:54:13","date_gmt":"2026-02-14T02:54:13","guid":{"rendered":"https:\/\/www.europesays.com\/lt\/105770\/"},"modified":"2026-02-14T02:54:13","modified_gmt":"2026-02-14T02:54:13","slug":"pasirodzius-informacijai-apie-brigados-issukius-nauseda-kabejosi-su-vokietijos-kancleriu-merzu-respublika-lt","status":"publish","type":"post","link":"https:\/\/www.europesays.com\/lt\/105770\/","title":{"rendered":"Pasirod\u017eius informacijai apie brigados i\u0161\u0161\u016bkius, Naus\u0117da kab\u0117josi su Vokietijos kancleriu Merzu &#8211; Respublika.lt"},"content":{"rendered":"<p><img loading=\"lazy\" decoding=\"async\" src=\"https:\/\/www.respublika.lt\/lt\/naujienos\/pasaulis\/pasaulio_politika\/pasirodzius-informacijai-apie-brigados-issukius-nauseda-sulauke-kanclerio-merzo-patikinimo\/images\/ico_camera_white.gif\" class=\"camera\" width=\"22\" height=\"15\" alt=\"nuotr.\" style=\"position:relative; top:-2px; right:2px;\"\/> 1 nuotr.<\/p>\n<p>Friedrichas Merzas, Gitanas Naus\u0117da. Eltos nuotr.<\/p>\n<p style=\"text-align: justify;\" class=\"desktop_banner\">\u00a0<\/p>\n<p style=\"text-align: left;\">\u00a0<\/p>\n<p style=\"text-align: left;\">\u201eTur\u0117jau progos pakalb\u0117ti apie tai su Vokietijos kancleriu Friedrichu Merzu, u\u017edaviau \u0161it\u0105 klausim\u0105 ir atsakymas buvo toks, kad Vokietijos \u012fsipareigojimai lieka nepakit\u0119, kad jie labai rimtai \u017ei\u016bri \u012f savo \u012fsipareigojimus. A\u0161 manau, kad visko dar bus ir \u017einiasklaida ra\u0161ys dar ne vien\u0105 straipsn\u012f apie Vokietijos brigados perspektyv\u0105 Lietuvoje, ta\u010diau noriu labai ai\u0161kiai pabr\u0117\u017eti, kad tiek Vokietijos pus\u0117, tiek Lietuvos pus\u0117 \u2013 mes ketiname \u012fgyvendinti visus \u012fsipareigojimus\u201c, \u2013 sak\u0117 \u0161alies vadovas.\u00a0<\/p>\n<p style=\"text-align: left;\">\u201e\u0160iuo aspektu labai svarbu, kad ta patirtis, kuri\u0105 jau kaupia, turi pirmieji kariai, atvyk\u0119 \u012f Lietuv\u0105 (\u2026), kad visos tos papildomos paslaugos ir m\u016bs\u0173 stengimasis atliepti j\u0173 poreikius, kad tai b\u016bt\u0173 perduota ir Vokietijai ir kad \u017emon\u0117s \u017einot\u0173, kad Lietuva yra \u0161alis, \u012f kuri\u0105 malonu va\u017eiuoti vykdyti tarnybos, kad \u012f \u0161i\u0105 \u0161al\u012f galima ir saugu vykti kartu su \u0161eimomis\u201c, \u2013 pabr\u0117\u017e\u0117 G. Naus\u0117da.\u00a0<\/p>\n<p style=\"text-align: left;\">Kaip ra\u0161\u0117 Vokietijos savaitra\u0161tis, \u0161alies Bundesverui sunkiai sekasi rasti savanori\u0173 Lietuvoje dislokuojamai brigadai \u2013 ypa\u010d ma\u017eai norin\u010di\u0173j\u0173 es\u0105 yra tarp eilini\u0173: \u012f 203\u2013i\u0105j\u012f tank\u0173 batalion\u0105 ir 122\u2013\u0105j\u012f mechanizuot\u0105j\u012f p\u0117stinink\u0173 batalion\u0105 savanori\u0161kai registravosi tik 28\u201347 proc. kari\u0173.<\/p>\n<p style=\"text-align: left;\">Vidaus naudojimui skirtame dokumente, anot savaitra\u0161\u010dio, situacija apib\u016bdinama kaip dar kriti\u0161kesn\u0117: \u012f 2 t\u016bkst. pareigybi\u0173 pagrindin\u0117se paj\u0117gose, pavyzd\u017eiui, artilerijos, \u017evalgybos ar in\u017einerijos daliniuose, iki \u0161iol pasisi\u016bl\u0117 tik apie 10 proc. reikaling\u0173 kari\u0173, nors Gynybos ministerija si\u016blo patrauklias finansines i\u0161mokas.<\/p>\n<p style=\"text-align: left;\">Pasak \u201eSpiegel\u201c, ministerija planuoja imtis priemoni\u0173. Be kita ko, 43 t\u016bkst. kari\u0173 bus i\u0161si\u0173sti informaciniai lai\u0161kai, si\u016blomos i\u0161vykos \u012f Lietuv\u0105, nuo dvej\u0173 iki vieneri\u0173 met\u0173 trumpinamas minimalus tarnybos laikas.\u00a0<\/p>\n<p style=\"text-align: left;\">Bundesveras leidiniui patvirtino savanori\u0173 tr\u016bkum\u0105, bet pabr\u0117\u017e\u0117, kad tai tik tarpin\u0117 pad\u0117tis ir ji gali keistis.<\/p>\n<p style=\"text-align: left;\">Lietuvos prezidentas Miuncheno saugumo konferencijos i\u0161vakar\u0117se sak\u0117 \u0161iuo klausimu kalb\u0117si\u0105s ir su Vokietijos gynybos ministru.\u00a0<\/p>\n<p style=\"text-align: left;\">\u201eMiuncheno konferencijoje tur\u0117siu prog\u0105 matytis ir su Vokietijos gynybos ministru, ponu Borisu Pistoriumi. Manau, kad tikrai bus progos pakalb\u0117ti apie tai \u0161iek tiek i\u0161samiau\u201c, \u2013 kalb\u0117jo prezidentas.\u00a0<\/p>\n<p style=\"text-align: left;\">ELTA primena, kad Berlynas 2023 met\u0173 ruden\u012f patvirtino, kad Lietuvoje nuolatiniam buvimui dislokuos kovin\u0117s parengties brigad\u0105. I\u0161 viso \u012f Lietuv\u0105 ketinama perkelti apie 5 t\u016bkst. Vokietijos brigados kari\u0173 ir civili\u0173. Dalis j\u0173 atvyks su savo \u0161eimomis.<\/p>\n<p style=\"text-align: left;\">Planuota, kad iki 2026 met\u0173 \u012f Lietuv\u0105 bus perkelta did\u017eioji brigados dalis. Vokietijos gynybos ministro Boriso Pistoriuso teigimu, piln\u0105 operacin\u012f paj\u0117gum\u0105 brigada \u012fgis 2027 metais.<\/p>\n","protected":false},"excerpt":{"rendered":"1 nuotr. Friedrichas Merzas, Gitanas Naus\u0117da. Eltos nuotr. \u00a0 \u00a0 \u201eTur\u0117jau progos pakalb\u0117ti apie tai su Vokietijos kancleriu&hellip;\n","protected":false},"author":2,"featured_media":105771,"comment_status":"","ping_status":"","sticky":false,"template":"","format":"standard","meta":{"footnotes":"","_share_on_mastodon":"0"},"categories":[6],"tags":[25,30,31,3139,34,35,24,32,33,37,39,36,38,40,4378,23,417,22,28,29,26,27,320],"class_list":["post-105770","post","type-post","status-publish","format-standard","has-post-thumbnail","category-antrastes","tag-antrastes","tag-breaking-news","tag-breakingnews","tag-brigada","tag-featured-news","tag-featurednews","tag-headlines","tag-latest-news","tag-latestnews","tag-lietuva","tag-lietuviu","tag-lithuania","tag-lithuanian","tag-lt","tag-merzas","tag-naujienos","tag-nauseda","tag-news","tag-populiariausios-naujienos","tag-populiariausiosnaujienos","tag-top-stories","tag-topstories","tag-vokietija"],"share_on_mastodon":{"url":"https:\/\/pubeurope.com\/@lt\/116066730836560835","error":""},"_links":{"self":[{"href":"https:\/\/www.europesays.com\/lt\/wp-json\/wp\/v2\/posts\/105770","targetHints":{"allow":["GET"]}}],"collection":[{"href":"https:\/\/www.europesays.com\/lt\/wp-json\/wp\/v2\/posts"}],"about":[{"href":"https:\/\/www.europesays.com\/lt\/wp-json\/wp\/v2\/types\/post"}],"author":[{"embeddable":true,"href":"https:\/\/www.europesays.com\/lt\/wp-json\/wp\/v2\/users\/2"}],"replies":[{"embeddable":true,"href":"https:\/\/www.europesays.com\/lt\/wp-json\/wp\/v2\/comments?post=105770"}],"version-history":[{"count":0,"href":"https:\/\/www.europesays.com\/lt\/wp-json\/wp\/v2\/posts\/105770\/revisions"}],"wp:featuredmedia":[{"embeddable":true,"href":"https:\/\/www.europesays.com\/lt\/wp-json\/wp\/v2\/media\/105771"}],"wp:attachment":[{"href":"https:\/\/www.europesays.com\/lt\/wp-json\/wp\/v2\/media?parent=105770"}],"wp:term":[{"taxonomy":"category","embeddable":true,"href":"https:\/\/www.europesays.com\/lt\/wp-json\/wp\/v2\/categories?post=105770"},{"taxonomy":"post_tag","embeddable":true,"href":"https:\/\/www.europesays.com\/lt\/wp-json\/wp\/v2\/tags?post=105770"}],"curies":[{"name":"wp","href":"https:\/\/api.w.org\/{rel}","templated":true}]}}