{"id":106343,"date":"2026-02-14T23:09:04","date_gmt":"2026-02-14T23:09:04","guid":{"rendered":"https:\/\/www.europesays.com\/lt\/106343\/"},"modified":"2026-02-14T23:09:04","modified_gmt":"2026-02-14T23:09:04","slug":"azerbaidzano-prezidentas-rusija-tycia-puldineja-diplomatines-atstovybes-ukrainoje","status":"publish","type":"post","link":"https:\/\/www.europesays.com\/lt\/106343\/","title":{"rendered":"Azerbaid\u017eano prezidentas: Rusija ty\u010dia puldin\u0117ja diplomatines atstovybes Ukrainoje"},"content":{"rendered":"<p>\u201eUkrainoje buvo ne tik i\u0161puoli\u0173 prie\u0161 Azerbaid\u017eano energetikos infrastrukt\u016br\u0105, bet ir trys i\u0161puoliai prie\u0161 Azerbaid\u017eano ambasad\u0105. Po pirmojo i\u0161puolio gal\u0117jome manyti, kad tai buvo atsitiktinis \u012fvykis. Mes perdav\u0117me savo kolegoms Rusijoje visus Azerbaid\u017eano diplomatini\u0173 atstovybi\u0173, \u012fskaitant konsulin\u012f skyri\u0173, kult\u016bros centr\u0105 ir ambasad\u0105, koordinates. Nepaisant to, buvo \u012fvykdyti dar du i\u0161puoliai. Taigi tai buvo ty\u010dinis i\u0161puolis prie\u0161 Azerbaid\u017eano diplomatines atstovybes\u201c, \u2013 sak\u0117 I. Alijevas.<\/p>\n<p>Azerbaid\u017eano prezidentas pa\u017eym\u0117jo, kad Rusijos i\u0161puoli\u0173 prie\u0161 Azerbaid\u017eano energetikos infrastrukt\u016br\u0105 ir diplomatines misijas Ukrainoje klausimas buvo ne kart\u0105 keliamas u\u017esienio reikal\u0173 ministerij\u0173 ir prezidento administracij\u0173 pareig\u016bn\u0173 susitikimuose.<\/p>\n<p>\u201eMes paskelb\u0117me specialius parei\u0161kimus, taip pat buvo pakviestas ambasadorius ir pateikta diplomatin\u0117 nota. Mes veikiame tik diplomatin\u0117mis priemon\u0117mis. Negalime padaryti nieko kito&#8230; Azerbaid\u017eano vyriausyb\u0117 \u0117m\u0117si vis\u0173 b\u016btin\u0173 diplomatini\u0173 veiksm\u0173\u201c, \u2013 pabr\u0117\u017e\u0117 jis.<\/p>\n<p>Jis pabr\u0117\u017e\u0117, kad tokie Rusijos veiksmai laikomi nedraugi\u0161kais Azerbaid\u017eano at\u017evilgiu.<\/p>\n<p>Kaip prane\u0161\u0117 \u201eUkrinform\u201c, pra\u0117jusi\u0173 met\u0173 lapkrit\u012f Azerbaid\u017eano u\u017esienio reikal\u0173 ministerija i\u0161kviet\u0117 Rusijos ambasadori\u0173 Baku, kad \u012fteikt\u0173 protesto not\u0105 d\u0117l Rusijos sm\u016bgio, kuris apgadino respublikos ambasados Kyjive pastat\u0105, tarnybinius automobilius, administracin\u012f pastat\u0105 ir konsulin\u012f skyri\u0173.<\/p>\n<p>Be to, 2022 m. kovo 10 d. per rus\u0173 antskryd\u012f buvo padaryta didel\u0117 \u017eala Azerbaid\u017eano Respublikos garb\u0117s konsulato Charkive administraciniam pastatui.<\/p>\n","protected":false},"excerpt":{"rendered":"\u201eUkrainoje buvo ne tik i\u0161puoli\u0173 prie\u0161 Azerbaid\u017eano energetikos infrastrukt\u016br\u0105, bet ir trys i\u0161puoliai prie\u0161 Azerbaid\u017eano ambasad\u0105. Po pirmojo&hellip;\n","protected":false},"author":2,"featured_media":106344,"comment_status":"","ping_status":"","sticky":false,"template":"","format":"standard","meta":{"footnotes":"","_share_on_mastodon":"0"},"categories":[15],"tags":[25,466,30,31,34,35,24,32,33,37,39,36,38,40,23,22,44,28,29,26,27,74,75,76],"class_list":["post-106343","post","type-post","status-publish","format-standard","has-post-thumbnail","category-pasaulis","tag-antrastes","tag-azerbaidzanas","tag-breaking-news","tag-breakingnews","tag-featured-news","tag-featurednews","tag-headlines","tag-latest-news","tag-latestnews","tag-lietuva","tag-lietuviu","tag-lithuania","tag-lithuanian","tag-lt","tag-naujienos","tag-news","tag-pasaulis","tag-populiariausios-naujienos","tag-populiariausiosnaujienos","tag-top-stories","tag-topstories","tag-world","tag-world-news","tag-worldnews"],"share_on_mastodon":{"url":"https:\/\/pubeurope.com\/@lt\/116071508371110336","error":""},"_links":{"self":[{"href":"https:\/\/www.europesays.com\/lt\/wp-json\/wp\/v2\/posts\/106343","targetHints":{"allow":["GET"]}}],"collection":[{"href":"https:\/\/www.europesays.com\/lt\/wp-json\/wp\/v2\/posts"}],"about":[{"href":"https:\/\/www.europesays.com\/lt\/wp-json\/wp\/v2\/types\/post"}],"author":[{"embeddable":true,"href":"https:\/\/www.europesays.com\/lt\/wp-json\/wp\/v2\/users\/2"}],"replies":[{"embeddable":true,"href":"https:\/\/www.europesays.com\/lt\/wp-json\/wp\/v2\/comments?post=106343"}],"version-history":[{"count":0,"href":"https:\/\/www.europesays.com\/lt\/wp-json\/wp\/v2\/posts\/106343\/revisions"}],"wp:featuredmedia":[{"embeddable":true,"href":"https:\/\/www.europesays.com\/lt\/wp-json\/wp\/v2\/media\/106344"}],"wp:attachment":[{"href":"https:\/\/www.europesays.com\/lt\/wp-json\/wp\/v2\/media?parent=106343"}],"wp:term":[{"taxonomy":"category","embeddable":true,"href":"https:\/\/www.europesays.com\/lt\/wp-json\/wp\/v2\/categories?post=106343"},{"taxonomy":"post_tag","embeddable":true,"href":"https:\/\/www.europesays.com\/lt\/wp-json\/wp\/v2\/tags?post=106343"}],"curies":[{"name":"wp","href":"https:\/\/api.w.org\/{rel}","templated":true}]}}