{"id":106910,"date":"2026-02-15T20:00:08","date_gmt":"2026-02-15T20:00:08","guid":{"rendered":"https:\/\/www.europesays.com\/lt\/106910\/"},"modified":"2026-02-15T20:00:08","modified_gmt":"2026-02-15T20:00:08","slug":"trumpas-liepia-hamas-nedelsiant-nusiginkluoti","status":"publish","type":"post","link":"https:\/\/www.europesays.com\/lt\/106910\/","title":{"rendered":"Trumpas liepia \u201eHamas\u201c nedelsiant nusiginkluoti"},"content":{"rendered":"<p>\u201eLabai svarbu, kad \u201eHamas\u201c laikyt\u0173si savo \u012fsipareigojimo d\u0117l visi\u0161kos ir neatid\u0117liotinos demilitarizacijos\u201c, \u2013 D. Trumpas paskelb\u0117 savo socialin\u0117je platformoje \u201eTruth Social\u201c.<\/p>\n<p>Vasario 19 d. Va\u0161ingtone planuojamas \u201eTaikos tarybos\u201c susitikimas, o D. Trumpas teigia, kad jos potencialas yra beribis.<\/p>\n<p>\u201eTaikos taryba\u201c prie\u0161 tai susitiko sausio m\u0117nes\u012f per Davose vykus\u012f Pasaulio ekonomikos forum\u0105.<\/p>\n<p>Nusiginklavimas yra svarbi JAV tarpininkaujamo paliaub\u0173 susitarimo dalis, kuriam 2025 m. spal\u012f pritar\u0117 Izraelis ir palestinie\u010di\u0173 islamist\u0173 grupuot\u0117 \u201eHamas\u201c, kad b\u016bt\u0173 u\u017ebaigtas 2023 m. spal\u012f prasid\u0117j\u0119s karas.<\/p>\n<p>Jungtin\u0117s Tautos planui pritar\u0117 lapkri\u010dio m\u0117nes\u012f.<\/p>\n<p>Paliaub\u0173 plane numatoma, kad jo antrojo etapo metu Izraelis palaipsniui atitrauks paj\u0117gas i\u0161 Gazos Ruo\u017eo, \u201eHamas\u201c nusiginkluos, o nusi\u0173stos tarptautin\u0117s paj\u0117gos u\u017etikrins saugum\u0105.<\/p>\n<p>\u201eHamas\u201c prie\u0161 tai kartojo, kad nusiginklavimas yra raudona linija, bet organizacija neatmeta ginkl\u0173 perdavimo galimyb\u0117s b\u016bsimai palestinie\u010di\u0173 valdymo institucijai.<\/p>\n<p>Karas Gazos Ruo\u017ee kilo po to, kai 2023 m. spalio 7 d. \u201eHamas\u201c \u012fsiver\u017e\u0117 \u012f Izrael\u012f ir nu\u017eud\u0117 1\u00a0221 \u017emog\u0173, o 251 pa\u0117m\u0117 \u012fkaitais.<\/p>\n<p>Per dvejus metus trukus\u012f kar\u0105 Gazos Ruo\u017ee \u017euvo daugiau nei 71 t\u016bkst. \u017emoni\u0173, rodo palestinie\u010di\u0173 sveikatos ministerijos duomenys, kuriuos Jungtin\u0117s Tautos (JT) laiko patikimais.<\/p>\n","protected":false},"excerpt":{"rendered":"\u201eLabai svarbu, kad \u201eHamas\u201c laikyt\u0173si savo \u012fsipareigojimo d\u0117l visi\u0161kos ir neatid\u0117liotinos demilitarizacijos\u201c, \u2013 D. Trumpas paskelb\u0117 savo socialin\u0117je&hellip;\n","protected":false},"author":2,"featured_media":79831,"comment_status":"","ping_status":"","sticky":false,"template":"","format":"standard","meta":{"footnotes":"","_share_on_mastodon":"0"},"categories":[15],"tags":[25,30,31,194,3346,34,35,805,24,32,33,37,39,36,38,40,23,22,44,28,29,18348,26,27,74,75,76],"class_list":["post-106910","post","type-post","status-publish","format-standard","has-post-thumbnail","category-pasaulis","tag-antrastes","tag-breaking-news","tag-breakingnews","tag-donaldas-trumpas","tag-elta-uzsienio-naujiena","tag-featured-news","tag-featurednews","tag-hamas","tag-headlines","tag-latest-news","tag-latestnews","tag-lietuva","tag-lietuviu","tag-lithuania","tag-lithuanian","tag-lt","tag-naujienos","tag-news","tag-pasaulis","tag-populiariausios-naujienos","tag-populiariausiosnaujienos","tag-taikos-taryba","tag-top-stories","tag-topstories","tag-world","tag-world-news","tag-worldnews"],"share_on_mastodon":{"url":"https:\/\/pubeurope.com\/@lt\/116076427538818839","error":""},"_links":{"self":[{"href":"https:\/\/www.europesays.com\/lt\/wp-json\/wp\/v2\/posts\/106910","targetHints":{"allow":["GET"]}}],"collection":[{"href":"https:\/\/www.europesays.com\/lt\/wp-json\/wp\/v2\/posts"}],"about":[{"href":"https:\/\/www.europesays.com\/lt\/wp-json\/wp\/v2\/types\/post"}],"author":[{"embeddable":true,"href":"https:\/\/www.europesays.com\/lt\/wp-json\/wp\/v2\/users\/2"}],"replies":[{"embeddable":true,"href":"https:\/\/www.europesays.com\/lt\/wp-json\/wp\/v2\/comments?post=106910"}],"version-history":[{"count":0,"href":"https:\/\/www.europesays.com\/lt\/wp-json\/wp\/v2\/posts\/106910\/revisions"}],"wp:featuredmedia":[{"embeddable":true,"href":"https:\/\/www.europesays.com\/lt\/wp-json\/wp\/v2\/media\/79831"}],"wp:attachment":[{"href":"https:\/\/www.europesays.com\/lt\/wp-json\/wp\/v2\/media?parent=106910"}],"wp:term":[{"taxonomy":"category","embeddable":true,"href":"https:\/\/www.europesays.com\/lt\/wp-json\/wp\/v2\/categories?post=106910"},{"taxonomy":"post_tag","embeddable":true,"href":"https:\/\/www.europesays.com\/lt\/wp-json\/wp\/v2\/tags?post=106910"}],"curies":[{"name":"wp","href":"https:\/\/api.w.org\/{rel}","templated":true}]}}