{"id":10701,"date":"2025-10-05T09:15:08","date_gmt":"2025-10-05T09:15:08","guid":{"rendered":"https:\/\/www.europesays.com\/lt\/10701\/"},"modified":"2025-10-05T09:15:08","modified_gmt":"2025-10-05T09:15:08","slug":"vilniuje-vandalai-automobili-apipurske-dazais-ir-uzkimso-ismetimo-vamzdi","status":"publish","type":"post","link":"https:\/\/www.europesays.com\/lt\/10701\/","title":{"rendered":"Vilniuje vandalai automobil\u012f apipur\u0161k\u0117 da\u017eais ir u\u017ekim\u0161o i\u0161metimo vamzd\u012f"},"content":{"rendered":"<p>Policija prane\u0161a, kad spalio 4 dien\u0105, apie 21 val. 30 min., <a rel=\"noopener nofollow\" target=\"_blank\" href=\"https:\/\/www.delfi.lt\/temos\/vilnius\" tag-id=\"36207967\">Vilniuje<\/a>, Baltupio g., pasteb\u0117ta, kad juodais da\u017eais apipurk\u0161tas automobilio \u201e<a rel=\"noopener nofollow\" target=\"_blank\" href=\"https:\/\/www.delfi.lt\/temos\/chevrolet\" tag-id=\"53821817\">Chevrolet<\/a> Matiz\u201c k\u0117bulas, o \u012f i\u0161metam\u0173j\u0173 duj\u0173 vamzd\u012f galimai pripurk\u0161ta sandarinimo put\u0173. <\/p>\n<p>Nuostolis \u2013 1 000 eur\u0173. <\/p>\n<p>Nurodoma, kad tas, kas sunaikino ar sugadino svetim\u0105 turt\u0105, baud\u017eiamas vie\u0161aisiais darbais arba bauda, arba laisv\u0117s apribojimu, arba laisv\u0117s at\u0117mimu iki dvej\u0173 met\u0173.<\/p>\n","protected":false},"excerpt":{"rendered":"Policija prane\u0161a, kad spalio 4 dien\u0105, apie 21 val. 30 min., Vilniuje, Baltupio g., pasteb\u0117ta, kad juodais da\u017eais&hellip;\n","protected":false},"author":2,"featured_media":10702,"comment_status":"","ping_status":"","sticky":false,"template":"","format":"standard","meta":{"footnotes":""},"categories":[13],"tags":[25,30,31,4035,34,35,24,32,33,37,39,36,38,40,23,22,28,29,26,27,4036,626],"class_list":{"0":"post-10701","1":"post","2":"type-post","3":"status-publish","4":"format-standard","5":"has-post-thumbnail","7":"category-lietuva","8":"tag-antrastes","9":"tag-breaking-news","10":"tag-breakingnews","11":"tag-chevrolet","12":"tag-featured-news","13":"tag-featurednews","14":"tag-headlines","15":"tag-latest-news","16":"tag-latestnews","17":"tag-lietuva","18":"tag-lietuviu","19":"tag-lithuania","20":"tag-lithuanian","21":"tag-lt","22":"tag-naujienos","23":"tag-news","24":"tag-populiariausios-naujienos","25":"tag-populiariausiosnaujienos","26":"tag-top-stories","27":"tag-topstories","28":"tag-turto-sunaikinimas-ar-sugadinimas","29":"tag-vilnius"},"share_on_mastodon":{"url":"","error":""},"_links":{"self":[{"href":"https:\/\/www.europesays.com\/lt\/wp-json\/wp\/v2\/posts\/10701","targetHints":{"allow":["GET"]}}],"collection":[{"href":"https:\/\/www.europesays.com\/lt\/wp-json\/wp\/v2\/posts"}],"about":[{"href":"https:\/\/www.europesays.com\/lt\/wp-json\/wp\/v2\/types\/post"}],"author":[{"embeddable":true,"href":"https:\/\/www.europesays.com\/lt\/wp-json\/wp\/v2\/users\/2"}],"replies":[{"embeddable":true,"href":"https:\/\/www.europesays.com\/lt\/wp-json\/wp\/v2\/comments?post=10701"}],"version-history":[{"count":0,"href":"https:\/\/www.europesays.com\/lt\/wp-json\/wp\/v2\/posts\/10701\/revisions"}],"wp:featuredmedia":[{"embeddable":true,"href":"https:\/\/www.europesays.com\/lt\/wp-json\/wp\/v2\/media\/10702"}],"wp:attachment":[{"href":"https:\/\/www.europesays.com\/lt\/wp-json\/wp\/v2\/media?parent=10701"}],"wp:term":[{"taxonomy":"category","embeddable":true,"href":"https:\/\/www.europesays.com\/lt\/wp-json\/wp\/v2\/categories?post=10701"},{"taxonomy":"post_tag","embeddable":true,"href":"https:\/\/www.europesays.com\/lt\/wp-json\/wp\/v2\/tags?post=10701"}],"curies":[{"name":"wp","href":"https:\/\/api.w.org\/{rel}","templated":true}]}}