{"id":107493,"date":"2026-02-16T15:58:08","date_gmt":"2026-02-16T15:58:08","guid":{"rendered":"https:\/\/www.europesays.com\/lt\/107493\/"},"modified":"2026-02-16T15:58:08","modified_gmt":"2026-02-16T15:58:08","slug":"lff-supertaure-kauno-zalgirio-ir-kalniecio-rankose","status":"publish","type":"post","link":"https:\/\/www.europesays.com\/lt\/107493\/","title":{"rendered":"LFF Supertaur\u0117 \u2013 \u201eKauno \u017dalgirio\u201c ir Kalnie\u010dio rankose"},"content":{"rendered":"<p>\u201eKauno \u017dalgiris\u201c po atkaklios bei aistringos kovos 1:0 (1:0) palau\u017e\u0117 <a rel=\"noopener nofollow\" target=\"_blank\" href=\"https:\/\/www.delfi.lt\/temos\/fk-panevezys\" data-rel-date-range=\"[]\">\u201ePanev\u0117\u017eio\u201c<\/a> futbolininkus. Manto Kalnie\u010dio vadovaujamai komandai tai yra pirmasis Supertaur\u0117s titul\u0105 per vis\u0105 klubo istorij\u0105.<\/p>\n<p>Vienintel\u012f ir pergaling\u0105 rungtyni\u0173 \u012fvart\u012f 22-\u0105j\u0105 minut\u0119 peln\u0117 latvis Davis Ikauniekas. Tuo metu pirmajame k\u0117linyje net du panev\u0117\u017eie\u010di\u0173 \u012fvar\u010diai buvo anuliuoti po VAR per\u017ei\u016br\u0173: pirmasis d\u0117l pra\u017eangos, o antrasis \u2013 d\u0117l nuo\u0161al\u0117s.<\/p>\n<p>Po pertraukos tiek kaunie\u010diai, tiek panev\u0117\u017eie\u010diai k\u016br\u0117si pavojingas progas, ta\u010diau jas s\u0117kmingai neutralizuodavo abiej\u0173 ekip\u0173 vartininkai. Antrajame k\u0117linyje \u201eKauno \u017dalgir\u012f\u201c gelb\u0117jo nuo vart\u0173 linijos var\u017eov\u0173 sm\u016bgiuot\u0105 kamuol\u012f atmu\u0161\u0119s Nosa Edokpoloras. <\/p>\n<p>Pa\u010dioje ma\u010do pabaigoje Valdas Paulauskas gal\u0117jo padvigubinti \u017ealgirie\u010di\u0173 prana\u0161um\u0105, ta\u010diau pataik\u0117 \u012f skersin\u012f. Nepaisant to, kaunie\u010diai netrukus puol\u0117 triumfuoti, o geriausiu rungtyni\u0173 \u017eaid\u0117ju buvo i\u0161rinktas nugal\u0117toj\u0173 saugas Damjanas Pavlovi\u010dius.<\/p>\n<p>Primename, kad \u201eKauno \u017dalgiris\u201c d\u0117l \u0161io trof\u0117jaus kovojo kaip Lietuvos auk\u0161\u010diausios lygos \u010dempionas. Savo ruo\u017etu \u201ePanev\u0117\u017eys\u201c \u012f Supertaur\u0117s final\u0105 pateko kaip LFF taur\u0117s var\u017eyb\u0173 nugal\u0117tojas.<\/p>\n<p>\u012edomu tai, kad pirm\u0105 kart\u0105 nuo 2020-\u0173j\u0173 Supertaur\u0117s finale neprireik\u0117 11 m baudini\u0173 serijos. Net penkerius pastaruosius metus \u010dempionai paai\u0161k\u0117davo tik po laisv\u0173 sm\u016bgi\u0173 serij\u0173.<\/p>\n<p>Prie\u0161 tai Supertaur\u0117s finale \u201eKauno \u017dalgiris\u201c dalyvavo tik kart\u0105, kai Vilniuje po dramati\u0161kos baudini\u0173 serijos nusileido vietos \u201e\u017dalgiriui\u201c. Savo ruo\u017etu \u201ePanev\u0117\u017eys\u201c \u0161\u012f trof\u0117j\u0173 buvo i\u0161kovoj\u0119s 2021 ir 2024 m., o Supertaur\u0117s final\u0105 pralaim\u0117jo pirm\u0105 kart\u0105.<\/p>\n<p>Primename, kad art\u0117jant\u012f savaitgal\u012f prasid\u0117s ir atsinaujinusios TOPLYGOS sezonas, kur\u012f atidarys rungtyn\u0117s tarp Vilniaus \u201e\u017dalgirio\u201c ir Tel\u0161i\u0173 \u201eD\u017eiugo\u201c futbolinink\u0173. <\/p>\n","protected":false},"excerpt":{"rendered":"\u201eKauno \u017dalgiris\u201c po atkaklios bei aistringos kovos 1:0 (1:0) palau\u017e\u0117 \u201ePanev\u0117\u017eio\u201c futbolininkus. Manto Kalnie\u010dio vadovaujamai komandai tai yra&hellip;\n","protected":false},"author":2,"featured_media":107494,"comment_status":"","ping_status":"","sticky":false,"template":"","format":"standard","meta":{"footnotes":"","_share_on_mastodon":"0"},"categories":[6],"tags":[25,30,31,34,35,1701,2598,24,32,33,5034,20835,37,39,36,38,40,23,22,28,29,26,27],"class_list":["post-107493","post","type-post","status-publish","format-standard","has-post-thumbnail","category-antrastes","tag-antrastes","tag-breaking-news","tag-breakingnews","tag-featured-news","tag-featurednews","tag-fk-kauno-zalgiris","tag-fk-panevezys","tag-headlines","tag-latest-news","tag-latestnews","tag-lff","tag-lff-supertaure","tag-lietuva","tag-lietuviu","tag-lithuania","tag-lithuanian","tag-lt","tag-naujienos","tag-news","tag-populiariausios-naujienos","tag-populiariausiosnaujienos","tag-top-stories","tag-topstories"],"share_on_mastodon":{"url":"https:\/\/pubeurope.com\/@lt\/116081138268560076","error":""},"_links":{"self":[{"href":"https:\/\/www.europesays.com\/lt\/wp-json\/wp\/v2\/posts\/107493","targetHints":{"allow":["GET"]}}],"collection":[{"href":"https:\/\/www.europesays.com\/lt\/wp-json\/wp\/v2\/posts"}],"about":[{"href":"https:\/\/www.europesays.com\/lt\/wp-json\/wp\/v2\/types\/post"}],"author":[{"embeddable":true,"href":"https:\/\/www.europesays.com\/lt\/wp-json\/wp\/v2\/users\/2"}],"replies":[{"embeddable":true,"href":"https:\/\/www.europesays.com\/lt\/wp-json\/wp\/v2\/comments?post=107493"}],"version-history":[{"count":0,"href":"https:\/\/www.europesays.com\/lt\/wp-json\/wp\/v2\/posts\/107493\/revisions"}],"wp:featuredmedia":[{"embeddable":true,"href":"https:\/\/www.europesays.com\/lt\/wp-json\/wp\/v2\/media\/107494"}],"wp:attachment":[{"href":"https:\/\/www.europesays.com\/lt\/wp-json\/wp\/v2\/media?parent=107493"}],"wp:term":[{"taxonomy":"category","embeddable":true,"href":"https:\/\/www.europesays.com\/lt\/wp-json\/wp\/v2\/categories?post=107493"},{"taxonomy":"post_tag","embeddable":true,"href":"https:\/\/www.europesays.com\/lt\/wp-json\/wp\/v2\/tags?post=107493"}],"curies":[{"name":"wp","href":"https:\/\/api.w.org\/{rel}","templated":true}]}}