{"id":107687,"date":"2026-02-16T23:06:21","date_gmt":"2026-02-16T23:06:21","guid":{"rendered":"https:\/\/www.europesays.com\/lt\/107687\/"},"modified":"2026-02-16T23:06:21","modified_gmt":"2026-02-16T23:06:21","slug":"salia-judraus-ziedo-bus-statomas-verslo-centras-gautas-leidimas","status":"publish","type":"post","link":"https:\/\/www.europesays.com\/lt\/107687\/","title":{"rendered":"\u0160alia judraus \u017eiedo bus statomas verslo centras: gautas leidimas"},"content":{"rendered":"<p><a style=\"font-weight:bold;\" href=\"https:\/\/madeinvilnius.lt\/tema\/vilniaus-miesto-savivaldybe\/\" target=\"_blank\" rel=\"nofollow noopener\">Vilniaus miesto savivaldyb\u0117s<\/a> administracija, vasario m\u0117nes\u012f, i\u0161dav\u0117 statybos leidim\u0105 naujam verslo centrui \u0161alia Savanori\u0173 prospekto \u017eiedo (Savanori\u0173 pr. 116).<\/p>\n<p>\u201ePastato po\u017eeminiuose auk\u0161tuose numatoma po\u017eemin\u0117 automobili\u0173 saugykla su technin\u0117mis patalpomis ir lift\u0173 holu. Pastato po\u017eeminis auk\u0161tas, \u012f kur\u012f numatomos pagrindin\u0117s prieigos, projektuojamas ma\u017eesnio ploto nei kiti ant\u017eemin\u0117s dalies auk\u0161tai. Jame numatomas pastato priimamasis, kelios prekybos paskirties patalpos, dvira\u010di\u0173 saugykla. Administracinio pastato pirmame auk\u0161te numatytos visuomenin\u0117s\/ komercin\u0117s patalpos. \u0160ios patalpos tur\u0117s atskirus patekimus i\u0161 lauko ir gal\u0117s funkcionuoti nepriklausomai nuo biuro patalp\u0173.<\/p>\n<p>Pirmame \u2013 ketvirtame auk\u0161tuose numatomos biur\u0173 patalpos su konferencij\u0173 sal\u0117mis, sanitariniais mazgais ir pagalbin\u0117mis patalpomis\u201c, \u2013 apie b\u016bsim\u0105 statin\u012f ra\u0161oma projektiniuose si\u016blymuose.<\/p>\n<p>Administracin\u0117s paskirties pastate numatomos \u0161ios patalp\u0173 kategorijos:<\/p>\n<ul class=\"wp-block-list\">\n<li>Administracini\u0173 patalp\u0173 pagrindinis plotas (biurai, darbo vietos, pasitarim\u0173 patalpos) \u2013 3312,18m2;<\/li>\n<li>Specializuotos vienos preki\u0173 grup\u0117s prekybos sal\u0117s \u2013 223,57 m2;<\/li>\n<li>Bendro naudojimo plotas (recepcija, koridoriai, technin\u0117s patalpos, WC, ir pan.) \u2013 1712,48 m2;<\/li>\n<li>Automobili\u0173 saugykla \u2013 1788,55 m2.<\/li>\n<\/ul>\n<p>Planuojama, kad vienu metu pastate gal\u0117s dirbti iki 500 \u017emoni\u0173.<\/p>\n<p>Projekto techniniai parametrai<\/p>\n<ul class=\"wp-block-list\">\n<li>Planuojamo objekto adresas \u2013 Savanori\u0173 pr. 116, Vilkp\u0117d\u0117s seni\u016bnija;<\/li>\n<li>Sklypo plotas \u2013 2 479 m2;<\/li>\n<li>Ap\u017eeldintas sklypo plotas \u2013 619,75 m2 (25% sklypo ploto);<\/li>\n<li>Pastato bendras plotas \u2013 7 036,78 m2:\n<ul>\n<li>Ant\u017eeminis plotas \u2013 5 248,23 m2;<\/li>\n<\/ul>\n<ul class=\"wp-block-list\">\n<li>Po\u017eeminis plotas \u2013 1 788,55 m2;<\/li>\n<\/ul>\n<\/li>\n<li>Statinio auk\u0161tis \u2013 4 auk\u0161tai (iki 19,12m auk\u0161\u010dio);<\/li>\n<li>Pastato energetinio efektyvumo klas\u0117 \u2013 A++;<\/li>\n<li>Automobili\u0173 parkavimo viet\u0173 skai\u010dius \u2013 59 vnt. (po\u017eeminis parkavimas);<\/li>\n<li>Dvira\u010di\u0173 parkavimo viet\u0173 skai\u010dius \u2013 18 vnt.;<\/li>\n<li>Projekto vystytojas\/u\u017esakovas \u2013 UAB \u201eKronto\u201c;<\/li>\n<li>Projektinius si\u016blymus ruo\u0161\u0117 UAB \u201e313 Architects\u201c, projekto vadovas E. Romanovski.<\/li>\n<\/ul>\n<p><a href=\"https:\/\/madeinvilnius.lt\/wp-content\/uploads\/2025\/07\/projekto-vizualizacijos-1-26.jpg\" rel=\"nofollow noopener\" target=\"_blank\"><img loading=\"lazy\" decoding=\"async\" width=\"1024\" height=\"767\" data-id=\"309487\" src=\"https:\/\/www.europesays.com\/lt\/wp-content\/uploads\/2026\/02\/projekto-vizualizacijos-1-26-1024x767.jpg\" alt=\"\" class=\"wp-image-309487\"\/><\/a>Nuotr.: 313 Architects<a href=\"https:\/\/madeinvilnius.lt\/wp-content\/uploads\/2025\/07\/projekto-vizualizacijos-2-15-scaled.jpg\" rel=\"nofollow noopener\" target=\"_blank\"><img loading=\"lazy\" decoding=\"async\" width=\"1024\" height=\"767\" data-id=\"309485\" src=\"https:\/\/www.europesays.com\/lt\/wp-content\/uploads\/2026\/02\/projekto-vizualizacijos-2-15-1024x767.jpg\" alt=\"\" class=\"wp-image-309485\"\/><\/a>Nuotr.: 313 Architects<a href=\"https:\/\/madeinvilnius.lt\/wp-content\/uploads\/2025\/07\/projekto-vizualizacijos-3-8.jpg\" rel=\"nofollow noopener\" target=\"_blank\"><img loading=\"lazy\" decoding=\"async\" width=\"1024\" height=\"767\" data-id=\"309484\" src=\"https:\/\/www.europesays.com\/lt\/wp-content\/uploads\/2026\/02\/projekto-vizualizacijos-3-8-1024x767.jpg\" alt=\"\" class=\"wp-image-309484\"\/><\/a>Nuotr.: 313 Architects<a href=\"https:\/\/madeinvilnius.lt\/wp-content\/uploads\/2025\/07\/projekto-vizualizacijos-4-6-scaled.jpg\" rel=\"nofollow noopener\" target=\"_blank\"><img loading=\"lazy\" decoding=\"async\" width=\"1024\" height=\"767\" data-id=\"309488\" src=\"https:\/\/www.europesays.com\/lt\/wp-content\/uploads\/2026\/02\/projekto-vizualizacijos-4-6-1024x767.jpg\" alt=\"\" class=\"wp-image-309488\"\/><\/a>Nuotr.: 313 Architects<a href=\"https:\/\/madeinvilnius.lt\/wp-content\/uploads\/2025\/07\/projekto-vizualizacijos-6-2-scaled.jpg\" rel=\"nofollow noopener\" target=\"_blank\"><img loading=\"lazy\" decoding=\"async\" width=\"1024\" height=\"576\" data-id=\"309489\" src=\"https:\/\/www.europesays.com\/lt\/wp-content\/uploads\/2026\/02\/projekto-vizualizacijos-6-2-1024x576.jpg\" alt=\"\" class=\"wp-image-309489\"\/><\/a>Nuotr.: 313 Architects<a href=\"https:\/\/madeinvilnius.lt\/wp-content\/uploads\/2025\/07\/projekto-vizualizacijos-5-4-scaled.jpg\" rel=\"nofollow noopener\" target=\"_blank\"><img loading=\"lazy\" decoding=\"async\" width=\"1024\" height=\"577\" data-id=\"309486\" src=\"https:\/\/www.europesays.com\/lt\/wp-content\/uploads\/2026\/02\/projekto-vizualizacijos-5-4-1024x577.jpg\" alt=\"\" class=\"wp-image-309486\"\/><\/a>Nuotr.: 313 ArchitectsMadeinVilnius.lt informacij\u0105 skelbti, cituoti ar kitaip atgaminti visuomen\u0117s informavimo priemon\u0117se bei interneto tinklalapiuose be ra\u0161ti\u0161ko UAB \u201eNaujosios medijos grup\u0117s\u201c sutikimo neleid\u017eiama.<img decoding=\"async\" class=\"wp-image-10416 alignright\" src=\"https:\/\/www.europesays.com\/lt\/wp-content\/uploads\/2025\/11\/Made-In-Vilnius-main-RGB-e1665487819114.png\" alt=\"MadeinVilnius.lt\" width=\"100\" style=\"margin-right: 20px\"\/><\/p>\n","protected":false},"excerpt":{"rendered":"Vilniaus miesto savivaldyb\u0117s administracija, vasario m\u0117nes\u012f, i\u0161dav\u0117 statybos leidim\u0105 naujam verslo centrui \u0161alia Savanori\u0173 prospekto \u017eiedo (Savanori\u0173 pr.&hellip;\n","protected":false},"author":2,"featured_media":107688,"comment_status":"","ping_status":"","sticky":false,"template":"","format":"standard","meta":{"footnotes":"","_share_on_mastodon":"0"},"categories":[13],"tags":[25,30,31,34,35,24,32,33,37,39,36,38,40,1774,65,23,22,28,29,20870,26,27,6987],"class_list":["post-107687","post","type-post","status-publish","format-standard","has-post-thumbnail","category-lietuva","tag-antrastes","tag-breaking-news","tag-breakingnews","tag-featured-news","tag-featurednews","tag-headlines","tag-latest-news","tag-latestnews","tag-lietuva","tag-lietuviu","tag-lithuania","tag-lithuanian","tag-lt","tag-madeinvilnius","tag-naujiena","tag-naujienos","tag-news","tag-populiariausios-naujienos","tag-populiariausiosnaujienos","tag-savanoriu-prospektas","tag-top-stories","tag-topstories","tag-verslo-centras"],"share_on_mastodon":{"url":"https:\/\/pubeurope.com\/@lt\/116082821322886767","error":""},"_links":{"self":[{"href":"https:\/\/www.europesays.com\/lt\/wp-json\/wp\/v2\/posts\/107687","targetHints":{"allow":["GET"]}}],"collection":[{"href":"https:\/\/www.europesays.com\/lt\/wp-json\/wp\/v2\/posts"}],"about":[{"href":"https:\/\/www.europesays.com\/lt\/wp-json\/wp\/v2\/types\/post"}],"author":[{"embeddable":true,"href":"https:\/\/www.europesays.com\/lt\/wp-json\/wp\/v2\/users\/2"}],"replies":[{"embeddable":true,"href":"https:\/\/www.europesays.com\/lt\/wp-json\/wp\/v2\/comments?post=107687"}],"version-history":[{"count":0,"href":"https:\/\/www.europesays.com\/lt\/wp-json\/wp\/v2\/posts\/107687\/revisions"}],"wp:featuredmedia":[{"embeddable":true,"href":"https:\/\/www.europesays.com\/lt\/wp-json\/wp\/v2\/media\/107688"}],"wp:attachment":[{"href":"https:\/\/www.europesays.com\/lt\/wp-json\/wp\/v2\/media?parent=107687"}],"wp:term":[{"taxonomy":"category","embeddable":true,"href":"https:\/\/www.europesays.com\/lt\/wp-json\/wp\/v2\/categories?post=107687"},{"taxonomy":"post_tag","embeddable":true,"href":"https:\/\/www.europesays.com\/lt\/wp-json\/wp\/v2\/tags?post=107687"}],"curies":[{"name":"wp","href":"https:\/\/api.w.org\/{rel}","templated":true}]}}