{"id":107907,"date":"2026-02-17T07:58:04","date_gmt":"2026-02-17T07:58:04","guid":{"rendered":"https:\/\/www.europesays.com\/lt\/107907\/"},"modified":"2026-02-17T07:58:04","modified_gmt":"2026-02-17T07:58:04","slug":"virs-lietuvos-ryskus-dangaus-objekto-sprogimas-is-visos-salies-plusta-vaizdai","status":"publish","type":"post","link":"https:\/\/www.europesays.com\/lt\/107907\/","title":{"rendered":"Vir\u0161 Lietuvos \u2013 ry\u0161kus dangaus objekto sprogimas: i\u0161 visos \u0161alies pl\u016bsta vaizdai"},"content":{"rendered":"<p>Kaip portalui Delfi teig\u0117 Vilniaus universiteto astrofizik\u0117 Renata Minkevi\u010di\u016bt\u0117, bolido (meteoro) sprogim\u0105 \u012fam\u017eino ir Mol\u0117t\u0173 observatorija.<\/p>\n<p>    <img decoding=\"async\" src=\"https:\/\/www.europesays.com\/lt\/wp-content\/uploads\/2026\/02\/dbb35ef6-9b81-4b82-a689-79937d7652b6.jpg\" loading=\"lazy\" alt=\"Meteoro sprogimas danguje vir\u0161 Lietuvos\"\/>    <\/p>\n<p>Pasak R. Minkevi\u010di\u016bt\u0117s, \u0161iuo metu \u0160iaur\u0117s pusrutulyje joks ry\u0161kesnis meteor\u0173 lietus nevyksta.<\/p>\n<p>\u201ePana\u0161u, kad tai yra pavienis atsitiktinis bolidas\u201c, \u2013 Delfi teig\u0117 astrofizik\u0117. <\/p>\n<p>Gyventojai i\u0161 visos Lietuvos kosminio objekto sprogimo vaizdais \u0117m\u0117 dalintis \u201e<a rel=\"noopener nofollow\" target=\"_blank\" href=\"https:\/\/www.facebook.com\/groups\/oruentuziastai\/permalink\/2343833499414807\/?mibextid=wwXIfr&amp;rdid=qoN94mZDszA2TyZT#\" data-rel-date-range=\"[]\">Or\u0173 entuziast\u0173<\/a>\u201c grup\u0117je \u2013 ry\u0161kus \u017eybsnis buvo matomas nuo Alytaus iki Kupi\u0161kio.<\/p>\n<p>\u201eMat\u0117te meteor\u0105 19:39? Ry\u0161kiai \u017ealias, Alytuje mat\u0117si\u201c, \u2013 prane\u0161\u0117 gyventojas.<\/p>\n<p>\u201eVilnius, laikas tas pats\u201c, \u2013 vaizdais dalijosi skaitytojas Liudas. <\/p>\n<p>Jam antrino ir Utenos rajone tok\u012f pat\u012f vaizd\u0105 \u012fam\u017ein\u0119s Tadas. <\/p>\n<p>Bolido sprogimas buvo matomas ir Jurbarke, Naujojoje Akmen\u0117je, Kupi\u0161kio rajone, Bir\u017e\u0173 rajone bei kitose \u0161alies vietose. <\/p>\n<p>Kaip prane\u0161a \u201e<a rel=\"noopener nofollow\" target=\"_blank\" href=\"https:\/\/www.amsmeteors.org\/meteor-showers\/meteor-shower-calendar\/\" data-rel-date-range=\"[]\">American Meteor Society<\/a>\u201c,  vasario 3\u201320 dienomis Piet\u0173 pusrutulyje yra matomas Kentauro Alfos meteor\u0173 lietus, ta\u010diau \u0160iaur\u0117s pusrutulyje \u0161iuo metu meteorai matomi itin retai.<\/p>\n","protected":false},"excerpt":{"rendered":"Kaip portalui Delfi teig\u0117 Vilniaus universiteto astrofizik\u0117 Renata Minkevi\u010di\u016bt\u0117, bolido (meteoro) sprogim\u0105 \u012fam\u017eino ir Mol\u0117t\u0173 observatorija. Pasak R.&hellip;\n","protected":false},"author":2,"featured_media":107908,"comment_status":"","ping_status":"","sticky":false,"template":"","format":"standard","meta":{"footnotes":"","_share_on_mastodon":"0"},"categories":[6],"tags":[25,30,31,34,35,24,32,33,37,39,36,38,40,20892,20891,23,22,28,29,26,27],"class_list":["post-107907","post","type-post","status-publish","format-standard","has-post-thumbnail","category-antrastes","tag-antrastes","tag-breaking-news","tag-breakingnews","tag-featured-news","tag-featurednews","tag-headlines","tag-latest-news","tag-latestnews","tag-lietuva","tag-lietuviu","tag-lithuania","tag-lithuanian","tag-lt","tag-meteoritas","tag-meteoru-lietus","tag-naujienos","tag-news","tag-populiariausios-naujienos","tag-populiariausiosnaujienos","tag-top-stories","tag-topstories"],"share_on_mastodon":{"url":"https:\/\/pubeurope.com\/@lt\/116084913108144101","error":""},"_links":{"self":[{"href":"https:\/\/www.europesays.com\/lt\/wp-json\/wp\/v2\/posts\/107907","targetHints":{"allow":["GET"]}}],"collection":[{"href":"https:\/\/www.europesays.com\/lt\/wp-json\/wp\/v2\/posts"}],"about":[{"href":"https:\/\/www.europesays.com\/lt\/wp-json\/wp\/v2\/types\/post"}],"author":[{"embeddable":true,"href":"https:\/\/www.europesays.com\/lt\/wp-json\/wp\/v2\/users\/2"}],"replies":[{"embeddable":true,"href":"https:\/\/www.europesays.com\/lt\/wp-json\/wp\/v2\/comments?post=107907"}],"version-history":[{"count":0,"href":"https:\/\/www.europesays.com\/lt\/wp-json\/wp\/v2\/posts\/107907\/revisions"}],"wp:featuredmedia":[{"embeddable":true,"href":"https:\/\/www.europesays.com\/lt\/wp-json\/wp\/v2\/media\/107908"}],"wp:attachment":[{"href":"https:\/\/www.europesays.com\/lt\/wp-json\/wp\/v2\/media?parent=107907"}],"wp:term":[{"taxonomy":"category","embeddable":true,"href":"https:\/\/www.europesays.com\/lt\/wp-json\/wp\/v2\/categories?post=107907"},{"taxonomy":"post_tag","embeddable":true,"href":"https:\/\/www.europesays.com\/lt\/wp-json\/wp\/v2\/tags?post=107907"}],"curies":[{"name":"wp","href":"https:\/\/api.w.org\/{rel}","templated":true}]}}