{"id":10793,"date":"2025-10-05T10:50:07","date_gmt":"2025-10-05T10:50:07","guid":{"rendered":"https:\/\/www.europesays.com\/lt\/10793\/"},"modified":"2025-10-05T10:50:07","modified_gmt":"2025-10-05T10:50:07","slug":"uz-viesa-zodine-agresija-neapykantos-kalba-siuloma-bausti-iki-1-metu-laisves-atemimu-respublika-lt","status":"publish","type":"post","link":"https:\/\/www.europesays.com\/lt\/10793\/","title":{"rendered":"U\u017e vie\u0161\u0105 \u017eodin\u0119 agresij\u0105, neapykantos kalb\u0105 si\u016bloma bausti iki 1 met\u0173 laisv\u0117s at\u0117mimu &#8211; Respublika.lt"},"content":{"rendered":"<p><img loading=\"lazy\" decoding=\"async\" src=\"https:\/\/www.respublika.lt\/lt\/naujienos\/lietuva\/kitos-lietuvos-zinios\/uz-viesa-zodine-agresija-neapykantos-kalba-siuloma-bausti-iki-1-metu-laisves-atemimu\/images\/ico_camera_white.gif\" class=\"camera\" width=\"22\" height=\"15\" alt=\"nuotr.\" style=\"position:relative; top:-2px; right:2px;\"\/> 1 nuotr.<\/p>\n<p>Ignas V\u0117g\u0117l\u0117. Eltos nuotr.<\/p>\n<p style=\"text-align: justify;\" class=\"desktop_banner\">\u00a0<\/p>\n<p style=\"text-align: left;\">\u00a0<\/p>\n<p style=\"text-align: left;\">Jei Seimas pritart\u0173 jo iniciatyvai, u\u017e grasinim\u0105 nu\u017eudyti ar sunkiai sutrikdyti \u017emogaus sveikat\u0105, taip pat ir u\u017e \u017emogaus terorizavim\u0105 b\u016bt\u0173 baud\u017eiama vie\u0161aisiais darbais arba bauda, arba laisv\u0117s apribojimu, arba are\u0161tu, arba laisv\u0117s at\u0117mimu iki 1 met\u0173.<\/p>\n<p style=\"text-align: left;\">\u201eSi\u016blau kriminalizuoti veik\u0105, kai asmuo per visuomen\u0117s informavimo priemones vie\u0161ai grasina nu\u017eudyti ar sunkiai sutrikdyti kito \u017emogaus sveikat\u0105, ragina tai padaryti arba kursto smurtauti. Tokia itin pavojinga veika \u0161iuo metu n\u0117ra baud\u017eiama pagal baud\u017eiam\u0105sias teis\u0117s normas, tod\u0117l egzistuoja ai\u0161ki spraga\u201c, \u2013 sako Baud\u017eiamojo kodekso (BK) pataisas \u012fregistrav\u0119s I. V\u0117g\u0117l\u0117.<\/p>\n<p style=\"text-align: left;\">Vie\u0161as grasinimas ar smurto kurstymas, ypa\u010d pasitelkiant visuomen\u0117s informavimo priemones, anot jo, daro reik\u0161ming\u0105 poveik\u012f ne tik konkretaus \u017emogaus saugumui, bet ir visai visuomenei, jos rim\u010diai. Ta\u010diau \u0161iuo metu grasinimai prie\u0161 konkret\u0173 asmen\u012f, I. V\u0117g\u0117l\u0117s teigimu, sukelia atsakomyb\u0119 tik tuo atveju, jeigu egzistuoja pagr\u012fsta tikimyb\u0117, kad asmuo gali arba ketina \u012fgyvendinti savo grasinimus.<\/p>\n<p style=\"text-align: left;\">Seimo Teis\u0117s ir teis\u0117tvarkos komiteto (TTK) narys I. V\u0117g\u0117l\u0117 taip pat si\u016blo nuo 3 iki 4 met\u0173 padidinti maksimali\u0105 laisv\u0117s at\u0117mimo bausm\u0119 u\u017e kurstym\u0105 prie\u0161 bet kokios tautos, ras\u0117s, etnin\u0119, religin\u0119 ar kitoki\u0105 \u017emoni\u0173 grup\u0119.<\/p>\n<p style=\"text-align: left;\">\u201e\u0160ios veikos pasi\u017eymi sisteminiu, neretai ideologiniu pob\u016bd\u017eiu, yra orientuotos \u012f visuomen\u0117s nari\u0173 skaldym\u0105, neapykantos skatinim\u0105 ir socialin\u0117s tvarkos destabilizavim\u0105. Pastaraisiais metais \u0161ios veikos vis da\u017eniau realizuojamos pasitelkiant skaitmeninius kanalus ir turi pla\u010di\u0105 auditorij\u0105. Jas b\u016btina priskirti apysunkiams nusikaltimams (\u2026) ir d\u0117l to, kad jie skatina \u012fvykdyti kitus sunkius ir itin sunkius nusikaltimus, susijusius su \u017emogaus gyvybe ir sveikata\u201c, \u2013 dokumento ai\u0161kinamajame ra\u0161te sako projekto autorius.<\/p>\n<p style=\"text-align: left;\">Seimo nario I. V\u0117g\u0117l\u0117s nuomone, teisin\u0117je sistemoje b\u016btina u\u017etikrinti veiksming\u0105 \u017emogaus teisi\u0173 apsaug\u0105 tiek vie\u0161ojoje erdv\u0117je, tiek skaitmenin\u0117je komunikacijoje.<\/p>\n<p style=\"text-align: left;\">\u201eRemiantis Europos \u017dmogaus Teisi\u0173 Teismo (E\u017dTT) praktika, savirai\u0161kos laisv\u0117s \u012fgyvendinimas internete turi b\u016bti vertinamas kompleksi\u0161kai \u2013 pripa\u017e\u012fstant tiek \u0161ios erdv\u0117s reik\u0161ming\u0105 ind\u0117l\u012f \u012f demokratin\u0119 visuomen\u0119, tiek jos keliamas rizikas. Nors internetas suteikia precedento neturin\u010dias galimybes skleisti informacij\u0105 ir dalyvauti vie\u0161ajame diskurse, E\u017dTT ai\u0161kiai pa\u017eym\u0117jo, kad \u0161i\u0105 erdv\u0119 lydi padidinta gr\u0117sm\u0117 \u017emogaus teis\u0117ms, nes neteis\u0117tas turinys, \u012fskaitant smurt\u0105 skatinan\u010dius ar neapykant\u0105 kurstan\u010dius pasisakymus, gali b\u016bti paskleistas itin greitai ir pla\u010diai\u201c, \u2013 pastebi I. V\u0117g\u0117l\u0117.\u00a0<\/p>\n<p style=\"text-align: left;\">Anot jo,\u00a0 akivaizdu, kad grasinimai ir neapykantos kurstymas, ypa\u010d kai tai vyksta vie\u0161ai per visuomen\u0117s informavimo priemones ar skaitmenines platformas, gali virsti realiais, gyvybei pavojingais veiksmais.\u00a0<\/p>\n<p style=\"text-align: left;\">\u201e\u0160iuolaikin\u0117je informacin\u0117je erdv\u0117je \u017eodin\u0117 agresija, skleid\u017eiama per socialinius tinklus, naujien\u0173 portalus ar kitas masinio pasiekiamumo priemones, pasiekia itin pla\u010di\u0105 auditorij\u0105, formuoja agresyvias nuotaikas visuomen\u0117je, skatina tiesiogin\u0119 agresij\u0105 ir kit\u0173 nusikaltim\u0173 darym\u0105. Tragedijos, kuriose panaudojami ginklai ar kitos smurtin\u0117s priemon\u0117s, da\u017enai prasideda nuo \u017eodini\u0173 grasinim\u0173, \u0161mei\u017eto, neapykantos. (&#8230;) Si\u016blomu teisiniu reguliavimu, ai\u0161kiai draud\u017eian\u010diu tokias veikas ir grie\u017etinan\u010diu atsakomyb\u0119 u\u017e jas, siekiama u\u017ekirsti keli\u0105 smurtui dar iki jam \u012fvykstant\u201c, \u2013 sako I. V\u0117g\u0117l\u0117.\u00a0<\/p>\n<p style=\"text-align: left;\">Jo teigimu, parengti min\u0117tas BK pataisas paskatino ir \u0161i\u0173 met\u0173 rugs\u0117jo m\u0117nesio \u012fvykiai Jungtin\u0117se Amerikos Valstijose (JAV), kai buvo nu\u0161autas JAV de\u0161ini\u0173j\u0173 pa\u017ei\u016br\u0173 aktyvistas Charlie Kirkas.<\/p>\n","protected":false},"excerpt":{"rendered":"1 nuotr. Ignas V\u0117g\u0117l\u0117. Eltos nuotr. \u00a0 \u00a0 Jei Seimas pritart\u0173 jo iniciatyvai, u\u017e grasinim\u0105 nu\u017eudyti ar sunkiai&hellip;\n","protected":false},"author":2,"featured_media":10794,"comment_status":"","ping_status":"","sticky":false,"template":"","format":"standard","meta":{"footnotes":""},"categories":[15],"tags":[25,4075,30,31,34,35,4076,24,2363,32,33,37,39,36,38,40,23,22,44,28,29,128,4016,26,27,74,75,76,979],"class_list":{"0":"post-10793","1":"post","2":"type-post","3":"status-publish","4":"format-standard","5":"has-post-thumbnail","7":"category-pasaulis","8":"tag-antrastes","9":"tag-atsakomybe","10":"tag-breaking-news","11":"tag-breakingnews","12":"tag-featured-news","13":"tag-featurednews","14":"tag-grasinimai","15":"tag-headlines","16":"tag-kodeksas","17":"tag-latest-news","18":"tag-latestnews","19":"tag-lietuva","20":"tag-lietuviu","21":"tag-lithuania","22":"tag-lithuanian","23":"tag-lt","24":"tag-naujienos","25":"tag-news","26":"tag-pasaulis","27":"tag-populiariausios-naujienos","28":"tag-populiariausiosnaujienos","29":"tag-seimas","30":"tag-smurtas","31":"tag-top-stories","32":"tag-topstories","33":"tag-world","34":"tag-world-news","35":"tag-worldnews","36":"tag-ziniasklaida"},"share_on_mastodon":{"url":"","error":""},"_links":{"self":[{"href":"https:\/\/www.europesays.com\/lt\/wp-json\/wp\/v2\/posts\/10793","targetHints":{"allow":["GET"]}}],"collection":[{"href":"https:\/\/www.europesays.com\/lt\/wp-json\/wp\/v2\/posts"}],"about":[{"href":"https:\/\/www.europesays.com\/lt\/wp-json\/wp\/v2\/types\/post"}],"author":[{"embeddable":true,"href":"https:\/\/www.europesays.com\/lt\/wp-json\/wp\/v2\/users\/2"}],"replies":[{"embeddable":true,"href":"https:\/\/www.europesays.com\/lt\/wp-json\/wp\/v2\/comments?post=10793"}],"version-history":[{"count":0,"href":"https:\/\/www.europesays.com\/lt\/wp-json\/wp\/v2\/posts\/10793\/revisions"}],"wp:featuredmedia":[{"embeddable":true,"href":"https:\/\/www.europesays.com\/lt\/wp-json\/wp\/v2\/media\/10794"}],"wp:attachment":[{"href":"https:\/\/www.europesays.com\/lt\/wp-json\/wp\/v2\/media?parent=10793"}],"wp:term":[{"taxonomy":"category","embeddable":true,"href":"https:\/\/www.europesays.com\/lt\/wp-json\/wp\/v2\/categories?post=10793"},{"taxonomy":"post_tag","embeddable":true,"href":"https:\/\/www.europesays.com\/lt\/wp-json\/wp\/v2\/tags?post=10793"}],"curies":[{"name":"wp","href":"https:\/\/api.w.org\/{rel}","templated":true}]}}