{"id":108696,"date":"2026-02-18T07:38:03","date_gmt":"2026-02-18T07:38:03","guid":{"rendered":"https:\/\/www.europesays.com\/lt\/108696\/"},"modified":"2026-02-18T07:38:03","modified_gmt":"2026-02-18T07:38:03","slug":"kanada-pristate-plana-priklausomybei-nuo-jav-mazinti","status":"publish","type":"post","link":"https:\/\/www.europesays.com\/lt\/108696\/","title":{"rendered":"Kanada pristat\u0117 plan\u0105 priklausomybei nuo JAV ma\u017einti"},"content":{"rendered":"<p>\u201eTai l\u0117m\u0117 pa\u017eeid\u017eiamum\u0105, kurio mes nebegalime sau leisti, ir priklausomyb\u0119, kurios nebegalime i\u0161laikyti\u201c, \u2013 pa\u017eym\u0117jo jis.<\/p>\n<p>M. Carney biuro duomenimis, naujoji gynybos strategija numato daugiau kaip pus\u0119 trilijono Kanados doleri\u0173 (apie 308 mlrd. eur\u0173) \u201esaugumui, ekonominei gerovei ir Kanados suverenumui\u201c. Per ateinan\u010dius de\u0161imt met\u0173 180 mlrd. doleri\u0173 bus skirta pirkimams gynybos srityje, o 290 mlrd. \u2013 vie\u0161osioms investicijoms, susijusioms su gynyba. Be to, nauja strategija leis sukurti 125 t\u016bkst. gerai apmokam\u0173 darbo viet\u0173.<\/p>\n<p>Planas numato \u0161alies gynybos paj\u0117gum\u0173 stiprinim\u0105 sausumoje, vandenyje ir ore, sak\u0117 M. Carney.<\/p>\n<p>\u201ePasaulis pasikeit\u0117, taigi ir Kanada turi keistis\u201c, \u2013 prid\u016br\u0117 jis.<\/p>\n<p>M. Carney yra vienas tarptautini\u0173 bals\u0173, grie\u017etai kritikuojan\u010di\u0173 JAV prezident\u0105 Donald\u0105 Trump\u0105. Pasaulio ekonomikos forume Davose pra\u0117jus\u012f m\u0117nes\u012f jis parei\u0161k\u0117, kad D. Trumpas\u00a0\u00a0suk\u0117l\u0117 \u201el\u016b\u017e\u012f\u201c taisykl\u0117mis gr\u012fstoje pasaulio tvarkoje.<\/p>\n<p>Antradien\u012f M. Carney u\u017esimin\u0117 apie JAV valstyb\u0117s sekretoriaus Marco Rubi kalb\u0105 Miuncheno saugumo konferencijoje pra\u0117jusi\u0105 savait\u0119 ir konstatavo did\u0117jan\u010di\u0105 praraj\u0105 tarp JAV ir Kanados vertybi\u0173.<\/p>\n<p>Pristat\u0119s gynybos plan\u0105, M. Carney , tur\u0117damas omenyje M. Rubio parei\u0161kim\u0105 apie \u201ekrik\u0161\u010dioni\u0161k\u0105 nacionalizm\u0105\u201c JAV, \u017eurnalistams sak\u0117: \u201eKanados nacionalizmas yra pilietinis nacionalizmas\u201c, o jo vyriausyb\u0117s u\u017eduotis yra ginti vis\u0173 \u017emoni\u0173 teises did\u017eiul\u0117je ir \u012fvairialyp\u0117je \u0161alyje.<\/p>\n<p>Miunchene M. Rubio pabr\u0117\u017e\u0117, kad \u201eVakar\u0173 civilizacij\u0105\u201c apibr\u0117\u017eia \u201ekrik\u0161\u010dioni\u0161kas tik\u0117jimas, kult\u016bra, paveldas, kalba, kilm\u0117 ir m\u016bs\u0173 prot\u0117vi\u0173 aukos\u201c.<\/p>\n","protected":false},"excerpt":{"rendered":"\u201eTai l\u0117m\u0117 pa\u017eeid\u017eiamum\u0105, kurio mes nebegalime sau leisti, ir priklausomyb\u0119, kurios nebegalime i\u0161laikyti\u201c, \u2013 pa\u017eym\u0117jo jis. M. Carney&hellip;\n","protected":false},"author":2,"featured_media":108697,"comment_status":"","ping_status":"","sticky":false,"template":"","format":"standard","meta":{"footnotes":"","_share_on_mastodon":"0"},"categories":[15],"tags":[25,30,31,34,35,24,223,350,32,33,37,39,36,38,40,4564,23,22,44,28,29,26,27,74,75,76],"class_list":["post-108696","post","type-post","status-publish","format-standard","has-post-thumbnail","category-pasaulis","tag-antrastes","tag-breaking-news","tag-breakingnews","tag-featured-news","tag-featurednews","tag-headlines","tag-jav","tag-kanada","tag-latest-news","tag-latestnews","tag-lietuva","tag-lietuviu","tag-lithuania","tag-lithuanian","tag-lt","tag-markas-carney","tag-naujienos","tag-news","tag-pasaulis","tag-populiariausios-naujienos","tag-populiariausiosnaujienos","tag-top-stories","tag-topstories","tag-world","tag-world-news","tag-worldnews"],"share_on_mastodon":{"url":"https:\/\/pubeurope.com\/@lt\/116090496816255854","error":""},"_links":{"self":[{"href":"https:\/\/www.europesays.com\/lt\/wp-json\/wp\/v2\/posts\/108696","targetHints":{"allow":["GET"]}}],"collection":[{"href":"https:\/\/www.europesays.com\/lt\/wp-json\/wp\/v2\/posts"}],"about":[{"href":"https:\/\/www.europesays.com\/lt\/wp-json\/wp\/v2\/types\/post"}],"author":[{"embeddable":true,"href":"https:\/\/www.europesays.com\/lt\/wp-json\/wp\/v2\/users\/2"}],"replies":[{"embeddable":true,"href":"https:\/\/www.europesays.com\/lt\/wp-json\/wp\/v2\/comments?post=108696"}],"version-history":[{"count":0,"href":"https:\/\/www.europesays.com\/lt\/wp-json\/wp\/v2\/posts\/108696\/revisions"}],"wp:featuredmedia":[{"embeddable":true,"href":"https:\/\/www.europesays.com\/lt\/wp-json\/wp\/v2\/media\/108697"}],"wp:attachment":[{"href":"https:\/\/www.europesays.com\/lt\/wp-json\/wp\/v2\/media?parent=108696"}],"wp:term":[{"taxonomy":"category","embeddable":true,"href":"https:\/\/www.europesays.com\/lt\/wp-json\/wp\/v2\/categories?post=108696"},{"taxonomy":"post_tag","embeddable":true,"href":"https:\/\/www.europesays.com\/lt\/wp-json\/wp\/v2\/tags?post=108696"}],"curies":[{"name":"wp","href":"https:\/\/api.w.org\/{rel}","templated":true}]}}