{"id":108805,"date":"2026-02-18T09:12:52","date_gmt":"2026-02-18T09:12:52","guid":{"rendered":"https:\/\/www.europesays.com\/lt\/108805\/"},"modified":"2026-02-18T09:12:52","modified_gmt":"2026-02-18T09:12:52","slug":"po-apklausos-stt-saulius-skvernelis-sako-nenorintis-buti-nasta-partijai-sprendimai-kita-savaite-respublika-lt","status":"publish","type":"post","link":"https:\/\/www.europesays.com\/lt\/108805\/","title":{"rendered":"Po apklausos STT Saulius Skvernelis sako nenorintis b\u016bti na\u0161ta partijai, sprendimai \u2013 kit\u0105 savait\u0119 &#8211; Respublika.lt"},"content":{"rendered":"<p><img loading=\"lazy\" decoding=\"async\" src=\"https:\/\/www.respublika.lt\/lt\/naujienos\/lietuva\/lietuvos_politika\/po-apklausos-stt-saulius-skvernelis-sako-nenorintis-buti-nasta-partijai-sprendimai---kita-savaite\/images\/ico_camera_white.gif\" class=\"camera\" width=\"22\" height=\"15\" alt=\"nuotr.\" style=\"position:relative; top:-2px; right:2px;\"\/> 1 nuotr.<\/p>\n<p>Saulius Skvernelis. Eltos nuotr.<\/p>\n<p style=\"text-align: justify;\" class=\"desktop_banner\">\u00a0<\/p>\n<p style=\"text-align: left;\">\u00a0<\/p>\n<p style=\"text-align: left;\">\u201eTikrai jau\u010diu bendruomen\u0117s palaikym\u0105, bet suprantu, kad istorija, kuri jau yra \u012fvykusi, jau sudav\u0117 did\u017eiul\u012f sm\u016bg\u012f (&#8230;) Tai yra silpna vieta, kuri\u0105 oponentai gali i\u0161naudoti, b\u016bt\u0173 keista, jei nei\u0161naudot\u0173. D\u0117l to esu numat\u0119s variant\u0105 A, B, C. Juos svarstysime valdyboje 23 dien\u0105&#8221;, &#8211; \u017eurnalistams po apklausos teig\u0117 S. Skvernelis.<\/p>\n<p style=\"text-align: left;\">\u201e\u0160iandien mano emocin\u0117 b\u016bkl\u0117 yra tokia, kad a\u0161 nenor\u0117\u010diau b\u016bti akmuo po kaklu partijai (&#8230;) Visko gali b\u016bti, palaukime&#8221;, &#8211; akcentavo jis.<\/p>\n<p style=\"text-align: left;\">Politikas sako esantis pasiruo\u0161\u0119s ir toliau t\u0119sti darb\u0105, ir trauktis i\u0161 partijos pirmininko pareig\u0173. Vis tik, S. Skvernelio nuomone, jo atsiribojimas nuo partijos gali tapti privalumu ginantis teisi\u0161kai.<\/p>\n<p style=\"text-align: left;\">\u201eNenoriu, kad d\u0117l mano problem\u0173 kent\u0117t\u0173 4 t\u016bkst. \u017emoni\u0173, kurie i\u0161rei\u0161k\u0117 man stipr\u0173 palaikym\u0105, tai man yra svarbu. \u017di\u016briu \u012f partijos ateit\u012f ir perspektyv\u0105, o \u012f savo politin\u0119 perspektyv\u0105 \u017ei\u016briu ma\u017eiausiai. Mes diskutuosime su pavaduotojais, skyri\u0173 pirmininkais, valdybos nariais ir priimsime sprendim\u0105. A\u0161 esu pasiruo\u0161\u0119s visiems sprendimams: ir toliau t\u0119sti darb\u0105, ir priimti kardinalius sprendimus&#8221;, &#8211; d\u0117st\u0117 jis.<\/p>\n<p style=\"text-align: left;\">\u201eGalb\u016bt mano padaryti sprendimai, kalbant apie atsitraukim\u0105 \u012f \u0161on\u0105, pad\u0117t\u0173 ir teisine prasme lengviau gintis. Auk\u0161\u010diausi\u0173 \u0161alies pareig\u016bn\u0173 pozicija jau yra i\u0161sakyta, kad viskas jau yra ai\u0161ku&#8221;, &#8211; pabr\u0117\u017e\u0117 S. Skvernelis.<\/p>\n<p style=\"text-align: left;\">Tuo metu Speciali\u0173j\u0173 tyrim\u0173 tarnybos (STT) apklausos metu politikas sako pakartoj\u0119s, jog n\u0117ra padar\u0119s nusikalstamos veikos, minimos \u0161ios bylos nutarime.<\/p>\n<p style=\"text-align: left;\">\u201ePasakiau esmines aplinkybes, kurios susijusios su prokuroro nutarimu apklausti mane kaip special\u0173j\u012f liudytoj\u0105. Pakartojau labai ai\u0161kiai, kategori\u0161kai, kad jokios nusikalstamos veikos, kuri yra pamin\u0117ta nutarime nesu padar\u0119s ir ai\u0161kiai i\u0161d\u0117s\u010diau, kad negali b\u016bti joki\u0173 aplinkybi\u0173 tikr\u0173, netikr\u0173, menam\u0173 apie ka\u017ekok\u012f mano politin\u012f po\u017ei\u016br\u012f arba palankum\u0105 ne tik \u0161ioje istorijoje minimai tarnybai, bet apskritai visam \u017eem\u0117s \u016bkio sektoriui&#8221;, &#8211; d\u0117st\u0117 S. Skvernelis.<\/p>\n<p style=\"text-align: left;\">\u201eMes kartu pradirbome 10 m\u0117nesi\u0173, kada ji buvo patar\u0117ja Seime. Ir d\u0117l patar\u0117jos darbo jai neturiu joki\u0173 pretenzij\u0173. Ji n\u0117ra ir nebuvo teis\u0117s patar\u0117ja, kaip \u010dia irgi bandoma kalb\u0117ti. Santykiai yra geri, draugi\u0161ki ir kolegi\u0161ki&#8221;, &#8211; akcentavo jis, paklaustas apie santyk\u012f su buvusia savo patar\u0117ja Agne Silickiene.<\/p>\n<p style=\"text-align: left;\">Vis tik S. Skvernelis nemano, kad d\u0117l \u0161ios bylos jam prireiks panaikinti teisin\u0119 nelie\u010diamyb\u0119.<\/p>\n<p style=\"text-align: left;\">\u201eManau, kad ne. Net ir tuos procesinius veiksmus, kuriuos dar\u0117, kalbant apie krat\u0105 (&#8230;) galb\u016bt buvo galima pasiekti rezultatus ir padarant po\u0117m\u012f. A\u0161 tuos telefonus, kompiuterius, visk\u0105, kas yra paimta, b\u016b\u010diau pats atne\u0161\u0119s ir neb\u016bt\u0173 reik\u0117j\u0119 t\u0173 veiksm\u0173 daryti. Kaip bus toliau, tikrai sunku sp\u0117lioti&#8221;, &#8211; tikino parlamentaras.<\/p>\n<p style=\"text-align: left;\">Kaip skelbta, tirdama itin didelio masto korupcijos byl\u0105 STT pra\u0117jus\u012f pirmadien\u012f atliko kratas Seime. Seimo pirmininkas Juozas Olekas patvirtino, kad pareig\u016bnai procesinius veiksmus atliko Demokrat\u0173 s\u0105jungos \u201eVardan Lietuvos&#8221; lyderio S. Skvernelio ir konservatori\u0173 frakcijai Seime priklausan\u010dio Kazio Starkevi\u010diaus kabinetuose.<\/p>\n<p style=\"text-align: left;\">Kratos buvo atliktos ir min\u0117t\u0173 parlamentar\u0173 gyvenamosiose vietose. Anot prokuroro Art\u016bro Urbelio, vykdant ikiteismin\u012f tyrim\u0105, kratos buvo atliktos siekiant patikrinti versij\u0105, ar galimai korupciniai veiksmai gal\u0117jo b\u016bti susij\u0119 su politiniu palankumu.<\/p>\n<p style=\"text-align: left;\">Teis\u0117sauga skelb\u0117, kad politikus sieks apklausti kaip specialiuosius liudytojus. K. Starkevi\u010dius pra\u0117jusi\u0105 savait\u0119 STT atsisak\u0117 duoti parodymus.<\/p>\n<p style=\"text-align: left;\">Demokrat\u0173 s\u0105junga \u201eVardan Lietuvos&#8221; pra\u0117jusi\u0105 savait\u0119 i\u0161rei\u0161k\u0117 pasitik\u0117jim\u0105 partijos pirmininku S. Skverneliu. K. Starkevi\u010dius prane\u0161\u0117 laikinai stabdantis naryst\u0119 TS-LKD.<\/p>\n<p style=\"text-align: left;\">ELTA primena, kad nauja valdan\u010dioji dauguma susiformavo pernai rugpj\u016bt\u012f, kai i\u0161 premjero pareig\u0173 pasitrauk\u0117 Gintautas Paluckas. Iki tol Demokrat\u0173 s\u0105junga \u201eVardan Lietuvos&#8221; priklaus\u0117 valdan\u010diajai koalicijai.<\/p>\n<p style=\"text-align: left;\">\u00a0<\/p>\n","protected":false},"excerpt":{"rendered":"1 nuotr. Saulius Skvernelis. Eltos nuotr. \u00a0 \u00a0 \u201eTikrai jau\u010diu bendruomen\u0117s palaikym\u0105, bet suprantu, kad istorija, kuri jau&hellip;\n","protected":false},"author":2,"featured_media":108806,"comment_status":"","ping_status":"","sticky":false,"template":"","format":"standard","meta":{"footnotes":"","_share_on_mastodon":"0"},"categories":[13],"tags":[25,359,30,31,34,35,24,32,33,37,39,36,38,40,23,22,28,29,834,997,26,27],"class_list":["post-108805","post","type-post","status-publish","format-standard","has-post-thumbnail","category-lietuva","tag-antrastes","tag-apklausa","tag-breaking-news","tag-breakingnews","tag-featured-news","tag-featurednews","tag-headlines","tag-latest-news","tag-latestnews","tag-lietuva","tag-lietuviu","tag-lithuania","tag-lithuanian","tag-lt","tag-naujienos","tag-news","tag-populiariausios-naujienos","tag-populiariausiosnaujienos","tag-skvernelis","tag-stt","tag-top-stories","tag-topstories"],"share_on_mastodon":{"url":"https:\/\/pubeurope.com\/@lt\/116090870439919309","error":""},"_links":{"self":[{"href":"https:\/\/www.europesays.com\/lt\/wp-json\/wp\/v2\/posts\/108805","targetHints":{"allow":["GET"]}}],"collection":[{"href":"https:\/\/www.europesays.com\/lt\/wp-json\/wp\/v2\/posts"}],"about":[{"href":"https:\/\/www.europesays.com\/lt\/wp-json\/wp\/v2\/types\/post"}],"author":[{"embeddable":true,"href":"https:\/\/www.europesays.com\/lt\/wp-json\/wp\/v2\/users\/2"}],"replies":[{"embeddable":true,"href":"https:\/\/www.europesays.com\/lt\/wp-json\/wp\/v2\/comments?post=108805"}],"version-history":[{"count":0,"href":"https:\/\/www.europesays.com\/lt\/wp-json\/wp\/v2\/posts\/108805\/revisions"}],"wp:featuredmedia":[{"embeddable":true,"href":"https:\/\/www.europesays.com\/lt\/wp-json\/wp\/v2\/media\/108806"}],"wp:attachment":[{"href":"https:\/\/www.europesays.com\/lt\/wp-json\/wp\/v2\/media?parent=108805"}],"wp:term":[{"taxonomy":"category","embeddable":true,"href":"https:\/\/www.europesays.com\/lt\/wp-json\/wp\/v2\/categories?post=108805"},{"taxonomy":"post_tag","embeddable":true,"href":"https:\/\/www.europesays.com\/lt\/wp-json\/wp\/v2\/tags?post=108805"}],"curies":[{"name":"wp","href":"https:\/\/api.w.org\/{rel}","templated":true}]}}