{"id":108973,"date":"2026-02-18T12:38:41","date_gmt":"2026-02-18T12:38:41","guid":{"rendered":"https:\/\/www.europesays.com\/lt\/108973\/"},"modified":"2026-02-18T12:38:41","modified_gmt":"2026-02-18T12:38:41","slug":"ergo-planuoja-atleisti-tukstanti-darbuotoju-juos-pakeis-di-respublika-lt","status":"publish","type":"post","link":"https:\/\/www.europesays.com\/lt\/108973\/","title":{"rendered":"\u201eErgo\u201c planuoja atleisti t\u016bkstant\u012f darbuotoj\u0173 \u2013 juos pakeis DI &#8211; Respublika.lt"},"content":{"rendered":"<p>    \u00d7<\/p>\n<p>    (1\/1) Viena i\u0161 did\u017eiausi\u0173 Vokietijos draudimo bendrovi\u0173 \u201eErgo\u201c iki 2030 m. atleis t\u016bkstant\u012f darbuotoj\u0173, nes ketina vis pla\u010diau naudoti dirbtin\u012f intelekt\u0105. Ergo.com <a href=\"https:\/\/www.respublika.lt\/uploads\/img\/catalog\/1\/photo_1_80982052.jpg\" class=\"swiper-photo-download\" download=\"\" rel=\"nofollow noopener\" target=\"_blank\">Atsisi\u0173sti<\/a><\/p>\n<p><img loading=\"lazy\" decoding=\"async\" src=\"https:\/\/www.respublika.lt\/lt\/naujienos\/pasaulis\/kitos_pasaulio_naujienos\/ergo-planuoja-atleisti-tukstanti-darbuotoju---juos-pakeis-di\/images\/ico_camera_white.gif\" class=\"camera\" width=\"22\" height=\"15\" alt=\"nuotr.\" style=\"position:relative; top:-2px; right:2px;\"\/> 1 nuotr.<\/p>\n<p>Viena i\u0161 did\u017eiausi\u0173 Vokietijos draudimo bendrovi\u0173 \u201eErgo\u201c iki 2030 m. atleis t\u016bkstant\u012f darbuotoj\u0173, nes ketina vis pla\u010diau naudoti dirbtin\u012f intelekt\u0105. Ergo.com<\/p>\n<p style=\"text-align: left;\">Viena i\u0161 did\u017eiausi\u0173 Vokietijos draudimo bendrovi\u0173 \u201eErgo\u201c iki 2030 m. atleis t\u016bkstant\u012f darbuotoj\u0173, nes ketina vis pla\u010diau naudoti dirbtin\u012f intelekt\u0105, antradien\u012f prane\u0161\u0117 bendrov\u0117s atstovai.<\/p>\n<p style=\"text-align: justify;\" class=\"desktop_banner\">\u00a0<\/p>\n<p style=\"text-align: left;\">\u00a0<\/p>\n<p style=\"text-align: left;\">Bendrov\u0117s \u201eMunich Re\u201c dukterin\u0117 \u012fmon\u0117, kurioje \u0161iuo metu dirba 15 t\u016bkst. darbuotoj\u0173, sieks per metus panaikinti 200 etat\u0173, \u201eintensyviau naudodama dirbtin\u012f intelekt\u0105\u201c, verslo dienra\u0161\u010diui \u201eHandelsblatt\u201c sak\u0117 bendrov\u0117s \u201eErgo\u201c personalo direktor\u0117 Lena Lindemann.<\/p>\n<p style=\"text-align: left;\">Jos teigimu, darbo vietos bus naikinamos skambu\u010di\u0173 centruose ir \u017eal\u0173 sureguliavimo skyriuose. Nauji darbuotojai \u012f atleid\u017eiamo personalo vietas priimami nebus, be to, keletas darbuotoj\u0173 bus pirma laiko i\u0161leisti \u012f pensij\u0105.<\/p>\n<p style=\"text-align: left;\">Ma\u017edaug 500 bendrov\u0117s \u201eErgo\u201c darbuotoj\u0173 bus perkvalifikuoti. Bendrov\u0117s atstovas Yannickas Tetzlaffas naujien\u0173 agent\u016brai AFP sak\u0117, kad neperkvalifikuojant darbuotoj\u0173 darbo viet\u0173 skai\u010dius b\u016bt\u0173 suma\u017e\u0117j\u0119s dar labiau.<\/p>\n<p style=\"text-align: left;\">DI jau padar\u0117 didel\u012f poveik\u012f Vokietijos draudimo sektoriui. \u201eAllianz Partners\u201c lapkri\u010dio m\u0117nes\u012f paskelb\u0117, kad, i\u0161augus automatizacijos apimtims, atleis 1,8 t\u016bkst. arba apie a\u0161tuonis procentus savo darbuotoj\u0173.<\/p>\n<p>Naujausios \u017einios<\/p>\n<p><\/p>\n<p>        <a href=\"https:\/\/www.respublika.lt\/lt\/naujienos\/sportas\/kitos_sporto_sakos\/lietuvos-slidininku-tandemas-atsidure-vienu-laipteliu-auksciau-uz-tautietes\/\" rel=\"nofollow noopener\" target=\"_blank\"><img decoding=\"async\" oncontextmenu=\"return false\" class=\"block_item_newest_photo\" src=\"https:\/\/www.respublika.lt\/lt\/naujienos\/pasaulis\/kitos_pasaulio_naujienos\/ergo-planuoja-atleisti-tukstanti-darbuotoju---juos-pakeis-di\/uploads\/img\/catalog\/1\/photo_for_homepage_1_48278291.jpg\" alt=\"\" width=\"240\" height=\"154.45\"\/><\/a><\/p>\n<p>        <a href=\"https:\/\/www.respublika.lt\/lt\/naujienos\/lietuva\/lietuvos_politika\/intensyvios-ir-esmines-zenevoje-baigesi-ukrainos-ir-rusijos-derybos\/\" rel=\"nofollow noopener\" target=\"_blank\"><img decoding=\"async\" oncontextmenu=\"return false\" class=\"block_item_newest_photo\" src=\"https:\/\/www.respublika.lt\/lt\/naujienos\/pasaulis\/kitos_pasaulio_naujienos\/ergo-planuoja-atleisti-tukstanti-darbuotoju---juos-pakeis-di\/uploads\/img\/catalog\/1\/photo_for_homepage_1_83837174.jpg\" alt=\"\" width=\"240\" height=\"154.45\"\/><\/a><\/p>\n<p>Patiko straipsnis? Leisk mums apie tai su\u017einoti. Nepamir\u0161k pasidalinti Facebook! <\/p>\n<p><img loading=\"lazy\" decoding=\"async\" class=\"p2_social_circle_icon\" src=\"https:\/\/www.respublika.lt\/images\/thumbs_up.svg\" width=\"21\" height=\"22\" alt=\"L\"\/><\/p>\n<p><img loading=\"lazy\" decoding=\"async\" class=\"p2_social_circle_icon\" src=\"https:\/\/www.respublika.lt\/images\/facebook.svg\" alt=\"F\" width=\"22\" height=\"22\" style=\"filter: invert(37%) sepia(55%) saturate(2351%) hue-rotate(187deg) brightness(102%) contrast(106%);\"\/><\/p>\n<p>&#13;<br \/>\n\tNesutinkate &#8211; diskutuokime!<br \/>&#13;<br \/>\n\tNepykite komentatoriai, bet komentarai su keiksma\u017eod\u017eiais bus \u0161alinami automati\u0161kai, be atsipra\u0161ymo.\n    <\/p>\n<p>&#13;<br \/>\n              Respublika.lt pasilieka teis\u0119 pa\u0161alinti nekult\u016bringus, keiksma\u017eod\u017eiais pagardintus, su tema nesusijusius, kito asmens vardu pasira\u0161ytus, \u012fstatymus pa\u017eeid\u017eian\u010dius, \u0161lam\u0161t\u0105 reklamuojan\u010dius ar nusikalsti kurstan\u010dius komentarus. Jei kurstysite smurt\u0105, rasin\u0119, tautin\u0119, religin\u0119 ar kitokio pob\u016bd\u017eio neapykant\u0105, \u017evirbliu i\u0161skrid\u0119 j\u016bs\u0173 \u017eod\u017eiai gr\u012f\u017edami gali virsti ton\u0105 sverian\u010diu jau\u010diu &#8211; specialiosioms Lietuvos tarnyboms pareikalavus suteiksime j\u016bs\u0173 duomenis.\n            <\/p>\n","protected":false},"excerpt":{"rendered":"\u00d7 (1\/1) Viena i\u0161 did\u017eiausi\u0173 Vokietijos draudimo bendrovi\u0173 \u201eErgo\u201c iki 2030 m. atleis t\u016bkstant\u012f darbuotoj\u0173, nes ketina vis&hellip;\n","protected":false},"author":2,"featured_media":108974,"comment_status":"","ping_status":"","sticky":false,"template":"","format":"standard","meta":{"footnotes":"","_share_on_mastodon":"0"},"categories":[6],"tags":[25,11972,30,31,123,994,248,5643,34,35,24,32,33,37,39,36,38,40,23,22,28,29,26,27,320],"class_list":["post-108973","post","type-post","status-publish","format-standard","has-post-thumbnail","category-antrastes","tag-antrastes","tag-atleisti","tag-breaking-news","tag-breakingnews","tag-darbuotojai","tag-di","tag-ekonomika","tag-ergo","tag-featured-news","tag-featurednews","tag-headlines","tag-latest-news","tag-latestnews","tag-lietuva","tag-lietuviu","tag-lithuania","tag-lithuanian","tag-lt","tag-naujienos","tag-news","tag-populiariausios-naujienos","tag-populiariausiosnaujienos","tag-top-stories","tag-topstories","tag-vokietija"],"share_on_mastodon":{"url":"https:\/\/pubeurope.com\/@lt\/116091676470994970","error":""},"_links":{"self":[{"href":"https:\/\/www.europesays.com\/lt\/wp-json\/wp\/v2\/posts\/108973","targetHints":{"allow":["GET"]}}],"collection":[{"href":"https:\/\/www.europesays.com\/lt\/wp-json\/wp\/v2\/posts"}],"about":[{"href":"https:\/\/www.europesays.com\/lt\/wp-json\/wp\/v2\/types\/post"}],"author":[{"embeddable":true,"href":"https:\/\/www.europesays.com\/lt\/wp-json\/wp\/v2\/users\/2"}],"replies":[{"embeddable":true,"href":"https:\/\/www.europesays.com\/lt\/wp-json\/wp\/v2\/comments?post=108973"}],"version-history":[{"count":0,"href":"https:\/\/www.europesays.com\/lt\/wp-json\/wp\/v2\/posts\/108973\/revisions"}],"wp:featuredmedia":[{"embeddable":true,"href":"https:\/\/www.europesays.com\/lt\/wp-json\/wp\/v2\/media\/108974"}],"wp:attachment":[{"href":"https:\/\/www.europesays.com\/lt\/wp-json\/wp\/v2\/media?parent=108973"}],"wp:term":[{"taxonomy":"category","embeddable":true,"href":"https:\/\/www.europesays.com\/lt\/wp-json\/wp\/v2\/categories?post=108973"},{"taxonomy":"post_tag","embeddable":true,"href":"https:\/\/www.europesays.com\/lt\/wp-json\/wp\/v2\/tags?post=108973"}],"curies":[{"name":"wp","href":"https:\/\/api.w.org\/{rel}","templated":true}]}}