{"id":109089,"date":"2026-02-18T15:07:33","date_gmt":"2026-02-18T15:07:33","guid":{"rendered":"https:\/\/www.europesays.com\/lt\/109089\/"},"modified":"2026-02-18T15:07:33","modified_gmt":"2026-02-18T15:07:33","slug":"riausiu-prie-seimo-byloje-liudijusi-cmilyte-nielsen-jokiu-sprendimu-nepriiminejau-respublika-lt","status":"publish","type":"post","link":"https:\/\/www.europesays.com\/lt\/109089\/","title":{"rendered":"Riau\u0161i\u0173 prie Seimo byloje liudijusi \u010cmilyt\u0117-Nielsen: joki\u0173 sprendim\u0173 nepriimin\u0117jau &#8211; Respublika.lt"},"content":{"rendered":"<p style=\"text-align: justify;\" class=\"desktop_banner\">\u00a0<\/p>\n<p style=\"text-align: left;\">\u00a0<\/p>\n<p style=\"text-align: left;\">Kaip pasakojo V. \u010cmilyt\u0117-Nielsen, 2021 m. rugpj\u016b\u010dio 10 d. prie Seimo vyk\u0119s mitingas u\u017esit\u0119s\u0117. Politik\u0117s vertinimu, pasibaigus renginiui numatytam laikui toliau vyko nesankcionuotas mitingas.\u00a0<\/p>\n<p style=\"text-align: left;\">\u201eBuvo \u012fvairi\u0173 veik\u0117j\u0173, kurie gana garsiai rei\u0161k\u0117si \u0161ioje piket\u0173, protest\u0173 istorijoje. Dalis j\u0173 buvo \u0160eim\u0173 s\u0105j\u016bd\u017eio atstovai, dalis buvo pavieni\u0173 veik\u0117j\u0173, kurie filmavo visk\u0105\u201c, \u2013 tre\u010diadien\u012f kalb\u0117jo V. \u010cmilyt\u0117-Nielsen.<\/p>\n<p style=\"text-align: left;\">Ji teisme parodymus dav\u0117 nuotoliniu b\u016bdu.<\/p>\n<p style=\"text-align: left;\">V. \u010cmilyt\u0117-Nielsen, kuri 2021 m. rugpj\u016bt\u012f \u0117jo Seimo pirmininko pareigas, prisimin\u0117, jog t\u0105dien, kai vyko mitingas, \u012f parlament\u0105 pateko dalis renginyje dalyvavusi\u0173 asmen\u0173. Ji nurod\u0117, kad reaguodama \u012f tai, siek\u0117 u\u017etikrinti, jog parlamente b\u016bt\u0173 saugu.<\/p>\n<p style=\"text-align: left;\">\u201eKaip Seimo pirminink\u0117 tuo metu r\u016bpinausi, kad Seime b\u016bt\u0173 saugi aplinka\u201c, \u2013 d\u0117st\u0117 parlamentar\u0117.<\/p>\n<p style=\"text-align: left;\">Liberal\u0173 s\u0105j\u016bd\u017eio lyder\u0117 tvirtino, kad 2021 m. rugpj\u016b\u010dio 10 d. parlamente liko iki pus\u0117s pirmos nakties.<\/p>\n<p style=\"text-align: left;\">Anot V. \u010cmilyt\u0117s-Nielsen, jos kabinete tuomet buvo kei\u010diamasi informacija apie situacij\u0105 prie Seimo r\u016bm\u0173.<\/p>\n<p style=\"text-align: left;\">\u201eSeimo pirmininko kabinete kur\u012f laik\u0105 buvo ir vidaus reikal\u0173 ministr\u0117 (Agn\u0117 Bilotait\u0117 \u2013 ELTA), taip pat buvau periodi\u0161kai informuojama Renato Po\u017e\u0117los, tuometinio generalinio policijos komisaro, apie situacij\u0105\u201c, \u2013 komentavo V. \u010cmilyt\u0117-Nielsen.<\/p>\n<p style=\"text-align: left;\">Ji pabr\u0117\u017e\u0117, kad pati joki\u0173 sprendim\u0173 d\u0117l teis\u0117saugos darbo mal\u0161inant riau\u0161es nepriimin\u0117jo.<\/p>\n<p style=\"text-align: left;\">\u201eJoki\u0173 sprendim\u0173 nepriimin\u0117jau. (&#8230;) Kaip Seimo pirminink\u0117 tarnyboms nurodym\u0173 negal\u0117jau duoti\u201c, \u2013 kalb\u0117jo V. \u010cmilyt\u0117-Nielsen.<\/p>\n<p style=\"text-align: left;\">Buvusi Seimo pirminink\u0117, atsakin\u0117dama \u012f klausimus teisme, teig\u0117 2021 m. rugpj\u016bt\u012f nutarusi nei\u0161eiti pabendrauti su protestuojan\u010dia minia, nes man\u0117, jog toks veiksmas \u017emoni\u0173 emocij\u0173 nenumal\u0161ins.<\/p>\n<p style=\"text-align: left;\">\u201eKai ryte \u0117jau \u012f Seimo pos\u0117d\u012f, tur\u0117jau galimyb\u0119 \u012fsitikinti, kokie simboliai naudojami proteste. Min\u0117jau, kad ma\u010diau kartuves, Dovydo \u017evaig\u017edes. Mano vertinimas buvo, jog protestuotojai n\u0117ra nusiteik\u0119 diskusijai, pokalbiui, o mano i\u0161\u0117jimas emocij\u0173 neapmal\u0161ins\u201c, \u2013 sak\u0117 V. \u010cmilyt\u0117-Nielsen.<\/p>\n<p style=\"text-align: left;\">Suteikus galimyb\u0119 nuteistiesiems u\u017eduoti klausimus politikei, vienas i\u0161 nuteist\u0173j\u0173 Andrejus Lobovas \u0117m\u0117 klausin\u0117ti V. \u010cmilyt\u0119-Nielsen, ar ji \u017einojo, kod\u0117l \u017emon\u0117s susirinko protestuoti prie Seimo.<\/p>\n<p style=\"text-align: left;\">\u201eJ\u016bs buvote parsidav\u0119 farmacijai. (\u2026) J\u016bs dav\u0117te komandas, kad \u017emon\u0117s b\u016bt\u0173 dau\u017eomi\u201c, \u2013 pateikdamas klausimus kalb\u0117jo A. Lobovas.<\/p>\n<p style=\"text-align: left;\">V. \u010cmilyt\u0117-Nielsen teig\u0117 \u017einojusi, kad \u017emon\u0117s prie parlamento protestavo d\u0117l priimt\u0173 sprendim\u0173, susijusi\u0173 su COVID-19 ribojimais.<\/p>\n<p style=\"text-align: left;\">Teis\u0117jas Audrius Cininas dal\u012f A. Lobovo klausim\u0173 pa\u0161alino.<\/p>\n<p style=\"text-align: left;\">Daugiau negu 60 apeliacini\u0173 skund\u0173<\/p>\n<p style=\"text-align: left;\">Teismas riau\u0161i\u0173 prie Seimo byloje yra gav\u0119s daugiau negu 60 apeliacini\u0173 skund\u0173.\u00a0Did\u017eioji dalis skundus pateikusi\u0173 nuteist\u0173j\u0173 siekia i\u0161teisinimo.<\/p>\n<p style=\"text-align: left;\">Pirmosios instancijos teismo nuosprend\u012f apskund\u0117 ir Vilniaus apygardos prokurat\u016bra. Prokurorai pra\u0161o vien\u0105 i\u0161teisint\u0105j\u012f d\u0117l dalyvavimo riau\u0161\u0117se pripa\u017einti kaltu. Taip pat pra\u0161oma panaikinti nuosprend\u017eio dalis, kuriomis nutarta atid\u0117ti laisv\u0117s at\u0117mimo bausm\u0117s vykdym\u0105 nuteistiesiems, kurie pripa\u017einti recidyvistais.\u00a0<\/p>\n<p style=\"text-align: left;\">Be to, prokurat\u016bra mano, kad i\u0161 nuteist\u0173j\u0173 tur\u0117t\u0173 b\u016bti priteistos i\u0161laidos u\u017e jiems valstyb\u0117s skirtus advokatus.\u00a0<\/p>\n<p style=\"text-align: left;\">ELTA primena, kad pra\u0117jusi\u0173 met\u0173 rugs\u0117j\u012f Vilniaus miesto apylink\u0117s teismas riau\u0161i\u0173 prie Seimo byloje i\u0161 87 kaltinam\u0173j\u0173 84 pripa\u017eino kaltais d\u0117l riau\u0161i\u0173, du asmenys buvo i\u0161teisinti, o vienos kaltinamosios veikla perkvalifikuota i\u0161 dalyvavimo riau\u0161\u0117se \u012f pasiprie\u0161inim\u0105 policijos pareig\u016bnams.<\/p>\n<p style=\"text-align: left;\">Recidyvistais nutarta pripa\u017einti 17 kaltinam\u0173j\u0173.<\/p>\n<p style=\"text-align: left;\">Paskelbtu nuosprend\u017eiu 6 asmenys buvo atleisti nuo baud\u017eiamosios atsakomyb\u0117s pagal laidavim\u0105, dviem paskirtos laisv\u0117s apribojimo bausm\u0117s, trims \u2013 realios laisv\u0117s at\u0117mimo bausm\u0117s, o 75 kaltinamiesiems laisv\u0117s at\u0117mimo bausm\u0117s vykdymas atid\u0117tas.<\/p>\n<p style=\"text-align: left;\">Teismas kaltu d\u0117l riau\u0161i\u0173 \u0161ioje byloje pripa\u017eino anks\u010diau u\u017e finansinius nusikaltimus teist\u0105 Antan\u0105 Kandrot\u0105, pravarde Celofanas. Jam skirta ketveri\u0173 met\u0173 laisv\u0117s at\u0117mimo bausm\u0117.<\/p>\n<p style=\"text-align: left;\">Byloje nuteistas ir aktyvus \u012fvairi\u0173 protest\u0173 dalyvis A. Lobovas. Jam skirta lygtin\u0117 dvej\u0173 met\u0173 laisv\u0117s at\u0117mimo bausm\u0117.<\/p>\n<p style=\"text-align: left;\">Taip pat byloje apkaltinamojo nuosprend\u017eio sulauk\u0117 kovinio sporto atstovas Arnoldas Misi\u016bnas. Jam teismas skyr\u0117 1 met\u0173 ir 11 m\u0117nesi\u0173 laisv\u0117s at\u0117mimo bausm\u0119, j\u0105 atidedant pusantr\u0173 met\u0173 laikotarpiui.<\/p>\n<p style=\"text-align: left;\">Anks\u010diau mokytoja dirbusi\u0105 Astr\u0105 Genovait\u0119 Astrauskait\u0119 teismas pripa\u017eino kalta d\u0117l riau\u0161i\u0173 ir vie\u0161o raginimo smurtu pa\u017eeisti Lietuvos suverenitet\u0105. Moteriai skirta\u00a02 met\u0173 ir 2 m\u0117nesi\u0173 laisv\u0117s at\u0117mimo bausm\u0117 j\u0105 atidedant pusantr\u0173 met\u0173.<\/p>\n<p style=\"text-align: left;\">Kaltinamiesiems taip pat skirtos baud\u017eiamojo poveikio priemon\u0117s \u2013 nuo 500 iki 2 t\u016bkst. eur\u0173 dyd\u017eio \u012fmokos \u012f Nukent\u0117jusi\u0173 nuo nusikaltim\u0173 asmen\u0173 fond\u0105, jas sumokant per\u00a0vienerius metus nuo nuosprend\u017eio \u012fsiteis\u0117jimo. I\u0161 viso skirta 142 t\u016bkst. eur\u0173 \u012fmok\u0173 \u012f min\u0117t\u0105 fond\u0105.<\/p>\n<p style=\"text-align: left;\">Civiliniams ie\u0161kovams byloje priteista apie 112,4\u00a0t\u016bkst. eur\u0173 \u017ealos atlyginimo.<\/p>\n<p style=\"text-align: left;\">Ikiteisminis tyrimas d\u0117l riau\u0161i\u0173 prad\u0117tas po 2021 m. rugpj\u016b\u010dio 10 d. \u012fvyki\u0173 prie parlamento. T\u0105dien nuo ryto prie Seimo vyk\u0119s protestas prie\u0161 COVID-19 ribojimus peraugo \u012f riau\u0161es. Mitinguojantiems u\u017eblokavus Seimo \u012f\u0117jimus, pasitelktos Vie\u0161ojo saugumo tarnybos ir riau\u0161i\u0173 mal\u0161inimo policijos paj\u0117gos, kurios prie\u0161 protestuojan\u010dius panaudojo a\u0161arines dujas, fizin\u0119 j\u0117g\u0105.<\/p>\n","protected":false},"excerpt":{"rendered":"\u00a0 \u00a0 Kaip pasakojo V. \u010cmilyt\u0117-Nielsen, 2021 m. rugpj\u016b\u010dio 10 d. prie Seimo vyk\u0119s mitingas u\u017esit\u0119s\u0117. Politik\u0117s vertinimu,&hellip;\n","protected":false},"author":2,"featured_media":109090,"comment_status":"","ping_status":"","sticky":false,"template":"","format":"standard","meta":{"footnotes":"","_share_on_mastodon":"0"},"categories":[6],"tags":[25,30,31,3158,3932,34,35,24,32,33,37,39,36,38,40,23,22,28,29,894,128,255,26,27],"class_list":["post-109089","post","type-post","status-publish","format-standard","has-post-thumbnail","category-antrastes","tag-antrastes","tag-breaking-news","tag-breakingnews","tag-byla","tag-cmilyte-nielsen","tag-featured-news","tag-featurednews","tag-headlines","tag-latest-news","tag-latestnews","tag-lietuva","tag-lietuviu","tag-lithuania","tag-lithuanian","tag-lt","tag-naujienos","tag-news","tag-populiariausios-naujienos","tag-populiariausiosnaujienos","tag-riauses","tag-seimas","tag-teismas","tag-top-stories","tag-topstories"],"share_on_mastodon":{"url":"https:\/\/pubeurope.com\/@lt\/116092262301739714","error":""},"_links":{"self":[{"href":"https:\/\/www.europesays.com\/lt\/wp-json\/wp\/v2\/posts\/109089","targetHints":{"allow":["GET"]}}],"collection":[{"href":"https:\/\/www.europesays.com\/lt\/wp-json\/wp\/v2\/posts"}],"about":[{"href":"https:\/\/www.europesays.com\/lt\/wp-json\/wp\/v2\/types\/post"}],"author":[{"embeddable":true,"href":"https:\/\/www.europesays.com\/lt\/wp-json\/wp\/v2\/users\/2"}],"replies":[{"embeddable":true,"href":"https:\/\/www.europesays.com\/lt\/wp-json\/wp\/v2\/comments?post=109089"}],"version-history":[{"count":0,"href":"https:\/\/www.europesays.com\/lt\/wp-json\/wp\/v2\/posts\/109089\/revisions"}],"wp:featuredmedia":[{"embeddable":true,"href":"https:\/\/www.europesays.com\/lt\/wp-json\/wp\/v2\/media\/109090"}],"wp:attachment":[{"href":"https:\/\/www.europesays.com\/lt\/wp-json\/wp\/v2\/media?parent=109089"}],"wp:term":[{"taxonomy":"category","embeddable":true,"href":"https:\/\/www.europesays.com\/lt\/wp-json\/wp\/v2\/categories?post=109089"},{"taxonomy":"post_tag","embeddable":true,"href":"https:\/\/www.europesays.com\/lt\/wp-json\/wp\/v2\/tags?post=109089"}],"curies":[{"name":"wp","href":"https:\/\/api.w.org\/{rel}","templated":true}]}}