{"id":10921,"date":"2025-10-05T17:33:12","date_gmt":"2025-10-05T17:33:12","guid":{"rendered":"https:\/\/www.europesays.com\/lt\/10921\/"},"modified":"2025-10-05T17:33:12","modified_gmt":"2025-10-05T17:33:12","slug":"susirges-sunkia-liga-vidas-susiplanavo-laidotuves-pasirupino-sumustiniais-salia-mylimo-augintinio-urna","status":"publish","type":"post","link":"https:\/\/www.europesays.com\/lt\/10921\/","title":{"rendered":"Susirg\u0119s sunkia liga Vidas susiplanavo laidotuves: pasir\u016bpino sumu\u0161tiniais, \u0161alia \u2013 mylimo augintinio urna"},"content":{"rendered":"<p>Jo dukra R\u016bta Steponaitien\u0117 prisimena t\u0117t\u012f kaip \u017emog\u0173, kuris net paskutin\u0117mis dienomis liko i\u0161tikimas savo principui \u2013 gyvenimas turi b\u016bti ai\u0161kiai sud\u0117liotas \u012f stal\u010diukus, ra\u0161oma prane\u0161ime spaudai.<\/p>\n<p>Laidotuvi\u0173 planuoklis<\/p>\n<p>Dukra sako ne\u017einanti, kaip t\u0117tis rado informacij\u0105, kad atsisveikinimo namai \u201eRekviem\u201c teikia toki\u0105 paslaug\u0105 \u2013 i\u0161ankstin\u012f <a rel=\"noopener nofollow\" target=\"_blank\" href=\"https:\/\/www.delfi.lt\/temos\/laidotuves\" tag-id=\"59259447\">laidotuvi\u0173<\/a> planuokl\u012f ir galimyb\u0119 pasira\u0161yti i\u0161ankstines laidotuvi\u0173 sutartis.<\/p>\n<p>Anot atstov\u0117s Jor\u016bn\u0117s Jurkevi\u010dien\u0117s, da\u017enai sud\u0117tinga planuoti laidotuves, kai artimieji remiasi tik sp\u0117lion\u0117mis, kam j\u0173 mylimas \u017emogus b\u016bt\u0173 pritar\u0119s ar k\u0105 b\u016bt\u0173 pats pasirink\u0119s. Vis d\u0117lto atsisveikinimo namai bando lau\u017eyti stereotipus, kad apie mirt\u012f kalb\u0117ti i\u0161 anksto ka\u017ekaip nepatogu, ir si\u016blo i\u0161eit\u012f \u2013 i\u0161ankstin\u012f laidotuvi\u0173 planuokl\u012f, kuris skatina \u017emones atvirai pasikalb\u0117ti \u0161ia tema, i\u0161sakyti savo nuomon\u0119 artimiesiems, kartu ir patiems pagalvoti, kaip ir kur nor\u0117t\u0173 atgulti am\u017einojo poilsio. Jei nedr\u0105su apie tai kalb\u0117ti, galima, pildant planuokl\u012f, prid\u0117ti automati\u0161kai i\u0161siun\u010diam\u0105 lai\u0161k\u0105 artimajam su paai\u0161kinamuoju tekstu.<\/p>\n<p>       <img decoding=\"async\" src=\"https:\/\/www.europesays.com\/lt\/wp-content\/uploads\/2025\/10\/69a52616-114b-4dcf-9b19-d9859b3e8e9d.jpg\" loading=\"lazy\" alt=\"Kaunie\u010dio Vido \u010cedavi\u010diaus laidotuv\u0117s\"\/>      <\/p>\n<p>Papunk\u010diui  atsakydamas \u012f klausimus \u017emogus gali pasirinkti, kaip ir kur nor\u0117t\u0173 b\u016bti palaidotas, kokiomis g\u0117l\u0117mis tur\u0117t\u0173 b\u016bti dekoruota jo urna ar kok\u012f muzikin\u012f fon\u0105 nor\u0117t\u0173 pasi\u016blyti at\u0117jusiems palyd\u0117ti \u012f paskutin\u0119 kelion\u0119.<\/p>\n<p>\u201ePlanuoklis tarnauja ir kaip sufleris, ta\u010diau sukurtas ir norint i\u0161reik\u0161ti paskutin\u0119 \u017emogaus vali\u0105\u201c, \u2013 paai\u0161kina atsisveikinimo nam\u0173 atstov\u0117.<\/p>\n<p>\u201eKeista? Ne\u012fprasta? Ta\u010diau tik i\u0161 prad\u017ei\u0173\u2026 Juk visi anks\u010diau ar v\u0117liau mirsime. Mes su t\u0117veliu da\u017enai kalb\u0117davom\u0117s apie mirt\u012f. Gal d\u0117l to, kad paskutinius septynerius metus jis sirgo onkologine liga\u201c, \u2013 atvirauja R. Steponaitien\u0117.<\/p>\n<p>Susiplanavo paskutin\u0119 kelion\u0119<\/p>\n<p>Nors biomedicinos moksl\u0173 daktar\u0117s R. Steponaitien\u0117s tyrin\u0117jim\u0173 sritis \u2013 vir\u0161kinimo trakto onkologin\u0117s ligos, ta\u010diau t\u0117\u010diui, sirgusiam b\u016btent \u0161iuo v\u0117\u017eiu, ji pad\u0117ti negal\u0117jo. <\/p>\n<p>\u201e\u017dinojau \u0161ios ligos prognozes, o \u0161iandien, manau, i\u0161gyventi septynerius metus su jo diagnoze \u2013 nema\u017eas pasiekimas\u201c, \u2013 kalba ji.<\/p>\n<p>V. \u010cedavi\u010diui i\u0161 prad\u017ei\u0173 buvo taikomas eksperimentinis gydymas, o po keleri\u0173 met\u0173, ligai atsinaujinus, kalbos apie mirt\u012f tarp jo ir vyresn\u0117s dukters pasidar\u0117 labai organi\u0161kos. <\/p>\n<p>\u201eApie savo i\u0161\u0117jim\u0105 jis m\u0117go kalb\u0117tis b\u016btent su manimi, nes \u017emonai, mano mamai, \u0161i tema buvo per sunki, o mano ses\u0117 gyvena Vilniuje ir t\u0117tis re\u010diau j\u0105 matydavo\u201c, \u2013 dalijasi R\u016bta.<\/p>\n<p>Ji pasakoja, kad t\u0117tis buvo kompiuteri\u0173 specialistas ir labai m\u0117go, kad viskas jo gyvenime b\u016bt\u0173 sud\u0117liota tvarkingai, kaip pats sak\u0117, \u012f stal\u010diukus, pagal jo tvark\u0105. Tod\u0117l, ligai progresuojant, nenor\u0117jo palikti neu\u017ebaigt\u0173 darb\u0173, o paskutines valandas su artimaisiais ir draugais  praleisti taip, kaip nori jis.<\/p>\n<p>       <img decoding=\"async\" src=\"https:\/\/www.europesays.com\/lt\/wp-content\/uploads\/2025\/10\/08da59d8-326e-4cb0-b8e0-571ee131b11f.jpg\" loading=\"lazy\" alt=\"Kaunie\u010dio Vido \u010cedavi\u010diaus laidotuv\u0117s\"\/>      <\/p>\n<p>Gal d\u0117l to \u0161i\u0173 met\u0173 rugpj\u016bt\u012f, sulaukusi t\u0117\u010dio kvietimo vykti drauge su juo \u012f laidojimo namus, R\u016bta visai nenustebo ir mielai sutiko sutvarkyti \u0161\u012f reikal\u0105, t. y. sudaryti tri\u0161al\u0119 i\u0161ankstinio laidotuvi\u0173 planavimo sutart\u012f.<\/p>\n<p>\u201eNet jei t\u0117tis neb\u016bt\u0173 man\u0119s nusive\u017e\u0119s ten, lemiam\u0105 valand\u0105 a\u0161 vis tiek b\u016b\u010diau atv\u0117rusi \u0161i\u0173 laidojimo nam\u0173 duris. Man patiko \u0161viesa, sklindanti pro sali\u0173 langus, u\u017e j\u0173 tekanti up\u0117 \u2013 tarsi am\u017einyb\u0117s simbolis\u201c, \u2013 dalijasi ji.<\/p>\n<p>Paliko kruop\u0161t\u0173 scenarij\u0173<\/p>\n<p>R. Steponaitien\u0117 prisipa\u017e\u012fsta, kad po pa\u0161nekesio su darbuotojais jai pasidar\u0117 ramiau. <\/p>\n<p>\u201eSupratau, kad at\u0117jus laikui mums u\u017eteks vieno skambu\u010dio. I\u0161gird\u0119 visus t\u0117\u010dio norus, jie atid\u017eiai i\u0161klaus\u0117, u\u017esira\u0161\u0117\u201c, \u2013 pasakoja dukra.<\/p>\n<p>Vidas nor\u0117jo, kad atsisveikinimas su juo trukt\u0173 penkias valandas. Tam laikui jis kruop\u0161\u010diai apgalvojo ir paruo\u0161\u0117 scenarij\u0173. Surinko ir sud\u0117liojo savo nuotrauk\u0173 istorij\u0105, paruo\u0161\u0117 m\u0117gstamos klasikin\u0117s muzikos takel\u012f, kurio tur\u0117jo u\u017etekti nuo tre\u010dios valandos popiet iki a\u0161tuntos valandos vakaro.<\/p>\n<p>       <img decoding=\"async\" src=\"https:\/\/www.europesays.com\/lt\/wp-content\/uploads\/2025\/10\/258ad9a6-e4f9-4faf-9c6b-15fac97812c0.jpg\" loading=\"lazy\" alt=\"Kaunie\u010dio Vido \u010cedavi\u010diaus laidotuv\u0117s\"\/>      <\/p>\n<p>\u201eT\u0117tis nenor\u0117jo, kad mes s\u0117d\u0117tume ir verktume tris dienas, gail\u0117tume jo. Jis svajojo, kad atsisveikinimas b\u016bt\u0173 \u0161viesus, kad susirink\u0119 jam artimi \u017emon\u0117s pabendraut\u0173, tod\u0117l pasir\u016bpino, kad kambar\u0117lyje b\u016bt\u0173 ir kavos aparatas, u\u017esak\u0117 tris pad\u0117klus sumu\u0161tini\u0173\u201c, \u2013 su meile kalba pa\u0161nekov\u0117.<\/p>\n<p>V. \u010cedavi\u010dius pageidavo, kad b\u016bt\u0173 laidojamas urnoje \u2013 kaip jis sak\u0117, nenor\u0117jo b\u016bti eksponuojamas. Urn\u0105 jo valia puo\u0161\u0117 dvi g\u0117li\u0173 puok\u0161t\u0117s ir \u0161e\u0161ios \u017evak\u0117s. Paskutin\u0117mis gyvenimo dienomis jis net para\u0161\u0117 SMS \u017einut\u0117s tekst\u0105, kur\u012f po mirties artimieji tur\u0117jo i\u0161si\u0173sti nurodytiems \u017emon\u0117ms \u2013 draugams, pa\u017e\u012fstamiems. \u0160eimai tereik\u0117jo patikslinti dat\u0105 ir valand\u0105. Laidotuves, kurios tur\u0117jo vykti kit\u0105 dien\u0105, vyras suplanavo kuklias, jose nor\u0117jo matyti tik savo \u0161eimos narius.<\/p>\n<p>Greta \u2013 \u0161uns urna<\/p>\n<p>R\u016bta \u0161ypsosi, kad atsisveikinim\u0105 su t\u0117\u010diu lyd\u0117jo dar viena \u012fdomi detal\u0117: \u0161alia V. \u010cedavi\u010diaus urnos \u0161arvojimo sal\u0117je stov\u0117jo ir dar viena ma\u017ea urnel\u0117 \u2013 jo mylimo \u0161uns Vinio.<\/p>\n<p>\u201eVin\u012f, taks\u0173 veisl\u0117s \u0161un\u012f, t\u0117tis juokais vadino Cviaku. I\u0161 ties\u0173 jis buvo mano sesers \u0161uo, ta\u010diau kai ses\u0117 i\u0161vyko studijuoti \u012f Vilni\u0173, Vinis savo \u0161eimininku pasirinko t\u0117t\u012f. Jie eidavo kartu pasivaik\u0161\u010dioti \u012f Laisv\u0117s al\u0117j\u0105, Nemuno sal\u0105. Miegodavo kartu\u201c, \u2013 prisimena R\u016bta.<\/p>\n<p>Vido ir Vinio draugyst\u0117 t\u0119s\u0117si tol, kol d\u0117l intensyvaus gydymo \u2013 chemoterapij\u0173, operacij\u0173 \u2013 r\u016bpintis augintiniu jis nebegal\u0117jo. Tuomet taksas i\u0161keliavo pas R\u016btos seser\u012f \u012f Vilni\u0173, o Vid\u0105 lankydavo savaitgaliais.<\/p>\n<p>\u201eBeje, \u0161i gra\u017ei draugyst\u0117 prie\u0161 septynerius metus net buvo apra\u0161yta spaudoje\u201c, \u2013 prisimena pa\u0161nekov\u0117 ir sako, kad b\u016bdamas garbingo am\u017eiaus, penkiolikos met\u0173, Vinis i\u0161keliavo \u012f kit\u0105 pasaul\u012f. <\/p>\n<p>Jo k\u016bnelis buvo sudegintas, o pelenai suberti \u012f urn\u0105, kuriuos, progai pasitaikius, \u0161eima ketino i\u0161barstyti. Ta\u010diau vasar\u0105 to nepadar\u0117, o rugs\u0117jo prad\u017eioje, kai t\u0117tis pasijuto blogiau, jis pats pasi\u016bl\u0117 mint\u012f ir pa\u0161arvoti, ir palaidoti juos abu greta.<\/p>\n<p>    <img decoding=\"async\" src=\"https:\/\/www.europesays.com\/lt\/wp-content\/uploads\/2025\/10\/2544cea7-f940-4dc3-aec4-2672ba06cf4b.jpg\" loading=\"lazy\" alt=\"Kaunie\u010dio Vido \u010cedavi\u010diaus laidotuv\u0117s\"\/>      <\/p>\n<p>R\u016bta nerimavo, kaip \u012f keistok\u0105 pra\u0161ym\u0105 sureaguos laidojimo nam\u0173 kolektyvas. Laimei, Vido nor\u0105 jie pri\u0117m\u0117 labai pozityviai.<\/p>\n<p>O kaip \u012f \u0161uns nuotrauk\u0105 ir urn\u0105 reagavo \u012f \u0161arvojimo sal\u0119 susirinkusieji? Anot R\u016btos, t\u0117tis dirbo namuose, tod\u0117l visi kompiuterio meistro klientai Vin\u012f pa\u017einojo. Smarkuolis juos pasitikdavo ir i\u0161lyd\u0117davo, kaskart draugi\u0161kai aplodamas. <\/p>\n<p>\u201eViskas atrod\u0117 labai nat\u016braliai, tarsi taip ir tur\u0117t\u0173 b\u016bti\u201c, \u2013 sako ji.<\/p>\n<p>Atsisveikinimo dien\u0105 sal\u0117je buvo dvi nuotraukos ir dvi urnos, o sutart\u0105 valand\u0105 darbuotojai nuve\u017e\u0117 jas \u012f kapines, kuriose paskutine Vido valia buvo tik \u0161eimos nariai. <\/p>\n<p>\u201eT\u0117tis nenor\u0117jo joki\u0173 dideli\u0173 procesij\u0173, joki\u0173 katafalk\u0173, \u2013 ai\u0161kina. \u2013 Netgi or\u0105, rodos, buvo suplanav\u0119s i\u0161 anksto. Rugs\u0117jo 18-oji buvo be galo \u0161ilta, saul\u0117ta, gra\u017ei.\u201c<\/p>\n<p>D\u0117kinga u\u017e supratim\u0105<\/p>\n<p>Paklausta, ar pavyko t\u0117\u010dio pageidavimus i\u0161pildyti iki smulkiausi\u0173 detali\u0173, R\u016bta tikina, kad 99 proc. planas buvo \u012fgyvendintas.<\/p>\n<p>\u201eBeje, t\u0117tis su laidojimo nam\u0173 pagalba buvo pats suplanav\u0119s savo laidotuves, pats u\u017e jas ir sumok\u0117jo. Mums nereik\u0117jo r\u016bpintis net pinigais\u201c, \u2013 ai\u0161kina dukra ir priduria ne\u017einanti, ar \u0161i paslauga \u2013 i\u0161ankstinis laidotuvi\u0173 planavimas \u2013 populiari Lietuvoje. Jos nuomone, tai puiki naujiena, leid\u017eianti tiek pa\u010diam \u017emogui, tiek jo artimiesiems prisijaukinti i\u0161\u0117jimo anapilin fakt\u0105.<\/p>\n<p>\u201eJuk kuo da\u017eniau apie tai kalbame, tuo ramiau paskui mirt\u012f priimame. D\u0117koju \u201eRekviem\u201c u\u017e supratim\u0105 ir \u0161vies\u0173 po\u017ei\u016br\u012f \u2013 jie pad\u0117jo ne tik i\u0161pildyti t\u0117\u010dio vali\u0105, bet ir suteik\u0117 mums vidin\u0117s ramyb\u0117s. I\u0161\u0117jimas buvo toks, kokio jis pats nor\u0117jo, \u2013 tvarkingas, kuklus ir kupinas \u0161viesos. Tokia pagalba yra ne\u012fkainojama tiems, kurie lieka gyventi toliau\u201c, \u2013 pastebi R\u016bta.<\/p>\n<p>Pareng\u0117 Rasa Ro\u017einskien\u0117<\/p>\n","protected":false},"excerpt":{"rendered":"Jo dukra R\u016bta Steponaitien\u0117 prisimena t\u0117t\u012f kaip \u017emog\u0173, kuris net paskutin\u0117mis dienomis liko i\u0161tikimas savo principui \u2013 gyvenimas&hellip;\n","protected":false},"author":2,"featured_media":10922,"comment_status":"","ping_status":"","sticky":false,"template":"","format":"standard","meta":{"footnotes":""},"categories":[13],"tags":[25,30,31,34,35,24,1124,32,33,37,39,36,38,40,396,23,22,28,29,4145,26,27],"class_list":{"0":"post-10921","1":"post","2":"type-post","3":"status-publish","4":"format-standard","5":"has-post-thumbnail","7":"category-lietuva","8":"tag-antrastes","9":"tag-breaking-news","10":"tag-breakingnews","11":"tag-featured-news","12":"tag-featurednews","13":"tag-headlines","14":"tag-laidotuves","15":"tag-latest-news","16":"tag-latestnews","17":"tag-lietuva","18":"tag-lietuviu","19":"tag-lithuania","20":"tag-lithuanian","21":"tag-lt","22":"tag-mirtis","23":"tag-naujienos","24":"tag-news","25":"tag-populiariausios-naujienos","26":"tag-populiariausiosnaujienos","27":"tag-rekviem","28":"tag-top-stories","29":"tag-topstories"},"share_on_mastodon":{"url":"","error":""},"_links":{"self":[{"href":"https:\/\/www.europesays.com\/lt\/wp-json\/wp\/v2\/posts\/10921","targetHints":{"allow":["GET"]}}],"collection":[{"href":"https:\/\/www.europesays.com\/lt\/wp-json\/wp\/v2\/posts"}],"about":[{"href":"https:\/\/www.europesays.com\/lt\/wp-json\/wp\/v2\/types\/post"}],"author":[{"embeddable":true,"href":"https:\/\/www.europesays.com\/lt\/wp-json\/wp\/v2\/users\/2"}],"replies":[{"embeddable":true,"href":"https:\/\/www.europesays.com\/lt\/wp-json\/wp\/v2\/comments?post=10921"}],"version-history":[{"count":0,"href":"https:\/\/www.europesays.com\/lt\/wp-json\/wp\/v2\/posts\/10921\/revisions"}],"wp:featuredmedia":[{"embeddable":true,"href":"https:\/\/www.europesays.com\/lt\/wp-json\/wp\/v2\/media\/10922"}],"wp:attachment":[{"href":"https:\/\/www.europesays.com\/lt\/wp-json\/wp\/v2\/media?parent=10921"}],"wp:term":[{"taxonomy":"category","embeddable":true,"href":"https:\/\/www.europesays.com\/lt\/wp-json\/wp\/v2\/categories?post=10921"},{"taxonomy":"post_tag","embeddable":true,"href":"https:\/\/www.europesays.com\/lt\/wp-json\/wp\/v2\/tags?post=10921"}],"curies":[{"name":"wp","href":"https:\/\/api.w.org\/{rel}","templated":true}]}}