{"id":109705,"date":"2026-02-19T10:57:10","date_gmt":"2026-02-19T10:57:10","guid":{"rendered":"https:\/\/www.europesays.com\/lt\/109705\/"},"modified":"2026-02-19T10:57:10","modified_gmt":"2026-02-19T10:57:10","slug":"vilniuje-bus-pagerbtas-ukrainoje-zuves-lietuvis-savanoris-tadas-tumas","status":"publish","type":"post","link":"https:\/\/www.europesays.com\/lt\/109705\/","title":{"rendered":"Vilniuje bus pagerbtas Ukrainoje \u017euv\u0119s lietuvis savanoris Tadas Tumas"},"content":{"rendered":"<p>Minima, kad vasario 23 dien\u0105 sukaks dveji metai nuo T. Tumo \u017e\u016bties. Jis kov\u0117si Ukrainoje gindamas \u0161al\u012f nuo Rusijos agresijos, o anks\u010diau tarnavo Lietuvos kariuomen\u0117je kaip karys savanoris.<\/p>\n<p>Kariuomen\u0117s teigimu, paminklas jam Vilniaus Antakalnio kapin\u0117se jau pastatytas, tod\u0117l nuspr\u0119sta surengti vie\u0161\u0105 ceremonij\u0105, kurioje bus pagerbtas jo gyvenimas, tarnyba ir auka.<\/p>\n<p>    <img decoding=\"async\" src=\"https:\/\/www.europesays.com\/lt\/wp-content\/uploads\/2026\/02\/94ab5826-2152-406e-8461-f9c6f734287f.jpg\" loading=\"lazy\" alt=\"Visuomen\u0117s atsisveikinimas su Ukrainoje \u017euvusiu Lietuvos kariu Tadu Tumu\"\/>      <\/p>\n<p>Ceremonijos programa<\/p>\n<p>Ceremonija prasid\u0117s sekmadien\u012f 10.30 val. Vilniaus \u0160v. Ignoto ba\u017eny\u010dioje, kur Lietuvos kariuomen\u0117s ordinariatas aukos \u0160v. Mi\u0161ias u\u017e \u017euvus\u012fj\u012f. <\/p>\n<p>Po \u0160v. Mi\u0161i\u0173 dalyviai vyks \u012f Antakalnio kapines, kur 12 val. numatytas paminklo pa\u0161ventinimas. <\/p>\n<p>Tiksli kapaviet\u0117s vieta, kaip nurodo kariuomen\u0117, bus paskelbta papildomai.<\/p>\n<p>Organizatoriai pabr\u0117\u017eia, kad ceremonija yra atvira visuomenei. Dalyviai kvie\u010diami visi, kurie nori prisiminti \u017euvus\u012f savanor\u012f, pagerbti jo atminim\u0105 ir i\u0161reik\u0161ti pagarb\u0105 kovojusiems u\u017e laisv\u0119.<\/p>\n<p>Kariuomen\u0117 taip pat informuoja, kad \u0161iuo metu d\u0117l nepalank\u0173 oro s\u0105lyg\u0173 urna su T. Tumo palaikais dar nebus perlaidojama.<\/p>\n<p>Sprendimas d\u0117l perlaidojimo bus priimtas v\u0117liau, kai s\u0105lygos leis tinkamai sutvarkyti aplink\u0105 kapin\u0117se. Tai darys \u017euvusiojo artimieji.<\/p>\n<p>    <img decoding=\"async\" src=\"https:\/\/www.europesays.com\/lt\/wp-content\/uploads\/2026\/02\/aafad7cc-55a0-4ba9-bb9b-aff8840b4022.jpg\" loading=\"lazy\" alt=\"U\u017e Ukrain\u0105 kariav\u0119s ir netoli Bachmuto \u017euv\u0119s 42-ej\u0173 Tadas Tumas, \u0161aukiniu Mil\u017einas, tapo pirmuoju lietuviu kariu, pad\u0117jusiu galv\u0105 u\u017e ukrainie\u010di\u0173 laisv\u0119\"\/>      <\/p>\n<p>Atminimo reik\u0161m\u0117<\/p>\n<p>T. Tumo <a rel=\"noopener nofollow\" target=\"_blank\" href=\"https:\/\/www.delfi.lt\/temos\/pagerbimas\" tag-id=\"65868230\">pagerbimas<\/a> vyksta platesniame kontekste \u2013 nuo Rusijos prad\u0117to plataus masto karo Ukrainoje ne vienas u\u017esienio savanoris prisijung\u0117 prie \u0161alies gynybos.<\/p>\n<p>Lietuvos kariuomen\u0117 ne kart\u0105 yra pabr\u0117\u017eusi, kad toki\u0173 \u017emoni\u0173 atminimas yra svarbus tiek kariuomen\u0117s bendruomenei, tiek visuomenei, nes j\u0173 pasirinkimas simbolizuoja solidarum\u0105 su laisv\u0119 ginan\u010dia valstybe.<\/p>\n<p>Sekmadienio ceremonija Vilniuje taps dar vienu simboliniu priminimu apie karo kain\u0105 ir \u017emones, kurie j\u0105 sumok\u0117jo auk\u0161\u010diausia auka.<\/p>\n","protected":false},"excerpt":{"rendered":"Minima, kad vasario 23 dien\u0105 sukaks dveji metai nuo T. Tumo \u017e\u016bties. Jis kov\u0117si Ukrainoje gindamas \u0161al\u012f nuo&hellip;\n","protected":false},"author":2,"featured_media":109706,"comment_status":"","ping_status":"","sticky":false,"template":"","format":"standard","meta":{"footnotes":"","_share_on_mastodon":"0"},"categories":[13],"tags":[25,30,31,34,35,24,121,1124,32,33,37,39,720,36,38,40,23,22,617,28,29,21057,26,27],"class_list":["post-109705","post","type-post","status-publish","format-standard","has-post-thumbnail","category-lietuva","tag-antrastes","tag-breaking-news","tag-breakingnews","tag-featured-news","tag-featurednews","tag-headlines","tag-karas-ukrainoje","tag-laidotuves","tag-latest-news","tag-latestnews","tag-lietuva","tag-lietuviu","tag-lietuvos-kariuomene","tag-lithuania","tag-lithuanian","tag-lt","tag-naujienos","tag-news","tag-pagerbimas","tag-populiariausios-naujienos","tag-populiariausiosnaujienos","tag-tadas-tumas","tag-top-stories","tag-topstories"],"share_on_mastodon":{"url":"https:\/\/pubeurope.com\/@lt\/116096941632929104","error":""},"_links":{"self":[{"href":"https:\/\/www.europesays.com\/lt\/wp-json\/wp\/v2\/posts\/109705","targetHints":{"allow":["GET"]}}],"collection":[{"href":"https:\/\/www.europesays.com\/lt\/wp-json\/wp\/v2\/posts"}],"about":[{"href":"https:\/\/www.europesays.com\/lt\/wp-json\/wp\/v2\/types\/post"}],"author":[{"embeddable":true,"href":"https:\/\/www.europesays.com\/lt\/wp-json\/wp\/v2\/users\/2"}],"replies":[{"embeddable":true,"href":"https:\/\/www.europesays.com\/lt\/wp-json\/wp\/v2\/comments?post=109705"}],"version-history":[{"count":0,"href":"https:\/\/www.europesays.com\/lt\/wp-json\/wp\/v2\/posts\/109705\/revisions"}],"wp:featuredmedia":[{"embeddable":true,"href":"https:\/\/www.europesays.com\/lt\/wp-json\/wp\/v2\/media\/109706"}],"wp:attachment":[{"href":"https:\/\/www.europesays.com\/lt\/wp-json\/wp\/v2\/media?parent=109705"}],"wp:term":[{"taxonomy":"category","embeddable":true,"href":"https:\/\/www.europesays.com\/lt\/wp-json\/wp\/v2\/categories?post=109705"},{"taxonomy":"post_tag","embeddable":true,"href":"https:\/\/www.europesays.com\/lt\/wp-json\/wp\/v2\/tags?post=109705"}],"curies":[{"name":"wp","href":"https:\/\/api.w.org\/{rel}","templated":true}]}}