{"id":109763,"date":"2026-02-19T11:43:03","date_gmt":"2026-02-19T11:43:03","guid":{"rendered":"https:\/\/www.europesays.com\/lt\/109763\/"},"modified":"2026-02-19T11:43:03","modified_gmt":"2026-02-19T11:43:03","slug":"vieta-kur-susikerta-jav-ir-kinijos-interesai-kova-cia-tik-arteja","status":"publish","type":"post","link":"https:\/\/www.europesays.com\/lt\/109763\/","title":{"rendered":"Vieta, kur susikerta JAV ir Kinijos interesai: kova \u010dia tik art\u0117ja"},"content":{"rendered":"<p>Pra\u0117jusi\u0173 met\u0173 gruod\u012f leidinys \u201eDeutsche Welle\u201c paskelb\u0117, kad nuo 2012 m. <a rel=\"noopener nofollow\" target=\"_blank\" href=\"https:\/\/www.delfi.lt\/temos\/kinija\" tag-id=\"39307535\">Kinija<\/a> nuolat pirmavo savo investicijomis Afrikoje, o <a rel=\"noopener nofollow\" target=\"_blank\" href=\"https:\/\/www.delfi.lt\/temos\/jav\" tag-id=\"39295467\">JAV<\/a> \u012fmon\u0117s kai kuriais metais netgi i\u0161ved\u0117 i\u0161 jos daugiau kapitalo, 2023 m. skai\u010diai rodo kitoki\u0105 pad\u0117t\u012f. JAV \u012fmon\u0117s Afrikoje investavo \u0161iek tiek ma\u017eiau nei 8 mlrd. JAV doleri\u0173 (6,8 mlrd. eur\u0173), o tai beveik dvigubai daugiau nei j\u0173 konkurent\u0117s i\u0161 Kinijos.<\/p>\n<p>Tiesa, pa\u0117jusi\u0173 met\u0173 gegu\u017e\u0119 Johnso Hopkinso universiteto Kinijos ir Afrikos tyrim\u0173 iniciatyvos (CARI) paskelbti duomenys dar neatspindi v\u0117lesni\u0173 poky\u010di\u0173. Tai yra tod\u0117l, kad nacionalin\u0117s vyriausyb\u0117s ir Jungtini\u0173 Taut\u0173 prekybos ir pl\u0117tros konferencija (UNCTAD) turi laiko \u012fvertinti statistinius duomenis ir pateikti pagr\u012fstus vertinimus. Nekoreguoti tiesiogini\u0173 u\u017esienio investicij\u0173 skai\u010diai gali b\u016bti gana klaidinantys.<\/p>\n<p>Analitikai visame pasaulyje tikriausiai nekantriai laukia nauj\u0173 duomen\u0173. Taip yra tod\u0117l, kad ekonomikos konkurencija tarp JAV ir Kinijos stipr\u0117ja, o pastaruoju metu buvo keletas pavyzd\u017ei\u0173, kai Afrikoje buvo padarytos potencialiai reik\u0161mingos investicijos.<\/p>\n","protected":false},"excerpt":{"rendered":"Pra\u0117jusi\u0173 met\u0173 gruod\u012f leidinys \u201eDeutsche Welle\u201c paskelb\u0117, kad nuo 2012 m. Kinija nuolat pirmavo savo investicijomis Afrikoje, o&hellip;\n","protected":false},"author":2,"featured_media":109764,"comment_status":"","ping_status":"","sticky":false,"template":"","format":"standard","meta":{"footnotes":"","_share_on_mastodon":"0"},"categories":[15],"tags":[365,25,30,31,194,34,35,24,223,479,11012,32,33,37,39,36,38,40,21067,23,22,44,28,29,13422,26,27,74,75,76],"class_list":["post-109763","post","type-post","status-publish","format-standard","has-post-thumbnail","category-pasaulis","tag-afrika","tag-antrastes","tag-breaking-news","tag-breakingnews","tag-donaldas-trumpas","tag-featured-news","tag-featurednews","tag-headlines","tag-jav","tag-kinija","tag-kongo-demokratine-respublika","tag-latest-news","tag-latestnews","tag-lietuva","tag-lietuviu","tag-lithuania","tag-lithuanian","tag-lt","tag-mineralai","tag-naujienos","tag-news","tag-pasaulis","tag-populiariausios-naujienos","tag-populiariausiosnaujienos","tag-ruanda","tag-top-stories","tag-topstories","tag-world","tag-world-news","tag-worldnews"],"share_on_mastodon":{"url":"https:\/\/pubeurope.com\/@lt\/116097122525711255","error":""},"_links":{"self":[{"href":"https:\/\/www.europesays.com\/lt\/wp-json\/wp\/v2\/posts\/109763","targetHints":{"allow":["GET"]}}],"collection":[{"href":"https:\/\/www.europesays.com\/lt\/wp-json\/wp\/v2\/posts"}],"about":[{"href":"https:\/\/www.europesays.com\/lt\/wp-json\/wp\/v2\/types\/post"}],"author":[{"embeddable":true,"href":"https:\/\/www.europesays.com\/lt\/wp-json\/wp\/v2\/users\/2"}],"replies":[{"embeddable":true,"href":"https:\/\/www.europesays.com\/lt\/wp-json\/wp\/v2\/comments?post=109763"}],"version-history":[{"count":0,"href":"https:\/\/www.europesays.com\/lt\/wp-json\/wp\/v2\/posts\/109763\/revisions"}],"wp:featuredmedia":[{"embeddable":true,"href":"https:\/\/www.europesays.com\/lt\/wp-json\/wp\/v2\/media\/109764"}],"wp:attachment":[{"href":"https:\/\/www.europesays.com\/lt\/wp-json\/wp\/v2\/media?parent=109763"}],"wp:term":[{"taxonomy":"category","embeddable":true,"href":"https:\/\/www.europesays.com\/lt\/wp-json\/wp\/v2\/categories?post=109763"},{"taxonomy":"post_tag","embeddable":true,"href":"https:\/\/www.europesays.com\/lt\/wp-json\/wp\/v2\/tags?post=109763"}],"curies":[{"name":"wp","href":"https:\/\/api.w.org\/{rel}","templated":true}]}}