{"id":110125,"date":"2026-02-19T19:54:08","date_gmt":"2026-02-19T19:54:08","guid":{"rendered":"https:\/\/www.europesays.com\/lt\/110125\/"},"modified":"2026-02-19T19:54:08","modified_gmt":"2026-02-19T19:54:08","slug":"pasiruoskite-visiskai-netiketiems-orams-meteorologai-ispeja-apie-stulbinancias-anomalijas","status":"publish","type":"post","link":"https:\/\/www.europesays.com\/lt\/110125\/","title":{"rendered":"Pasiruo\u0161kite visi\u0161kai netik\u0117tiems orams: meteorologai \u012fsp\u0117ja apie stulbinan\u010dias anomalijas"},"content":{"rendered":"<p>\u0160i\u0173 met\u0173 or\u0173 prognoz\u0117s \u017eada ne\u012fprast\u0105 scenarij\u0173, kuris gali pakeisti m\u016bs\u0173 \u012fprastus met\u0173 laik\u0173 l\u016bkes\u010dius. Pasak meteorolog\u0173, 2026 metai gali b\u016bti tie metai, kai tradicinio pavasario papras\u010diausiai nepajusime \u2013 \u017eiema t\u0119sis ilgiau nei \u012fprastai, o tuomet orai staiga per\u0161oks tiesiai \u012f vasari\u0161k\u0105 kar\u0161t\u012f.<\/p>\n<p>Meteorologijos ir vandens valdymo institutas (IMGW) skelbia, kad \u017eiemos sezonas m\u016bs\u0173 regione vis dar aktyvus. Kaimynin\u0117se \u0161alyse, ypa\u010d Lenkijoje, fiksuojami pirmojo laipsnio pavojaus signalai d\u0117l p\u016bg\u0173, gausaus sniego ir plikled\u017eio.\u00a0<\/p>\n<p>Tai tiesiogiai veikia ir Lietuvos or\u0173 dinamik\u0105 \u2013 \u0161ilt\u0173 or\u0173 artimiausiu metu tik\u0117tis neverta. Remiantis prognoz\u0117mis, kovo m\u0117nuo bus v\u0117sesnis nei \u012fprastai, o net ir baland\u012f temperat\u016bra vidutini\u0161kai sieks vos 5 laipsnius \u0161ilumos.\u00a0<\/p>\n<p>Tai rei\u0161kia, kad tur\u0117sime ilg\u0105, dr\u0117gn\u0105 ir ni\u016br\u0173 met\u0173 prad\u017ei\u0105, kuri vargiai primins atbundan\u010di\u0105 gamt\u0105.<\/p>\n<p>Tarptautiniai modeliai pie\u0161ia dar dr\u0105sesn\u012f vaizd\u0105<\/p>\n<p><img loading=\"lazy\" decoding=\"async\" style=\"aspect-ratio:632\/421;\" src=\"https:\/\/bilis.lt\/assets\/nuotraukos\/_tekstuose\/1076722\/photo_5409108.avif?transformId=331631\" width=\"632\" height=\"421\" alt=\"\"\/>Vilnie\u010diai m\u0117gaujasi pavasariu. ELTA \/ Dainius Labutis nuotr.<\/p>\n<p>Vis d\u0117lto did\u017eiausia staigmena gali laukti ne \u017eiemos pabaigoje, o pavasario viduryje. Europos meteorologijos portalas \u201eSevere Weather EU\u201c (SWE), pasitelk\u0119s naujausius duomenis, skelbia apie galim\u0105 radikali\u0105 anomalij\u0105 \u2013 pavasario nebuvim\u0105.<\/p>\n<p>Tok\u012f scenarij\u0173 lemia klimatinis rei\u0161kinys \u201eLa Ni\u00f1a\u201c ir jo galimas staigus nutr\u016bkimas. \u0160is rei\u0161kinys siejamas su \u017eemesne nei \u012fprasta vandens temperat\u016bra atogr\u0105\u017e\u0173 Ramiajame vandenyne ir daro \u012ftak\u0105 viso pasaulio orams.<\/p>\n<p>Meteorologai taip pat fiksuoja stipr\u0173 stratosferos at\u0161ilim\u0105, kuris, kaip prognozuojama, tur\u0117s reik\u0161mingos \u012ftakos orams jau vasario pabaigoje ir vis\u0105 kov\u0105. \u0160is rei\u0161kinys gali sugriauti \u012fprast\u0105 pavasario eig\u0105.<\/p>\n<p>Jei \u201eLa Ni\u00f1a\u201c ciklas i\u0161ties nutr\u016bkt\u0173 staiga, tik\u0117tina, kad j\u012f netrukus pakeis \u201eEl Ni\u00f1o\u201c \u2013 prie\u0161ingas rei\u0161kinys, kuris siejamas su padid\u0117jusia temperat\u016bra ir kar\u0161\u010dio bangomis. Tai gali reik\u0161ti, kad vietoje l\u0117to ir \u0161ilto pavasario, tur\u0117sime staig\u0173 \u0161uol\u012f \u012f vasari\u0161kus orus jau gegu\u017e\u0117s m\u0117nes\u012f.<\/p>\n<p><img loading=\"lazy\" decoding=\"async\" style=\"aspect-ratio:632\/421;\" src=\"https:\/\/bilis.lt\/assets\/nuotraukos\/_tekstuose\/1076723\/photo_5435511.avif?transformId=331634\" width=\"632\" height=\"421\" alt=\"\"\/>\u017diema pavasar\u012f. ELTA \/ Dainius Labutis nuotr.<\/p>\n<p>Europos vidutin\u0117s trukm\u0117s or\u0173 prognozi\u0173 centras (ECMWF) fiksuoja ne\u012fprast\u0105 temperat\u016bros \u0161uol\u012f stratosferoje, ji vir\u0161ija \u012fprast\u0105 norm\u0105 daugiau nei 40 laipsni\u0173.\u00a0<\/p>\n<p>Tokie poky\u010diai vir\u0161utiniuose atmosferos sluoksniuose neretai sukelia grandinines reakcijas, kurios kei\u010dia orus \u017eemutiniuose sluoksniuose \u2013 m\u016bs\u0173 kasdienyb\u0117je.<\/p>\n<p>K\u0105 tai rei\u0161kia mums?<\/p>\n<p>Tokios prognoz\u0117s rei\u0161kia, kad \u017eieminius paltus dar reik\u0117s pane\u0161ioti, bet j\u0173 ilgai laikyti spintoje gali ir netekti. Netik\u0117tai u\u017eklupus vasari\u0161kiems orams, teks staigiai persiorientuoti \u012f \u0161ortus ir basutes.<\/p>\n<p>Pavasario nebuvimas gali paveikti ne tik \u017emoni\u0173 planus, bet ir \u017eem\u0117s \u016bk\u012f, ekosistemas bei energijos vartojim\u0105. D\u0117l staigaus temperat\u016br\u0173 poky\u010dio gali i\u0161augti sausros rizika ar padid\u0117ti elektros poreikis au\u0161inimui.<\/p>\n<p>Kol kas meteorologai ragina steb\u0117ti situacij\u0105, ta\u010diau sutarimo vienu klausimu netr\u016bksta: \u0161ie metai bus vieni \u012fdomiausi\u0173 ir nenusp\u0117jamiausi\u0173 or\u0173 po\u017ei\u016briu.<\/p>\n","protected":false},"excerpt":{"rendered":"\u0160i\u0173 met\u0173 or\u0173 prognoz\u0117s \u017eada ne\u012fprast\u0105 scenarij\u0173, kuris gali pakeisti m\u016bs\u0173 \u012fprastus met\u0173 laik\u0173 l\u016bkes\u010dius. Pasak meteorolog\u0173, 2026&hellip;\n","protected":false},"author":2,"featured_media":110126,"comment_status":"","ping_status":"","sticky":false,"template":"","format":"standard","meta":{"footnotes":"","_share_on_mastodon":"0"},"categories":[6],"tags":[21113,25,231,30,31,34,35,24,2020,32,33,37,39,36,38,40,8108,23,21111,22,15930,5341,28,29,21112,26,27,540],"class_list":["post-110125","post","type-post","status-publish","format-standard","has-post-thumbnail","category-antrastes","tag-anomalijas","tag-antrastes","tag-apie","tag-breaking-news","tag-breakingnews","tag-featured-news","tag-featurednews","tag-headlines","tag-ispeja","tag-latest-news","tag-latestnews","tag-lietuva","tag-lietuviu","tag-lithuania","tag-lithuanian","tag-lt","tag-meteorologai","tag-naujienos","tag-netiketiems","tag-news","tag-orams","tag-pasiruoskite","tag-populiariausios-naujienos","tag-populiariausiosnaujienos","tag-stulbinancias","tag-top-stories","tag-topstories","tag-visiskai"],"share_on_mastodon":{"url":"https:\/\/pubeurope.com\/@lt\/116099053236120161","error":""},"_links":{"self":[{"href":"https:\/\/www.europesays.com\/lt\/wp-json\/wp\/v2\/posts\/110125","targetHints":{"allow":["GET"]}}],"collection":[{"href":"https:\/\/www.europesays.com\/lt\/wp-json\/wp\/v2\/posts"}],"about":[{"href":"https:\/\/www.europesays.com\/lt\/wp-json\/wp\/v2\/types\/post"}],"author":[{"embeddable":true,"href":"https:\/\/www.europesays.com\/lt\/wp-json\/wp\/v2\/users\/2"}],"replies":[{"embeddable":true,"href":"https:\/\/www.europesays.com\/lt\/wp-json\/wp\/v2\/comments?post=110125"}],"version-history":[{"count":0,"href":"https:\/\/www.europesays.com\/lt\/wp-json\/wp\/v2\/posts\/110125\/revisions"}],"wp:featuredmedia":[{"embeddable":true,"href":"https:\/\/www.europesays.com\/lt\/wp-json\/wp\/v2\/media\/110126"}],"wp:attachment":[{"href":"https:\/\/www.europesays.com\/lt\/wp-json\/wp\/v2\/media?parent=110125"}],"wp:term":[{"taxonomy":"category","embeddable":true,"href":"https:\/\/www.europesays.com\/lt\/wp-json\/wp\/v2\/categories?post=110125"},{"taxonomy":"post_tag","embeddable":true,"href":"https:\/\/www.europesays.com\/lt\/wp-json\/wp\/v2\/tags?post=110125"}],"curies":[{"name":"wp","href":"https:\/\/api.w.org\/{rel}","templated":true}]}}