{"id":110241,"date":"2026-02-20T03:25:31","date_gmt":"2026-02-20T03:25:31","guid":{"rendered":"https:\/\/www.europesays.com\/lt\/110241\/"},"modified":"2026-02-20T03:25:31","modified_gmt":"2026-02-20T03:25:31","slug":"arturas-skardzius-visiems-kritikams-pasakysiu-irodykite-kad-yra-kitaip-respublika-lt","status":"publish","type":"post","link":"https:\/\/www.europesays.com\/lt\/110241\/","title":{"rendered":"Art\u016bras SKARD\u017dIUS: Visiems kritikams pasakysiu &#8211; \u012frodykite, kad yra kitaip &#8211; Respublika.lt"},"content":{"rendered":"<p><img loading=\"lazy\" decoding=\"async\" src=\"https:\/\/www.respublika.lt\/lt\/naujienos\/nuomones_ir_komentarai\/isklausyk-respublika\/arturas-skardzius-visiems-kritikams-pasakysiu---irodykite-kad-yra-kitaip\/images\/ico_camera_white.gif\" class=\"camera\" width=\"22\" height=\"15\" alt=\"nuotr.\" style=\"position:relative; top:-2px; right:2px;\"\/> 1 nuotr.<\/p>\n<p>Monika Garba\u010diauskait\u0117-Budrien\u0117 ir Art\u016bras Skard\u017eius. Eltos nuotr.<\/p>\n<p style=\"text-align: justify;\" class=\"desktop_banner\">\u00a0<\/p>\n<p>\u0160iandien Darbo grup\u0117 pritar\u0117 si\u016blymui, kad asmenys, valdantys ar vie\u0161ai atstovaujantys kitoms \u017einiasklaidos priemon\u0117ms, gal\u0117t\u0173 dalyvauti LRT turinyje tik pagal LRT tarybos patvirtintas redakcin\u0117s politikos s\u0105lygas, deklarav\u0119 interes\u0173 konfliktus ir netur\u0117dami teis\u0117s naudoti LRT platformos savo \u017einiasklaidos priemon\u0117s reklamai, auditorijos perk\u0117limui ar \u012ftakos stiprinimui.<\/p>\n<p>Pabr\u0117\u0161iu &#8211; tai n\u0117ra joks bandymas ki\u0161tis \u012f turin\u012f. Tai principinis klausimas &#8211; ar vie\u0161asis transliuotojas turi i\u0161likti nepriklausomas nuo komercini\u0173 ir kit\u0173 interes\u0173.<\/p>\n<p>Interes\u0173 konfliktas n\u0117ra i\u0161galvota gr\u0117sm\u0117. Jis realus ir apie j\u012f b\u016btina kalb\u0117ti atsakingai.<\/p>\n<p>Kritikai m\u0117gsta remtis emocijomis ir garsiais parei\u0161kimais, ta\u010diau ignoruoja tarptautin\u0119 praktik\u0105.<\/p>\n<p>Pavyzd\u017eiui, BBC taiko grie\u017etas taisykles:<\/p>\n<p>&#8211; grie\u017etai draud\u017eiama naudoti BBC eter\u012f ar skaitmenines platformas savo \u017einiasklaidos priemon\u0117s reklamai, auditorijos perk\u0117limui, asmeninio ar komercinio prek\u0117s \u017eenklo stiprinimui;<\/p>\n<p>&#8211; asmenys privalo deklaruoti, jei jie valdo, kontroliuoja ar yra vie\u0161i kit\u0173 \u017einiasklaidos priemoni\u0173 (TV, interneto kanal\u0173, platform\u0173) atstovai, arba gauna pajamas i\u0161 konkuruojan\u010dio turinio.<\/p>\n<p>&#8211; nedeklaruotas interes\u0173 konfliktas laikomas rimtu pa\u017eeidimu;<\/p>\n<p>BBC visada i\u0161laiko galutin\u0119 redakcin\u0119 kontrol\u0119 visam transliuojamam turiniui. I\u0161oriniai asmenys, net jei jie yra laid\u0173 ved\u0117jai ar autorinio turinio k\u016br\u0117jai, negali veikti kaip savaranki\u0161ki redakciniai subjektai BBC viduje.<\/p>\n<p>Atmesti \u0161iuos pavyzd\u017eius vien d\u0117l rinkos dyd\u017eio &#8211; silpnas argumentas. Principas nepriklauso nuo rinkos dyd\u017eio: vie\u0161asis transliuotojas turi b\u016bti atskiras nuo komercin\u0117s \u012ftakos.<\/p>\n<p>O ginantiems kai kuriuos savo draugus rei\u0161kia ginti juos, o ne pat\u012f princip\u0105 ar teis\u0117s norm\u0105.<\/p>\n<p>Politin\u0117s intencijos lipdomos be joki\u0173 \u012frodym\u0173. Tai patogu, bet neatsakinga.<\/p>\n<p>Jei diskutuojame &#8211; diskutuokime argumentais, o ne etiket\u0117mis. Jei kritikuojate &#8211; pagr\u012fskite. Jei teigiate, kad sprendimas \u017ealingas &#8211; parodykite konkre\u010diai, kuo ir kaip. O gal kam?<\/p>\n<p>Vie\u0161asis interesas reikalauja ne triuk\u0161mo, o ai\u0161kios, skaidrios ir teisi\u0161kai pagr\u012fstos pozicijos.<\/p>\n","protected":false},"excerpt":{"rendered":"1 nuotr. Monika Garba\u010diauskait\u0117-Budrien\u0117 ir Art\u016bras Skard\u017eius. Eltos nuotr. \u00a0 \u0160iandien Darbo grup\u0117 pritar\u0117 si\u016blymui, kad asmenys, valdantys&hellip;\n","protected":false},"author":2,"featured_media":110242,"comment_status":"","ping_status":"","sticky":false,"template":"","format":"standard","meta":{"footnotes":"","_share_on_mastodon":"0"},"categories":[6],"tags":[25,30,31,2010,34,35,1230,24,21125,3767,32,33,37,39,36,38,519,40,23,22,28,29,5245,26,27,13458,979],"class_list":["post-110241","post","type-post","status-publish","format-standard","has-post-thumbnail","category-antrastes","tag-antrastes","tag-breaking-news","tag-breakingnews","tag-darbo","tag-featured-news","tag-featurednews","tag-grupe","tag-headlines","tag-interesu","tag-konfliktas","tag-latest-news","tag-latestnews","tag-lietuva","tag-lietuviu","tag-lithuania","tag-lithuanian","tag-lrt","tag-lt","tag-naujienos","tag-news","tag-populiariausios-naujienos","tag-populiariausiosnaujienos","tag-skardzius","tag-top-stories","tag-topstories","tag-transliuotojas","tag-ziniasklaida"],"share_on_mastodon":{"url":"https:\/\/pubeurope.com\/@lt\/116100826575032006","error":""},"_links":{"self":[{"href":"https:\/\/www.europesays.com\/lt\/wp-json\/wp\/v2\/posts\/110241","targetHints":{"allow":["GET"]}}],"collection":[{"href":"https:\/\/www.europesays.com\/lt\/wp-json\/wp\/v2\/posts"}],"about":[{"href":"https:\/\/www.europesays.com\/lt\/wp-json\/wp\/v2\/types\/post"}],"author":[{"embeddable":true,"href":"https:\/\/www.europesays.com\/lt\/wp-json\/wp\/v2\/users\/2"}],"replies":[{"embeddable":true,"href":"https:\/\/www.europesays.com\/lt\/wp-json\/wp\/v2\/comments?post=110241"}],"version-history":[{"count":0,"href":"https:\/\/www.europesays.com\/lt\/wp-json\/wp\/v2\/posts\/110241\/revisions"}],"wp:featuredmedia":[{"embeddable":true,"href":"https:\/\/www.europesays.com\/lt\/wp-json\/wp\/v2\/media\/110242"}],"wp:attachment":[{"href":"https:\/\/www.europesays.com\/lt\/wp-json\/wp\/v2\/media?parent=110241"}],"wp:term":[{"taxonomy":"category","embeddable":true,"href":"https:\/\/www.europesays.com\/lt\/wp-json\/wp\/v2\/categories?post=110241"},{"taxonomy":"post_tag","embeddable":true,"href":"https:\/\/www.europesays.com\/lt\/wp-json\/wp\/v2\/tags?post=110241"}],"curies":[{"name":"wp","href":"https:\/\/api.w.org\/{rel}","templated":true}]}}