{"id":110909,"date":"2026-02-20T19:29:08","date_gmt":"2026-02-20T19:29:08","guid":{"rendered":"https:\/\/www.europesays.com\/lt\/110909\/"},"modified":"2026-02-20T19:29:08","modified_gmt":"2026-02-20T19:29:08","slug":"klaipedos-meras-del-prasto-sniego-valymo-su-kai-kuo-teks-atsisveikinti","status":"publish","type":"post","link":"https:\/\/www.europesays.com\/lt\/110909\/","title":{"rendered":"Klaip\u0117dos meras: d\u0117l prasto sniego valymo su kai kuo teks atsisveikinti"},"content":{"rendered":"<p>\u201eTuriu daug priekai\u0161t\u0173 rangovams, manau, kad bus priimtos pa\u010dios nemaloniausios priemon\u0117s &#8211; atsisveikinant su kai kuriais i\u0161 j\u0173. Be abejon\u0117s, reikia per\u017ei\u016br\u0117ti ir pat\u012f princip\u0105, kad viena kompanija gal\u0117t\u0173 valyti tiek gatv\u0119, tiek \u0161aligatv\u012f\u201c, \u2013 penktadien\u012f radijo sto\u010diai \u201eLaluna\u201c sak\u0117 A. Vaitkus.<\/p>\n<p>Anot jo, savivaldyb\u0117 klydo sudarydama atskiras sutartis d\u0117l gatvi\u0173 ir \u0161aligatvi\u0173 valymo.<\/p>\n<p>\u201eManau, kad tas sutartis, kurias turime kelet\u0105 met\u0173, jas tikrai bus b\u016btina per\u017ei\u016br\u0117ti (&#8230;) Klaidos yra tokios, kad nusamdytos \u012fmon\u0117s, kurios valo kelius \u2013 jos nevalo \u0161aligatvi\u0173. Tai yra viena i\u0161 t\u0173 did\u017ei\u0173j\u0173 klaid\u0173, privalu b\u016bt\u0173 valyti ir tai, ir tai.<\/p>\n<p>Prava\u017eiuoja sunkioji technika per gatv\u0119, stumia snieg\u0105 \u012f \u0161aligatvio pus\u0119, u\u017epila ir autobus\u0173 stoteles, o tada tie, kurie valo \u0161aligatvius, stumia visk\u0105 atgal. Tokie pasistumdymai\u201c, \u2013 kalb\u0117jo meras.<\/p>\n<p>A. Vaitkus teig\u0117, kad su paskirtomis u\u017eduotimis kone geriausiai susitvark\u0117 \u0161iaurin\u0117je miesto dalyje dirbusi savivaldyb\u0117s kontroliuojama \u012fmon\u0117 \u201eKlaip\u0117dos paslaugos\u201c.<\/p>\n<p>\u201eTurb\u016bt geriausiai susitvark\u0117 su savo u\u017eduotimi. Yra papras\u010diausia paskambinti \u012fmon\u0117s vadovui ir pasakyti \u2013 \u017ei\u016br\u0117k, ten ar ten yra negerai\u201c, \u2013 sak\u0117 miesto vadovas.<\/p>\n<p>Tai, pasak jo, \u012frodo vidaus sandori\u0173 efektyvum\u0105 atliekant svarbius miesto tvarkymo darbus, d\u0117l to j\u0173 ateityje gali b\u016bti sudaroma daugiau.<\/p>\n<p>\u201eNuostata ir u\u017esispyrimas yra toliau vykdyti vidaus sandorius. Taip yra papras\u010diausiai suvaldyti svarbiausias funkcijas, kurios yra priskirtos miestui. Miesto tvarkymas \u017eiemos metu b\u016btent ir yra ta funkcija\u201c, \u2013 sak\u0117 A. Vaitkus.<\/p>\n<p>\u201eAi\u0161ku, tikrai mes neatsisakysime visi\u0161kai priva\u010di\u0173 kompanij\u0173 pagalbos, turi b\u016bti ir savoti\u0161ka konkurencija\u201c, \u2013 prid\u016br\u0117 A. Vaitkus.<\/p>\n<p>Vidaus sandoriai perkan\u010diajai organizacijai suteikia galimyb\u0119 tam tikromis s\u0105lygomis samdyti ir kontroliuoti rangov\u0105 kaip savo pa\u010dios tarnyb\u0105 ar strukt\u016brin\u012f padalin\u012f, darydama lemiam\u0105 \u012ftak\u0105 jos reik\u0161mingiems sprendimams.<\/p>\n<p>Meras taip pat teig\u0117, kad \u0161i\u0105 \u017eiem\u0105 dalis daugiabu\u010di\u0173 nam\u0173 administratori\u0173 band\u0117 i\u0161vengti atsakomyb\u0117s r\u016bpintis kiemais ir band\u0117 j\u0105 permesti savivaldybei \u2013 d\u0117l to jie buvo baud\u017eiami.<\/p>\n<p>\u201eNema\u017eai nam\u0173 administratori\u0173 tiesiog \u017emones apgaudin\u0117jo, yra nubaust\u0173 ir administratori\u0173, turb\u016bt pirm\u0105 kart\u0105 po 20 met\u0173 (&#8230;) Jie sakydavo: \u017einote, \u010dia savivaldyb\u0117 turi nuvalyti\u201c, \u2013 sak\u0117 A. Vaitkus.<\/p>\n<p>Meras taip pat teig\u0117, jog d\u0117l sniego valytoj\u0173 darbo kontrol\u0117s turi priekai\u0161t\u0173 ir savivaldyb\u0117s darbuotojams.<\/p>\n<p>\u201eTuriu priekai\u0161t\u0173 ir administracijos darbuotojams. Taip, jie rod\u0117 didel\u012f d\u0117mes\u012f (&#8230;), bet akivaizdu, kad to nepakanka\u201c, \u2013 kalb\u0117jo A. Vaitkus.<\/p>\n","protected":false},"excerpt":{"rendered":"\u201eTuriu daug priekai\u0161t\u0173 rangovams, manau, kad bus priimtos pa\u010dios nemaloniausios priemon\u0117s &#8211; atsisveikinant su kai kuriais i\u0161 j\u0173.&hellip;\n","protected":false},"author":2,"featured_media":110910,"comment_status":"","ping_status":"","sticky":false,"template":"","format":"standard","meta":{"footnotes":"","_share_on_mastodon":"0"},"categories":[13],"tags":[25,5524,30,31,16318,34,35,24,511,18404,32,33,37,39,36,38,40,23,22,28,29,5630,26,27],"class_list":["post-110909","post","type-post","status-publish","format-standard","has-post-thumbnail","category-lietuva","tag-antrastes","tag-arvydas-vaitkus","tag-breaking-news","tag-breakingnews","tag-ecoservice","tag-featured-news","tag-featurednews","tag-headlines","tag-klaipeda","tag-klaipedos-meras","tag-latest-news","tag-latestnews","tag-lietuva","tag-lietuviu","tag-lithuania","tag-lithuanian","tag-lt","tag-naujienos","tag-news","tag-populiariausios-naujienos","tag-populiariausiosnaujienos","tag-sniegas","tag-top-stories","tag-topstories"],"share_on_mastodon":{"url":"https:\/\/pubeurope.com\/@lt\/116104617223590499","error":""},"_links":{"self":[{"href":"https:\/\/www.europesays.com\/lt\/wp-json\/wp\/v2\/posts\/110909","targetHints":{"allow":["GET"]}}],"collection":[{"href":"https:\/\/www.europesays.com\/lt\/wp-json\/wp\/v2\/posts"}],"about":[{"href":"https:\/\/www.europesays.com\/lt\/wp-json\/wp\/v2\/types\/post"}],"author":[{"embeddable":true,"href":"https:\/\/www.europesays.com\/lt\/wp-json\/wp\/v2\/users\/2"}],"replies":[{"embeddable":true,"href":"https:\/\/www.europesays.com\/lt\/wp-json\/wp\/v2\/comments?post=110909"}],"version-history":[{"count":0,"href":"https:\/\/www.europesays.com\/lt\/wp-json\/wp\/v2\/posts\/110909\/revisions"}],"wp:featuredmedia":[{"embeddable":true,"href":"https:\/\/www.europesays.com\/lt\/wp-json\/wp\/v2\/media\/110910"}],"wp:attachment":[{"href":"https:\/\/www.europesays.com\/lt\/wp-json\/wp\/v2\/media?parent=110909"}],"wp:term":[{"taxonomy":"category","embeddable":true,"href":"https:\/\/www.europesays.com\/lt\/wp-json\/wp\/v2\/categories?post=110909"},{"taxonomy":"post_tag","embeddable":true,"href":"https:\/\/www.europesays.com\/lt\/wp-json\/wp\/v2\/tags?post=110909"}],"curies":[{"name":"wp","href":"https:\/\/api.w.org\/{rel}","templated":true}]}}