{"id":110959,"date":"2026-02-20T21:08:00","date_gmt":"2026-02-20T21:08:00","guid":{"rendered":"https:\/\/www.europesays.com\/lt\/110959\/"},"modified":"2026-02-20T21:08:00","modified_gmt":"2026-02-20T21:08:00","slug":"draudikas-ergo-vokietijoje-planuoja-atleisti-tukstanti-darbuotoju-juos-pakeis-di","status":"publish","type":"post","link":"https:\/\/www.europesays.com\/lt\/110959\/","title":{"rendered":"Draudikas \u201eErgo\u201c Vokietijoje planuoja atleisti t\u016bkstant\u012f darbuotoj\u0173, juos pakeis DI"},"content":{"rendered":"<p>Viena i\u0161 did\u017eiausi\u0173 Vokietijos draudimo bendrovi\u0173 \u201eErgo\u201c iki 2030 m. \u0161ioje \u0161alyje atleis t\u016bkstant\u012f darbuotoj\u0173, nes ketina vis pla\u010diau naudoti dirbtin\u012f intelekt\u0105, antradien\u012f prane\u0161\u0117 bendrov\u0117s atstovai.<\/p>\n<p>Bendrov\u0117s \u201eMunich Re\u201c dukterin\u0117 \u012fmon\u0117, kurioje \u0161iuo metu dirba 15 t\u016bkst. darbuotoj\u0173, sieks per metus panaikinti 200 etat\u0173, \u201eintensyviau naudodama dirbtin\u012f intelekt\u0105\u201c, verslo dienra\u0161\u010diui \u201eHandelsblatt\u201c sak\u0117 bendrov\u0117s \u201eErgo\u201c personalo direktor\u0117 Lena Lindemann.<\/p>\n<p>Jos teigimu, darbo vietos bus naikinamos skambu\u010di\u0173 centruose ir \u017eal\u0173 sureguliavimo skyriuose. Nauji darbuotojai \u012f atleid\u017eiamo personalo vietas priimami nebus, be to, keletas darbuotoj\u0173 bus pirma laiko i\u0161leisti \u012f pensij\u0105.<\/p>\n<p>Ma\u017edaug 500 bendrov\u0117s \u201eErgo\u201c darbuotoj\u0173 bus perkvalifikuoti. Bendrov\u0117s atstovas Yannickas Tetzlaffas naujien\u0173 agent\u016brai AFP sak\u0117, kad neperkvalifikuojant darbuotoj\u0173 darbo viet\u0173 skai\u010dius b\u016bt\u0173 suma\u017e\u0117j\u0119s dar labiau.<\/p>\n<p>DI jau padar\u0117 didel\u012f poveik\u012f Vokietijos draudimo sektoriui. \u201eAllianz Partners\u201c lapkri\u010dio m\u0117nes\u012f paskelb\u0117, kad, i\u0161augus automatizacijos apimtims, atleis 1,8 t\u016bkst. arba apie a\u0161tuonis procentus savo darbuotoj\u0173.\n<\/p>\n<p class=\"elta-disclaimer\" style=\"font-style: italic;\">Kopijuoti, platinti, skelbti ELTA turin\u012f be ELTA ra\u0161ti\u0161ko sutikimo draud\u017eiama.\n                    <\/p>\n<p>\n\t\t\t\tKaip vertinate \u0161\u012f \u012fra\u0161\u0105?\n\t\t\t<\/p>\n","protected":false},"excerpt":{"rendered":"Viena i\u0161 did\u017eiausi\u0173 Vokietijos draudimo bendrovi\u0173 \u201eErgo\u201c iki 2030 m. \u0161ioje \u0161alyje atleis t\u016bkstant\u012f darbuotoj\u0173, nes ketina vis&hellip;\n","protected":false},"author":2,"featured_media":110960,"comment_status":"","ping_status":"","sticky":false,"template":"","format":"standard","meta":{"footnotes":"","_share_on_mastodon":"0"},"categories":[17],"tags":[81,295,5643,37,39,36,38,40,46],"class_list":["post-110959","post","type-post","status-publish","format-standard","has-post-thumbnail","category-verslas","tag-business","tag-dirbtinis-intelektas","tag-ergo","tag-lietuva","tag-lietuviu","tag-lithuania","tag-lithuanian","tag-lt","tag-verslas"],"share_on_mastodon":{"url":"https:\/\/pubeurope.com\/@lt\/116105006541103212","error":""},"_links":{"self":[{"href":"https:\/\/www.europesays.com\/lt\/wp-json\/wp\/v2\/posts\/110959","targetHints":{"allow":["GET"]}}],"collection":[{"href":"https:\/\/www.europesays.com\/lt\/wp-json\/wp\/v2\/posts"}],"about":[{"href":"https:\/\/www.europesays.com\/lt\/wp-json\/wp\/v2\/types\/post"}],"author":[{"embeddable":true,"href":"https:\/\/www.europesays.com\/lt\/wp-json\/wp\/v2\/users\/2"}],"replies":[{"embeddable":true,"href":"https:\/\/www.europesays.com\/lt\/wp-json\/wp\/v2\/comments?post=110959"}],"version-history":[{"count":0,"href":"https:\/\/www.europesays.com\/lt\/wp-json\/wp\/v2\/posts\/110959\/revisions"}],"wp:featuredmedia":[{"embeddable":true,"href":"https:\/\/www.europesays.com\/lt\/wp-json\/wp\/v2\/media\/110960"}],"wp:attachment":[{"href":"https:\/\/www.europesays.com\/lt\/wp-json\/wp\/v2\/media?parent=110959"}],"wp:term":[{"taxonomy":"category","embeddable":true,"href":"https:\/\/www.europesays.com\/lt\/wp-json\/wp\/v2\/categories?post=110959"},{"taxonomy":"post_tag","embeddable":true,"href":"https:\/\/www.europesays.com\/lt\/wp-json\/wp\/v2\/tags?post=110959"}],"curies":[{"name":"wp","href":"https:\/\/api.w.org\/{rel}","templated":true}]}}