{"id":111095,"date":"2026-02-21T04:22:45","date_gmt":"2026-02-21T04:22:45","guid":{"rendered":"https:\/\/www.europesays.com\/lt\/111095\/"},"modified":"2026-02-21T04:22:45","modified_gmt":"2026-02-21T04:22:45","slug":"misija-baigta-svedu-imone-nutraukia-veikla-uostamiestyje-respublika-lt","status":"publish","type":"post","link":"https:\/\/www.europesays.com\/lt\/111095\/","title":{"rendered":"Misija baigta: \u0161ved\u0173 \u012fmon\u0117 nutraukia veikl\u0105 uostamiestyje &#8211; Respublika.lt"},"content":{"rendered":"<p><img loading=\"lazy\" decoding=\"async\" src=\"https:\/\/www.respublika.lt\/lt\/naujienos\/lietuva\/verslas\/misija-baigta-svedu-imone-nutraukia-veikla-uostamiestyje\/images\/ico_camera_white.gif\" class=\"camera\" width=\"22\" height=\"15\" alt=\"nuotr.\" style=\"position:relative; top:-2px; right:2px;\"\/> 1 nuotr.<\/p>\n<p>Bendrov\u0117s nuotr.<\/p>\n<p style=\"text-align: left;\">Klaip\u0117doje veikl\u0105 nutraukia 2017 metais uostamiestyje \u012fsteigta \u0160vedijos automobili\u0173 dali\u0173 surinkimo \u012fmon\u0117 \u201eProton Engineering Lithuania\u201c, ra\u0161o portalas \u201eVakar\u0173 ekspresas\u201c.<\/p>\n<p style=\"text-align: justify;\" class=\"desktop_banner\">\u00a0<\/p>\n<p style=\"text-align: left;\">\u00a0<\/p>\n<p style=\"text-align: left;\">Sprendim\u0105 u\u017edaryti bendrov\u0117s veikl\u0105 vasario prad\u017eioje pri\u0117m\u0117 vienintel\u0117 \u012fmon\u0117s akcinink\u0117 \u2013 \u0160vedijoje registruota bendrov\u0117 \u201eProton Engineering Aktiebolag\u201c.<\/p>\n<p style=\"text-align: left;\">Dabartinis bendrov\u0117s vadovas Tomas Kocius portalui nurod\u0117, kad \u012fmon\u0117 u\u017edaroma atlikus suplanuotus darbus. \u00a0<\/p>\n<p style=\"text-align: left;\">\u201ePasibaig\u0117 darbai, d\u0117l kuri\u0173 buvome sukurti, tai ir u\u017esidarom. Paprastai tariant \u2013 u\u017eduotis atlikta. Tikrai ne kokie nors finansiniai sunkumai\u201c, \u2013 tvirtino jis.<\/p>\n<p style=\"text-align: left;\">Portalo \u201eRekvizitai.lt\u201c duomenimis, \u0161iuo metu \u012fmon\u0117je dirba 14 darbuotoj\u0173.<\/p>\n<p style=\"text-align: left;\">Bendrov\u0117s pardavimo pajamos 2024 metais sudar\u0117 798,6 t\u016bkst. eur\u0173, grynasis pelnas siek\u0117 beveik 42,3 t\u016bkst. eur\u0173.<\/p>\n<p>Naujausios \u017einios<\/p>\n<p><\/p>\n<p>        <a href=\"https:\/\/www.respublika.lt\/lt\/naujienos\/pramogos\/idomybes\/vasario-21-d-vardadieniai-ir-kitos-idomybes-87247701\/\" rel=\"nofollow noopener\" target=\"_blank\"><img decoding=\"async\" oncontextmenu=\"return false\" class=\"block_item_newest_photo\" src=\"https:\/\/www.respublika.lt\/lt\/naujienos\/lietuva\/verslas\/misija-baigta-svedu-imone-nutraukia-veikla-uostamiestyje\/uploads\/img\/catalog\/1\/photo_for_homepage_1_25325043.jpg\" alt=\"\" width=\"240\" height=\"154.45\"\/><\/a><\/p>\n<p>        <a href=\"https:\/\/www.respublika.lt\/lt\/naujienos\/pasaulis\/kitos_pasaulio_naujienos\/prancuzija-grazino-dramblio-kaulo-krantui-kolonijiniu-laiku-trofeju---kalbanti-bugna\/\" rel=\"nofollow noopener\" target=\"_blank\"><img decoding=\"async\" oncontextmenu=\"return false\" class=\"block_item_newest_photo\" src=\"https:\/\/www.respublika.lt\/lt\/naujienos\/lietuva\/verslas\/misija-baigta-svedu-imone-nutraukia-veikla-uostamiestyje\/uploads\/img\/catalog\/1\/photo_for_homepage_1_19435348.jpg\" alt=\"\" width=\"240\" height=\"154.45\"\/><\/a><\/p>\n<p>Patiko straipsnis? Leisk mums apie tai su\u017einoti. Nepamir\u0161k pasidalinti Facebook! <\/p>\n<p><img loading=\"lazy\" decoding=\"async\" class=\"p2_social_circle_icon\" src=\"https:\/\/www.respublika.lt\/images\/thumbs_up.svg\" width=\"21\" height=\"22\" alt=\"L\"\/><\/p>\n<p><img loading=\"lazy\" decoding=\"async\" class=\"p2_social_circle_icon\" src=\"https:\/\/www.respublika.lt\/images\/facebook.svg\" alt=\"F\" width=\"22\" height=\"22\" style=\"filter: invert(37%) sepia(55%) saturate(2351%) hue-rotate(187deg) brightness(102%) contrast(106%);\"\/><\/p>\n<p>&#13;<br \/>\n\tNesutinkate &#8211; diskutuokime!<br \/>&#13;<br \/>\n\tNepykite komentatoriai, bet komentarai su keiksma\u017eod\u017eiais bus \u0161alinami automati\u0161kai, be atsipra\u0161ymo.\n    <\/p>\n<p>&#13;<br \/>\n              Respublika.lt pasilieka teis\u0119 pa\u0161alinti nekult\u016bringus, keiksma\u017eod\u017eiais pagardintus, su tema nesusijusius, kito asmens vardu pasira\u0161ytus, \u012fstatymus pa\u017eeid\u017eian\u010dius, \u0161lam\u0161t\u0105 reklamuojan\u010dius ar nusikalsti kurstan\u010dius komentarus. Jei kurstysite smurt\u0105, rasin\u0119, tautin\u0119, religin\u0119 ar kitokio pob\u016bd\u017eio neapykant\u0105, \u017evirbliu i\u0161skrid\u0119 j\u016bs\u0173 \u017eod\u017eiai gr\u012f\u017edami gali virsti ton\u0105 sverian\u010diu jau\u010diu &#8211; specialiosioms Lietuvos tarnyboms pareikalavus suteiksime j\u016bs\u0173 duomenis.\n            <\/p>\n","protected":false},"excerpt":{"rendered":"1 nuotr. Bendrov\u0117s nuotr. Klaip\u0117doje veikl\u0105 nutraukia 2017 metais uostamiestyje \u012fsteigta \u0160vedijos automobili\u0173 dali\u0173 surinkimo \u012fmon\u0117 \u201eProton Engineering&hellip;\n","protected":false},"author":2,"featured_media":111096,"comment_status":"","ping_status":"","sticky":false,"template":"","format":"standard","meta":{"footnotes":"","_share_on_mastodon":"0"},"categories":[17],"tags":[81,21214,3703,511,37,39,36,38,40,21215,21213,21212,7413,46],"class_list":["post-111095","post","type-post","status-publish","format-standard","has-post-thumbnail","category-verslas","tag-business","tag-engineering","tag-imone","tag-klaipeda","tag-lietuva","tag-lietuviu","tag-lithuania","tag-lithuanian","tag-lt","tag-nutraukia","tag-proton","tag-svedu","tag-veikla","tag-verslas"],"share_on_mastodon":{"url":"https:\/\/pubeurope.com\/@lt\/116106713058947811","error":""},"_links":{"self":[{"href":"https:\/\/www.europesays.com\/lt\/wp-json\/wp\/v2\/posts\/111095","targetHints":{"allow":["GET"]}}],"collection":[{"href":"https:\/\/www.europesays.com\/lt\/wp-json\/wp\/v2\/posts"}],"about":[{"href":"https:\/\/www.europesays.com\/lt\/wp-json\/wp\/v2\/types\/post"}],"author":[{"embeddable":true,"href":"https:\/\/www.europesays.com\/lt\/wp-json\/wp\/v2\/users\/2"}],"replies":[{"embeddable":true,"href":"https:\/\/www.europesays.com\/lt\/wp-json\/wp\/v2\/comments?post=111095"}],"version-history":[{"count":0,"href":"https:\/\/www.europesays.com\/lt\/wp-json\/wp\/v2\/posts\/111095\/revisions"}],"wp:featuredmedia":[{"embeddable":true,"href":"https:\/\/www.europesays.com\/lt\/wp-json\/wp\/v2\/media\/111096"}],"wp:attachment":[{"href":"https:\/\/www.europesays.com\/lt\/wp-json\/wp\/v2\/media?parent=111095"}],"wp:term":[{"taxonomy":"category","embeddable":true,"href":"https:\/\/www.europesays.com\/lt\/wp-json\/wp\/v2\/categories?post=111095"},{"taxonomy":"post_tag","embeddable":true,"href":"https:\/\/www.europesays.com\/lt\/wp-json\/wp\/v2\/tags?post=111095"}],"curies":[{"name":"wp","href":"https:\/\/api.w.org\/{rel}","templated":true}]}}