{"id":112004,"date":"2026-02-22T08:57:14","date_gmt":"2026-02-22T08:57:14","guid":{"rendered":"https:\/\/www.europesays.com\/lt\/112004\/"},"modified":"2026-02-22T08:57:14","modified_gmt":"2026-02-22T08:57:14","slug":"vilniaus-centre-troleibusas-partrenke-per-pesciuju-pereja-ejusia-moteri","status":"publish","type":"post","link":"https:\/\/www.europesays.com\/lt\/112004\/","title":{"rendered":"Vilniaus centre troleibusas partrenk\u0117 per p\u0117s\u010di\u0173j\u0173 per\u0117j\u0105 \u0117jusi\u0105 moter\u012f"},"content":{"rendered":"<p>Kaip skelbia policija, vasario 20 dien\u0105, apie 14 val. 2 min., <a rel=\"noopener nofollow\" target=\"_blank\" href=\"https:\/\/www.delfi.lt\/temos\/vilnius\" tag-id=\"36207967\">Vilniuje<\/a>, Pylimo g., <a rel=\"noopener nofollow\" target=\"_blank\" href=\"https:\/\/www.delfi.lt\/temos\/troleibusas\" tag-id=\"59447541\">troleibusas<\/a> \u201e\u0160koda\u201c, vairuojamas moters (gim. 1982 m.), \u012fva\u017eiavo \u012f sankry\u017e\u0105 degant draud\u017eiamam \u0161viesoforo signalui ir <a rel=\"noopener nofollow\" target=\"_blank\" href=\"https:\/\/www.delfi.lt\/temos\/partrenke\" tag-id=\"60892357\">partrenk\u0117<\/a> bei su\u017ealojo \u012f p\u0117s\u010di\u0173j\u0173 per\u0117j\u0105 \u012f\u017eengusi\u0105 p\u0117s\u010di\u0105j\u0105 (gim. 1991 m.).<\/p>\n<p>D\u0117l \u012fvykio prad\u0117tas ikiteisminis tyrimas pagal LR BK 281 str. 1 d. (Keli\u0173 transporto eismo saugumo ar transporto priemoni\u0173 eksploatavimo taisykli\u0173 pa\u017eeidimas).<\/p>\n<p>Nurodoma, kad tas, kas vairuodamas keli\u0173 transporto priemon\u0119 pa\u017eeid\u0117 keli\u0173 eismo saugumo ar transporto priemon\u0117s eksploatavimo taisykles, jeigu d\u0117l to \u012fvyko eismo \u012fvykis, d\u0117l kurio buvo nesunkiai sutrikdyta kito \u017emogaus sveikata, baud\u017eiamas vie\u0161aisiais darbais arba bauda, arba laisv\u0117s apribojimu, arba are\u0161tu, arba laisv\u0117s at\u0117mimu iki dvej\u0173 met\u0173.<\/p>\n","protected":false},"excerpt":{"rendered":"Kaip skelbia policija, vasario 20 dien\u0105, apie 14 val. 2 min., Vilniuje, Pylimo g., troleibusas \u201e\u0160koda\u201c, vairuojamas moters&hellip;\n","protected":false},"author":2,"featured_media":112005,"comment_status":"","ping_status":"","sticky":false,"template":"","format":"standard","meta":{"footnotes":"","_share_on_mastodon":"0"},"categories":[13],"tags":[25,30,31,34,35,24,32,33,37,39,492,36,38,40,23,22,3828,28,29,26,27,6845,626],"class_list":["post-112004","post","type-post","status-publish","format-standard","has-post-thumbnail","category-lietuva","tag-antrastes","tag-breaking-news","tag-breakingnews","tag-featured-news","tag-featurednews","tag-headlines","tag-latest-news","tag-latestnews","tag-lietuva","tag-lietuviu","tag-ligonine","tag-lithuania","tag-lithuanian","tag-lt","tag-naujienos","tag-news","tag-partrenke","tag-populiariausios-naujienos","tag-populiariausiosnaujienos","tag-top-stories","tag-topstories","tag-troleibusas","tag-vilnius"],"share_on_mastodon":{"url":"https:\/\/pubeurope.com\/@lt\/116113456676033592","error":""},"_links":{"self":[{"href":"https:\/\/www.europesays.com\/lt\/wp-json\/wp\/v2\/posts\/112004","targetHints":{"allow":["GET"]}}],"collection":[{"href":"https:\/\/www.europesays.com\/lt\/wp-json\/wp\/v2\/posts"}],"about":[{"href":"https:\/\/www.europesays.com\/lt\/wp-json\/wp\/v2\/types\/post"}],"author":[{"embeddable":true,"href":"https:\/\/www.europesays.com\/lt\/wp-json\/wp\/v2\/users\/2"}],"replies":[{"embeddable":true,"href":"https:\/\/www.europesays.com\/lt\/wp-json\/wp\/v2\/comments?post=112004"}],"version-history":[{"count":0,"href":"https:\/\/www.europesays.com\/lt\/wp-json\/wp\/v2\/posts\/112004\/revisions"}],"wp:featuredmedia":[{"embeddable":true,"href":"https:\/\/www.europesays.com\/lt\/wp-json\/wp\/v2\/media\/112005"}],"wp:attachment":[{"href":"https:\/\/www.europesays.com\/lt\/wp-json\/wp\/v2\/media?parent=112004"}],"wp:term":[{"taxonomy":"category","embeddable":true,"href":"https:\/\/www.europesays.com\/lt\/wp-json\/wp\/v2\/categories?post=112004"},{"taxonomy":"post_tag","embeddable":true,"href":"https:\/\/www.europesays.com\/lt\/wp-json\/wp\/v2\/tags?post=112004"}],"curies":[{"name":"wp","href":"https:\/\/api.w.org\/{rel}","templated":true}]}}