{"id":112142,"date":"2026-02-22T11:30:07","date_gmt":"2026-02-22T11:30:07","guid":{"rendered":"https:\/\/www.europesays.com\/lt\/112142\/"},"modified":"2026-02-22T11:30:07","modified_gmt":"2026-02-22T11:30:07","slug":"es-nenori-tapti-anti-trumpo-prekybos-bloko-inkaru","status":"publish","type":"post","link":"https:\/\/www.europesays.com\/lt\/112142\/","title":{"rendered":"ES nenori tapti anti-Trumpo prekybos bloko inkaru"},"content":{"rendered":"<p>\t\t\t\t\t<a href=\"https:\/\/infa.lt\/wp-content\/uploads\/2026\/01\/markas-carney.webp\" rel=\"lightbox nofollow noopener\" target=\"_blank\"><img loading=\"lazy\" decoding=\"async\" aria-describedby=\"caption-attachment-135440\" class=\"wp-image-135440 size-medium\" src=\"https:\/\/www.europesays.com\/lt\/wp-content\/uploads\/2026\/02\/markas-carney-666x358.webp.webp\" alt=\"Markas Carney\" width=\"666\" height=\"358\"  \/><\/a><\/p>\n<p id=\"caption-attachment-135440\" class=\"wp-caption-text\">Kanados premjeras, Markas Carney<br \/>Foto: Mathieu Belanger \/ Reuters<\/p>\n<p class=\"font-claude-response-body break-words whitespace-normal leading-[1.7]\">Kanados premjeras <a style=\"color: #b00b0b;\" href=\"https:\/\/infa.lt\/tag\/markas-carney\" rel=\"noopener noreferrer nofollow\" target=\"_blank\">Markas Carney<\/a> pastaraisiais savait\u0117mis aktyviai si\u016blo Kanad\u0105 kaip tilt\u0105 tarp ES ir CPTPP \u2014 12 vidutinio dyd\u017eio ekonomik\u0173 laisvosios prekybos bloko, apiman\u010dio apie 15% pasaulio BVP.<\/p>\n<p class=\"font-claude-response-body break-words whitespace-normal leading-[1.7]\">Id\u0117ja patraukli: daugiau nei milijardas \u017emoni\u0173, beveik 40 ekonomik\u0173, galintis atsverti tiek Va\u0161ington\u0105, tiek Pekin\u0105. Ta\u010diau ekspertai toki\u0105 vizij\u0105 vadina gro\u017eine literat\u016bra, o ne realybe, ra\u0161o \u201e<a href=\"https:\/\/www.euractiv.com\/news\/why-the-eu-wont-anchor-an-anti-trump-trade-bloc\/\" target=\"_blank\" rel=\"noopener nofollow\">Euractiv<\/a>\u201c leidinys.<\/p>\n<p class=\"font-claude-response-body break-words whitespace-normal leading-[1.7]\">CPTPP \u2014 bloke su potencialu, bet ir su ribomis<\/p>\n<p class=\"font-claude-response-body break-words whitespace-normal leading-[1.7]\">CPTPP susik\u016br\u0117 2018 m. \u2014 po to, kai pirmosios Trumpo kadencijos metu JAV pasitrauk\u0117 i\u0161 deryb\u0173. Kinija domisi naryste nuo 2021 m., ta\u010diau derybos \u012fstrigo: valstybini\u0173 \u012fmoni\u0173 dominavimas, duomen\u0173 sraut\u0173 ribojimai ir ribota finans\u0173 liberalizacija lieka pagrindin\u0117mis kli\u016btimis.<\/p>\n<p class=\"font-claude-response-body break-words whitespace-normal leading-[1.7]\">Nors blokas oficialiai n\u0117ra nukreiptas prie\u0161 Kinij\u0105, bendrame ES ir CPTPP parei\u0161kime minimi \u201erinkas i\u0161kraipantys metodai\u201d \u2014 ai\u0161ki u\u017euomina \u012f Pekin\u0105.<\/p>\n<p class=\"font-claude-response-body break-words whitespace-normal leading-[1.7]\">Vakuumas, kurio ES nepildys<\/p>\n<p class=\"font-claude-response-body break-words whitespace-normal leading-[1.7]\">Teori\u0161kai ES gal\u0117t\u0173 u\u017eimti dominuojan\u010dios galios viet\u0105 \u0161iame bloke. Prakti\u0161kai \u2014 tai beveik ne\u012fmanoma. Koordinuoti prekybos politik\u0105 tarp 27 ES nari\u0173 jau yra skausmingai sud\u0117tinga u\u017eduotis. Der\u0117tis su 12 nari\u0173 bloku, kuriame politiniai skirtumai ne ma\u017eesni, b\u016bt\u0173 dar sud\u0117tingiau.<\/p>\n<p class=\"font-claude-response-body break-words whitespace-normal leading-[1.7]\">Gruod\u012f paskelbta Europos politikos centro analiz\u0117 persp\u0117ja, kad tokios derybos tur\u0117t\u0173 \u201eauk\u0161t\u0105 politin\u0119 kain\u0105\u201d ir pasiekt\u0173 \u201eprecendento neturint\u012f sud\u0117tingum\u0105.\u201d<\/p>\n<p class=\"font-claude-response-body break-words whitespace-normal leading-[1.7]\">Kaip pavyzdys \u2014 Australija: ES derybininkai met\u0173 metais gin\u010dijosi d\u0117l 30 000 ton\u0173 jautienos kvot\u0173, pakankam\u0173 vos pusei m\u0117sainio kiekvienam europie\u010diui. Per 25 metus pasiektas <a style=\"color: #b00b0b;\" href=\"https:\/\/infa.lt\/tag\/mercosur\" rel=\"noopener noreferrer nofollow\" target=\"_blank\">MERCOSUR<\/a> susitarimas dabar gin\u010dijamas teismuose. I\u0161pl\u0117stas \u012f dar 12 \u0161ali\u0173 format\u0105, toks procesas tapt\u0173 politi\u0161kai sprogstamas.<\/p>\n<p class=\"font-claude-response-body break-words whitespace-normal leading-[1.7]\">Kanados problema ir \u201etre\u010diasis kelias\u201d<\/p>\n<p class=\"font-claude-response-body break-words whitespace-normal leading-[1.7]\">Naujausius kvietimus suart\u0117ti su CPTPP i\u0161siun\u010dia Otava, o ne Briuselis \u2014 ir suprantama kod\u0117l. Kanada 2025 m. siunt\u0117 72% savo eksporto \u012f JAV rink\u0105, tod\u0117l dabar eksporto diversifikacija jai gyvybi\u0161kai svarbi.<\/p>\n<p class=\"font-claude-response-body break-words whitespace-normal leading-[1.7]\">Ta\u010diau ES laikosi atsargiai: Komisija nubr\u0117\u017e\u0117 penkias bendradarbiavimo prioritetines sritis \u2014 skaitmenin\u0119 prekyb\u0105, investicij\u0173 palengvinim\u0105, tiekimo grandines ir kt. \u2014 ta\u010diau tai veikiau \u017eingsnelis po \u017eingsnelio, o ne dr\u0105sus \u0161uolis.<\/p>\n<p class=\"font-claude-response-body break-words whitespace-normal leading-[1.7]\">Realisti\u0161kiausias scenarijus \u2014 lankstus, sektorinis bendradarbiavimas ten, kur lengviau rasti bendr\u0105 kalb\u0105. Vieningas transkontinentinis \u201esuper blokas\u201d, galintis atsverti Kinij\u0105 ar JAV, kol kas lieka fantazija.<\/p>\n","protected":false},"excerpt":{"rendered":"Kanados premjeras, Markas CarneyFoto: Mathieu Belanger \/ Reuters Kanados premjeras Markas Carney pastaraisiais savait\u0117mis aktyviai si\u016blo Kanad\u0105 kaip&hellip;\n","protected":false},"author":2,"featured_media":112143,"comment_status":"","ping_status":"","sticky":false,"template":"","format":"standard","meta":{"footnotes":"","_share_on_mastodon":"0"},"categories":[17],"tags":[81,21339,672,350,37,39,36,38,40,4564,46],"class_list":["post-112142","post","type-post","status-publish","format-standard","has-post-thumbnail","category-verslas","tag-business","tag-cptpp","tag-es","tag-kanada","tag-lietuva","tag-lietuviu","tag-lithuania","tag-lithuanian","tag-lt","tag-markas-carney","tag-verslas"],"share_on_mastodon":{"url":"https:\/\/pubeurope.com\/@lt\/116114058435191129","error":""},"_links":{"self":[{"href":"https:\/\/www.europesays.com\/lt\/wp-json\/wp\/v2\/posts\/112142","targetHints":{"allow":["GET"]}}],"collection":[{"href":"https:\/\/www.europesays.com\/lt\/wp-json\/wp\/v2\/posts"}],"about":[{"href":"https:\/\/www.europesays.com\/lt\/wp-json\/wp\/v2\/types\/post"}],"author":[{"embeddable":true,"href":"https:\/\/www.europesays.com\/lt\/wp-json\/wp\/v2\/users\/2"}],"replies":[{"embeddable":true,"href":"https:\/\/www.europesays.com\/lt\/wp-json\/wp\/v2\/comments?post=112142"}],"version-history":[{"count":0,"href":"https:\/\/www.europesays.com\/lt\/wp-json\/wp\/v2\/posts\/112142\/revisions"}],"wp:featuredmedia":[{"embeddable":true,"href":"https:\/\/www.europesays.com\/lt\/wp-json\/wp\/v2\/media\/112143"}],"wp:attachment":[{"href":"https:\/\/www.europesays.com\/lt\/wp-json\/wp\/v2\/media?parent=112142"}],"wp:term":[{"taxonomy":"category","embeddable":true,"href":"https:\/\/www.europesays.com\/lt\/wp-json\/wp\/v2\/categories?post=112142"},{"taxonomy":"post_tag","embeddable":true,"href":"https:\/\/www.europesays.com\/lt\/wp-json\/wp\/v2\/tags?post=112142"}],"curies":[{"name":"wp","href":"https:\/\/api.w.org\/{rel}","templated":true}]}}