{"id":112327,"date":"2026-02-22T16:39:07","date_gmt":"2026-02-22T16:39:07","guid":{"rendered":"https:\/\/www.europesays.com\/lt\/112327\/"},"modified":"2026-02-22T16:39:07","modified_gmt":"2026-02-22T16:39:07","slug":"pastebejo-tik-akyliausi-ant-m-a-m-a-scenos-trauma-patyres-katarsio-narys","status":"publish","type":"post","link":"https:\/\/www.europesays.com\/lt\/112327\/","title":{"rendered":"Pasteb\u0117jo tik akyliausi: ant M.A.M.A. scenos \u2013 traum\u0105 patyr\u0119s \u201eKatarsio\u201c narys"},"content":{"rendered":"<p>Kaip ir daugelis kit\u0173 atlik\u0117j\u0173, \u201eKatarsio\u201c nariai \u012f rengin\u012f atvyko d\u0117l pelnytos nominacijos, kuri netrukus virto ir apdovanojimu. Grupei u\u017e pra\u0117jusius metus buvo \u012fteikta \u201e<a rel=\"noopener nofollow\" target=\"_blank\" href=\"https:\/\/www.delfi.lt\/temos\/mama-apdovanojimai\" tag-id=\"52687401\">M.A.M.A.<\/a> TOP40\u201c statul\u0117l\u0117.<\/p>\n<p>\u201eA\u010di\u016b labai. D\u017eiaugiuosi, kad dar galime \u0161\u012fkart lipti \u012f scen\u0105 keturiese, prie\u0161 didelius grup\u0117s poky\u010dius. Esu labai d\u0117kingas visiems, kurie palaiko ir klausosi. A\u010di\u016b\u201c, \u2013 kalb\u0117jo grup\u0117s lyderis Lukas Radzevi\u010dius.<\/p>\n<p>Vis d\u0117lto akyliausi \u017ei\u016brovai pasteb\u0117jo ir ma\u017eiau malon\u0173 moment\u0105 \u2013 d\u017eiaugsmo akimirkoje buvo matyti, kad grup\u0117s nariui Alanui sutvarstytas pir\u0161tas ir \u012fd\u0117tas \u012f \u012ftvar\u0105. <\/p>\n<p>Nors pats atlik\u0117jas apie patirt\u0105 traum\u0105 vie\u0161ai nekalb\u0117jo, gerb\u0117j\u0173 gretose tai suk\u0117l\u0117 nemenk\u0105 nerim\u0105.<\/p>\n<p>    <img decoding=\"async\" src=\"https:\/\/www.europesays.com\/lt\/wp-content\/uploads\/2026\/02\/00b4efba-b3d4-4931-9d8b-68295b479a30.jpg\" loading=\"lazy\" alt=\"Traum\u0105 patyr\u0119s grup\u0117s narys Alanas\"\/>      <\/p>\n<p>Primename, kad penktadien\u012f nuaid\u0117jo did\u017eiausia Lietuvos muzikos \u0161vent\u0117 \u2013 <a rel=\"noopener follow nofollow\" target=\"_blank\" href=\"https:\/\/www.delfi.lt\/veidai\/mama-apdovanojimai\/\" data-rel-date-range=\"[]\">M.A.M.A. muzikos apdovanojimai<\/a>! Jubiliejin\u0117, 15-oji ceremonija sub\u016br\u0117 pramog\u0173 pasaulio elit\u0105, kuris u\u017epild\u0117 Kauno \u201e\u017dalgirio\u201c aren\u0105. <\/p>\n<p>Tai vakaras, kai lietuvi\u0161ka muzika atsiduria pa\u010diame d\u0117mesio centre, o scena tampa emocij\u0173, talento ir istorini\u0173 akimirk\u0173 epicentru.<\/p>\n<p>  Visos M.A.M.A. apdovanojim\u0173 naujienos vienoje vietoje \u2013 <a rel=\"noopener follow nofollow\" target=\"_blank\" href=\"https:\/\/www.delfi.lt\/veidai\/mama-apdovanojimai\/\" data-rel-date-range=\"[]\">\u010cIA<\/a>!   <\/p>\n<p>Jubiliejinis \u0161ou, suvienijantis kartas<\/p>\n<p>Tai kur kas daugiau nei apdovanojimai. Tai gyvas, kvap\u0105 gniau\u017eiantis \u0161ou, kuriame susitinka skirtingos muzikos kartos, \u017eanrai ir dr\u0105s\u016bs k\u016brybiniai sprendimai.<\/p>\n<p>Daugiau nei tris valandas trunkan\u010dios tiesiogin\u0117s transliacijos metu scenoje pasirod\u0117 beveik 300 muzikant\u0173, \u0161ok\u0117j\u0173 ir scenos profesional\u0173. Kiekvienas j\u0173 prisid\u0117jo prie bendro tikslo \u2013 sukurti nepamir\u0161tam\u0105 vakar\u0105, kuris dar ilgai skamb\u0117s \u017ei\u016brov\u0173 atmintyje.<\/p>\n<p>Specialiai \u0161iai progai parengti unikal\u016bs pasirodymai, i\u0161skirtin\u0117s scenografijos ir netik\u0117ti meniniai sprendimai svarbiausi\u0105 met\u0173 muzikos vakar\u0105 paver\u010dia tikru reginiu.<\/p>\n<p>Renginio akimirkos: <\/p>\n<p>Raudonojo kilimo akimirkos: <\/p>\n","protected":false},"excerpt":{"rendered":"Kaip ir daugelis kit\u0173 atlik\u0117j\u0173, \u201eKatarsio\u201c nariai \u012f rengin\u012f atvyko d\u0117l pelnytos nominacijos, kuri netrukus virto ir apdovanojimu.&hellip;\n","protected":false},"author":2,"featured_media":112328,"comment_status":"","ping_status":"","sticky":false,"template":"","format":"standard","meta":{"footnotes":"","_share_on_mastodon":"0"},"categories":[21],"tags":[113,7992,37,39,36,38,40,5116,114],"class_list":["post-112327","post","type-post","status-publish","format-standard","has-post-thumbnail","category-pramogos","tag-entertainment","tag-katarsis","tag-lietuva","tag-lietuviu","tag-lithuania","tag-lithuanian","tag-lt","tag-mama-apdovanojimai","tag-pramogos"],"share_on_mastodon":{"url":"https:\/\/pubeurope.com\/@lt\/116115273304773267","error":""},"_links":{"self":[{"href":"https:\/\/www.europesays.com\/lt\/wp-json\/wp\/v2\/posts\/112327","targetHints":{"allow":["GET"]}}],"collection":[{"href":"https:\/\/www.europesays.com\/lt\/wp-json\/wp\/v2\/posts"}],"about":[{"href":"https:\/\/www.europesays.com\/lt\/wp-json\/wp\/v2\/types\/post"}],"author":[{"embeddable":true,"href":"https:\/\/www.europesays.com\/lt\/wp-json\/wp\/v2\/users\/2"}],"replies":[{"embeddable":true,"href":"https:\/\/www.europesays.com\/lt\/wp-json\/wp\/v2\/comments?post=112327"}],"version-history":[{"count":0,"href":"https:\/\/www.europesays.com\/lt\/wp-json\/wp\/v2\/posts\/112327\/revisions"}],"wp:featuredmedia":[{"embeddable":true,"href":"https:\/\/www.europesays.com\/lt\/wp-json\/wp\/v2\/media\/112328"}],"wp:attachment":[{"href":"https:\/\/www.europesays.com\/lt\/wp-json\/wp\/v2\/media?parent=112327"}],"wp:term":[{"taxonomy":"category","embeddable":true,"href":"https:\/\/www.europesays.com\/lt\/wp-json\/wp\/v2\/categories?post=112327"},{"taxonomy":"post_tag","embeddable":true,"href":"https:\/\/www.europesays.com\/lt\/wp-json\/wp\/v2\/tags?post=112327"}],"curies":[{"name":"wp","href":"https:\/\/api.w.org\/{rel}","templated":true}]}}