{"id":112925,"date":"2026-02-23T12:31:19","date_gmt":"2026-02-23T12:31:19","guid":{"rendered":"https:\/\/www.europesays.com\/lt\/112925\/"},"modified":"2026-02-23T12:31:19","modified_gmt":"2026-02-23T12:31:19","slug":"radzi-ir-vasha-pasidalijo-pikantisku-kadru-geriausias-nusikaltimu-partneris","status":"publish","type":"post","link":"https:\/\/www.europesays.com\/lt\/112925\/","title":{"rendered":"Rad\u017ei ir Vasha pasidalijo pikanti\u0161ku kadru: geriausias nusikaltim\u0173 partneris"},"content":{"rendered":"<p>Visas M.A.M.A. naujienas sekite <a rel=\"noopener follow nofollow\" target=\"_blank\" href=\"https:\/\/www.delfi.lt\/veidai\/mama-apdovanojimai\/\" data-rel-date-range=\"[]\">\u010cIA<\/a>.  <\/p>\n<p>\u0160e\u0161tadien\u012f socialiniuose tinkluose R. Aleksandrovi\u010dius pasidalijo keliomis akimirkomis i\u0161 M.A.M.A. apdovanojim\u0173. Vienoje j\u0173 garsus atlik\u0117jas pasirod\u0117 su ant jo keli\u0173 s\u0117din\u010dia Vasha.<\/p>\n<p>Atlik\u0117ja penktadienio vakar\u0105 puo\u0161\u0117si juodos spalvos suknele.<\/p>\n<p>\u201e\u0160\u012f vakar\u0105 sve\u010diuojam\u0117s pas M.A.M.A! 2026\u201c, \u2013 ra\u0161\u0117 R. Aleksandrovi\u010dius.<\/p>\n<p>Tokia pa\u010dia akimirka, \u012fam\u017einta kartu su R. Aleksandrovi\u010diumi, pasidalijo ir pati Vasha.<\/p>\n<p>\u201eGeriausias nusikaltim\u0173 partneris\u201c, \u2013 ra\u0161\u0117 atlik\u0117ja.<\/p>\n<p>    <img decoding=\"async\" src=\"https:\/\/www.europesays.com\/lt\/wp-content\/uploads\/2026\/02\/b331abd7-3f54-4624-ab2e-a9e472467000.jpg\" loading=\"lazy\" alt=\"Rad\u017ei ir Vasha\"\/>      <\/p>\n<p>Tiesa, renginio metu Vasha sulauk\u0117 ir daug d\u0117mesio, kai ant scenos lipo kartu su savo mama Viktorija Mauru\u010daite bei atliko bendr\u0105 k\u016brin\u012f.<\/p>\n<p>Primename, kad vasario 20-\u0105j\u0105, Kauno \u201e\u017dalgirio\u201c arena spind\u0117jo ry\u0161kiau nei bet kada \u2013 \u010dia vyko jubiliejin\u0117, 15-oji M.A.M.A. apdovanojim\u0173 ceremonija. Arenoje tradici\u0161kai buvo nutiestas raudonasis kilimas pama\u017eu virto vakaro podiumu \u2013 juo \u017eeng\u0117 stilingais \u012fvaizd\u017eiais stebinantys pramog\u0173 pasaulio atstovai ir ry\u0161kiausi \u0161alies scenos veidai \u2013 b\u016btent j\u0173 met\u0173 darbai buvo \u012fvertinti svarbiausioje muzikos \u0161vent\u0117je.<\/p>\n<p>Neatsiejama apdovanojim\u0173 ceremonijos dalimi kasmet tampa raudonasis kilimas, kuriuo \u017eengia rekordinis skai\u010dius \u0161alies muzikos, kult\u016bros ir pramog\u0173 pasaulio atstov\u0173. \u0160i apdovanojim\u0173 ceremonijos dalis kiekvienais metais sulaukia nema\u017eiau d\u0117mesio ir apkalb\u0173 nei pagrindinis \u0161ou. <\/p>\n<p>Ant raudonojo M.A.M.A. apdovanojim\u0173 kilimo fotograf\u0173 blykst\u0117s fiksavo kiekvien\u0105 \u017evilgsn\u012f, \u0161ypsenas ir specialiai \u0161iam vakarui kruop\u0161\u010diai ruo\u0161tus \u012fvaizd\u017eius. Sve\u010diai tur\u0117jo puo\u0161tis pagal \u012fpareigojant\u012f black tie aprangos kod\u0105. <\/p>\n<p>M.A.M.A. raudonojo kilimo akimirkos \u2013 galerijoje:<\/p>\n<p>M.A.M.A. renginio akimirkos \u2013 galerijoje:<\/p>\n","protected":false},"excerpt":{"rendered":"Visas M.A.M.A. naujienas sekite \u010cIA. \u0160e\u0161tadien\u012f socialiniuose tinkluose R. Aleksandrovi\u010dius pasidalijo keliomis akimirkomis i\u0161 M.A.M.A. apdovanojim\u0173. Vienoje j\u0173&hellip;\n","protected":false},"author":2,"featured_media":112926,"comment_status":"","ping_status":"","sticky":false,"template":"","format":"standard","meta":{"footnotes":"","_share_on_mastodon":"0"},"categories":[6],"tags":[25,30,31,2255,4499,34,35,24,32,33,37,39,36,38,40,5116,23,22,28,29,1746,26,27,7474,3718],"class_list":["post-112925","post","type-post","status-publish","format-standard","has-post-thumbnail","category-antrastes","tag-antrastes","tag-breaking-news","tag-breakingnews","tag-dominykas-dirkstys","tag-evgenya-redko","tag-featured-news","tag-featurednews","tag-headlines","tag-latest-news","tag-latestnews","tag-lietuva","tag-lietuviu","tag-lithuania","tag-lithuanian","tag-lt","tag-mama-apdovanojimai","tag-naujienos","tag-news","tag-populiariausios-naujienos","tag-populiariausiosnaujienos","tag-radzi-aleksandrovicius","tag-top-stories","tag-topstories","tag-vasha","tag-visvaldas-matijosaitis"],"share_on_mastodon":{"url":"https:\/\/pubeurope.com\/@lt\/116119960506939458","error":""},"_links":{"self":[{"href":"https:\/\/www.europesays.com\/lt\/wp-json\/wp\/v2\/posts\/112925","targetHints":{"allow":["GET"]}}],"collection":[{"href":"https:\/\/www.europesays.com\/lt\/wp-json\/wp\/v2\/posts"}],"about":[{"href":"https:\/\/www.europesays.com\/lt\/wp-json\/wp\/v2\/types\/post"}],"author":[{"embeddable":true,"href":"https:\/\/www.europesays.com\/lt\/wp-json\/wp\/v2\/users\/2"}],"replies":[{"embeddable":true,"href":"https:\/\/www.europesays.com\/lt\/wp-json\/wp\/v2\/comments?post=112925"}],"version-history":[{"count":0,"href":"https:\/\/www.europesays.com\/lt\/wp-json\/wp\/v2\/posts\/112925\/revisions"}],"wp:featuredmedia":[{"embeddable":true,"href":"https:\/\/www.europesays.com\/lt\/wp-json\/wp\/v2\/media\/112926"}],"wp:attachment":[{"href":"https:\/\/www.europesays.com\/lt\/wp-json\/wp\/v2\/media?parent=112925"}],"wp:term":[{"taxonomy":"category","embeddable":true,"href":"https:\/\/www.europesays.com\/lt\/wp-json\/wp\/v2\/categories?post=112925"},{"taxonomy":"post_tag","embeddable":true,"href":"https:\/\/www.europesays.com\/lt\/wp-json\/wp\/v2\/tags?post=112925"}],"curies":[{"name":"wp","href":"https:\/\/api.w.org\/{rel}","templated":true}]}}