{"id":112956,"date":"2026-02-23T13:15:12","date_gmt":"2026-02-23T13:15:12","guid":{"rendered":"https:\/\/www.europesays.com\/lt\/112956\/"},"modified":"2026-02-23T13:15:12","modified_gmt":"2026-02-23T13:15:12","slug":"alytaus-pedagogai-kyla-i-akcija-del-atleistos-etikos-mokytojos-respublika-lt","status":"publish","type":"post","link":"https:\/\/www.europesays.com\/lt\/112956\/","title":{"rendered":"Alytaus pedagogai kyla \u012f akcij\u0105 d\u0117l atleistos etikos mokytojos &#8211; Respublika.lt"},"content":{"rendered":"<p><img loading=\"lazy\" decoding=\"async\" src=\"https:\/\/www.respublika.lt\/lt\/naujienos\/lietuva\/kitos-lietuvos-zinios\/alytaus-pedagogai-kyla-i-akcija-del-atleistos-etikos-mokytojos\/images\/ico_camera_white.gif\" class=\"camera\" width=\"22\" height=\"15\" alt=\"nuotr.\" style=\"position:relative; top:-2px; right:2px;\"\/> 1 nuotr.<\/p>\n<p>Meil\u0117 Plat\u016bkien\u0117. FM99 nuotr.<\/p>\n<p style=\"text-align: left;\">Alytaus \u0161vietimo bendruomen\u0117 grie\u017etai pasmerk\u0117\u00a0Alytaus Adolfo-Vanago gimnazijos direktoriaus sprendim\u0105 atleisti etikos mokytoj\u0105 Meil\u0119 Plat\u016bkien\u0119.<\/p>\n<p style=\"text-align: justify;\" class=\"desktop_banner\">\u00a0<\/p>\n<p style=\"text-align: left;\">Tod\u0117l pirmadien\u012f Alytaus mokytojai surengs protesto akcij\u0105, o pati mokytoja savo teises toliau gins teisme, prane\u0161\u0117 Lietuvos \u0161vietimo darbuotoj\u0173 profesin\u0117 s\u0105junga (L\u0160DPS).<\/p>\n<p style=\"text-align: left;\">Organizacijos teigimu, toks sprendimas suprantamas kaip susidorojimas su darbuotoja, kuri aktyviai gina \u0161vietimo darbuotoj\u0173 teises ne tik Alytuje, bet ir visoje \u0161alyje.<\/p>\n<p style=\"text-align: left;\">\u201eNet ir esant galimam pa\u017eeidimui, grie\u017e\u010diausia sankcija \u2013 atleidimas i\u0161 darbo \u2013 yra akivaizd\u017eiai neproporcinga. Tokie sprendimai turi ilgalaiki\u0173 pasekmi\u0173: atleistam pedagogui trejus metus apribojama galimyb\u0117 dirbti \u0161vietimo sistemoje\u201c, \u2013 prane\u0161ime nurod\u0117 L\u0160DPS.<\/p>\n<p style=\"text-align: left;\">Tod\u0117l, solidarizuodamiesi su atleista pedagoge, Alytaus mokykl\u0173 mokytojai prie\u0161 vidurdien\u012f i\u0161eis i\u0161 savo ugdymo \u012fstaig\u0173 ir reikalaus susitikimo su gimnazijos vadovu.\u00a0<\/p>\n<p style=\"text-align: left;\">\u201eJ\u0173 reikalavimas ai\u0161kus ir nedviprasmi\u0161kas \u2013 nedelsiant at\u0161aukti mokytojos M. Plat\u016bkien\u0117s\u00a0atleidim\u0105\u201c, \u2013 pa\u017eym\u0117jo organizacija.<\/p>\n<p style=\"text-align: left;\">Savo ruo\u017etu pati M. Plat\u016bkien\u0117 d\u0117l susiklos\u010diusios situacijos kreipsis \u012f teism\u0105.\u00a0<\/p>\n<p>Patiko straipsnis? Leisk mums apie tai su\u017einoti. Nepamir\u0161k pasidalinti Facebook! <\/p>\n<p><img loading=\"lazy\" decoding=\"async\" class=\"p2_social_circle_icon\" src=\"https:\/\/www.respublika.lt\/images\/thumbs_up.svg\" width=\"21\" height=\"22\" alt=\"L\"\/><\/p>\n<p><img loading=\"lazy\" decoding=\"async\" class=\"p2_social_circle_icon\" src=\"https:\/\/www.respublika.lt\/images\/facebook.svg\" alt=\"F\" width=\"22\" height=\"22\" style=\"filter: invert(37%) sepia(55%) saturate(2351%) hue-rotate(187deg) brightness(102%) contrast(106%);\"\/><\/p>\n<p>&#13;<br \/>\n\tNesutinkate &#8211; diskutuokime!<br \/>&#13;<br \/>\n\tNepykite komentatoriai, bet komentarai su keiksma\u017eod\u017eiais bus \u0161alinami automati\u0161kai, be atsipra\u0161ymo.\n    <\/p>\n<p>&#13;<br \/>\n              Respublika.lt pasilieka teis\u0119 pa\u0161alinti nekult\u016bringus, keiksma\u017eod\u017eiais pagardintus, su tema nesusijusius, kito asmens vardu pasira\u0161ytus, \u012fstatymus pa\u017eeid\u017eian\u010dius, \u0161lam\u0161t\u0105 reklamuojan\u010dius ar nusikalsti kurstan\u010dius komentarus. Jei kurstysite smurt\u0105, rasin\u0119, tautin\u0119, religin\u0119 ar kitokio pob\u016bd\u017eio neapykant\u0105, \u017evirbliu i\u0161skrid\u0119 j\u016bs\u0173 \u017eod\u017eiai gr\u012f\u017edami gali virsti ton\u0105 sverian\u010diu jau\u010diu &#8211; specialiosioms Lietuvos tarnyboms pareikalavus suteiksime j\u016bs\u0173 duomenis.\n            <\/p>\n","protected":false},"excerpt":{"rendered":"1 nuotr. Meil\u0117 Plat\u016bkien\u0117. FM99 nuotr. Alytaus \u0161vietimo bendruomen\u0117 grie\u017etai pasmerk\u0117\u00a0Alytaus Adolfo-Vanago gimnazijos direktoriaus sprendim\u0105 atleisti etikos mokytoj\u0105&hellip;\n","protected":false},"author":2,"featured_media":112957,"comment_status":"","ping_status":"","sticky":false,"template":"","format":"standard","meta":{"footnotes":"","_share_on_mastodon":"0"},"categories":[6],"tags":[6557,2550,25,30,31,3972,34,35,24,32,33,37,39,36,38,21442,40,7055,23,22,21441,28,29,21443,26,27],"class_list":["post-112956","post","type-post","status-publish","format-standard","has-post-thumbnail","category-antrastes","tag-akcija","tag-alytus","tag-antrastes","tag-breaking-news","tag-breakingnews","tag-etikos","tag-featured-news","tag-featurednews","tag-headlines","tag-latest-news","tag-latestnews","tag-lietuva","tag-lietuviu","tag-lithuania","tag-lithuanian","tag-lsdps","tag-lt","tag-mokytoja","tag-naujienos","tag-news","tag-platukiene","tag-populiariausios-naujienos","tag-populiariausiosnaujienos","tag-protekstas","tag-top-stories","tag-topstories"],"share_on_mastodon":{"url":"https:\/\/pubeurope.com\/@lt\/116120133489007781","error":""},"_links":{"self":[{"href":"https:\/\/www.europesays.com\/lt\/wp-json\/wp\/v2\/posts\/112956","targetHints":{"allow":["GET"]}}],"collection":[{"href":"https:\/\/www.europesays.com\/lt\/wp-json\/wp\/v2\/posts"}],"about":[{"href":"https:\/\/www.europesays.com\/lt\/wp-json\/wp\/v2\/types\/post"}],"author":[{"embeddable":true,"href":"https:\/\/www.europesays.com\/lt\/wp-json\/wp\/v2\/users\/2"}],"replies":[{"embeddable":true,"href":"https:\/\/www.europesays.com\/lt\/wp-json\/wp\/v2\/comments?post=112956"}],"version-history":[{"count":0,"href":"https:\/\/www.europesays.com\/lt\/wp-json\/wp\/v2\/posts\/112956\/revisions"}],"wp:featuredmedia":[{"embeddable":true,"href":"https:\/\/www.europesays.com\/lt\/wp-json\/wp\/v2\/media\/112957"}],"wp:attachment":[{"href":"https:\/\/www.europesays.com\/lt\/wp-json\/wp\/v2\/media?parent=112956"}],"wp:term":[{"taxonomy":"category","embeddable":true,"href":"https:\/\/www.europesays.com\/lt\/wp-json\/wp\/v2\/categories?post=112956"},{"taxonomy":"post_tag","embeddable":true,"href":"https:\/\/www.europesays.com\/lt\/wp-json\/wp\/v2\/tags?post=112956"}],"curies":[{"name":"wp","href":"https:\/\/api.w.org\/{rel}","templated":true}]}}