{"id":113662,"date":"2026-02-24T11:31:07","date_gmt":"2026-02-24T11:31:07","guid":{"rendered":"https:\/\/www.europesays.com\/lt\/113662\/"},"modified":"2026-02-24T11:31:07","modified_gmt":"2026-02-24T11:31:07","slug":"vashos-vyra-ant-keliu-raidziu-pasiuntusio-katarsio-vokalisto-versija-kabinejosi-neblaivus","status":"publish","type":"post","link":"https:\/\/www.europesays.com\/lt\/113662\/","title":{"rendered":"Vashos vyr\u0105 \u201eant keli\u0173 raid\u017ei\u0173\u201c pasiuntusio \u201eKatarsio\u201c vokalisto versija: kabin\u0117josi neblaivus"},"content":{"rendered":"<p>\u201eMan pa\u010diai d\u016bzg\u0117se dalyvauti neteko. Atlik\u0117jas apgailestauja, kad buvo i\u0161tarti necenz\u016briniai \u017eod\u017eiai. Vis d\u0117lto buvo pana\u0161iau \u012f tai, kad buvo pri\u0117j\u0119s i\u0161 pa\u017ei\u016bros neblaivus vyras. Vis\u0173 pirma, jis nelabai \u017eino, kaip atrodo ta atlik\u0117ja. Jam pasirod\u0117, kad at\u0117jo neblaivus vyras ir prad\u0117jo kabin\u0117tis. Tad jo reakcija buvo tokia. Jis apgailestauja, kad buvo i\u0161tarti tokie \u017eod\u017eiai. Ta\u010diau pla\u010diau situacijos komentuoti n\u0117ra reikalo\u201c, \u2013 kalb\u0117jo grup\u0117s vadybinink\u0117 Dominyka Motiej\u016bnait\u0117.<\/p>\n<p>Po tokio atsako \u201eDelfi\u201c kreip\u0117si \u012f atlik\u0117j\u0105 Vash\u0105, kuri dar kart\u0105 paai\u0161kino, jog vyro sveikinimas buvo mandagus. Vis d\u0117lto jiedu nebuvo vieninteliai, sulauk\u0119 \u0161iurk\u0161taus \u201eKatarsio\u201c lyderio \u017eod\u017eio. <\/p>\n<p>\u201eVisi buvome laisvalaikio aplinkoje. Stov\u0117jome prie baro lygiai taip pat kaip ir ta grup\u0117 tam, kad u\u017esisakytume g\u0117rim\u0173. Mano vyras nebuvo neblaivus. Jis pagarbiai i\u0161ties\u0117 rank\u0105, nor\u0117damas pasveikinti grup\u0119. Nepagarba buvo i\u0161 grup\u0117s vokalisto pus\u0117s, o ne i\u0161 mano vyro. <\/p>\n<p>Ar tu esi i\u0161g\u0117r\u0119s \u0161ampano ar kokio kito g\u0117rimo \u2013 esm\u0117s nekei\u010dia. Tai nedaro \u012ftakos, kuomet tiesiog nori i\u0161reik\u0161ti \u017emogui pagarb\u0105 i\u0161tiesdamas rank\u0105. Nei ka\u017ekas ty\u010diojosi, nei kas k\u0105 blogo nor\u0117jo padaryti. Mes visuomet stengiam\u0117s visais pasid\u017eiaugti, pasveikinti. Patys esame tokie, kurie siekia gyvenime daugiau. Mums smagu, kai mus pasveikina \u2013 t\u0105 pat\u012f darome ir mes. Kaip \u0161auksi, taip atsilieps \u2013 \u0161iuo posakiu remiam\u0117s gyvenime. Su kitais elgiam\u0117s taip, kaip nor\u0117tume, kad su mumis elgt\u0173si. Ta\u010diau jaunimui, matyt, ka\u017ekaip kitaip atrodo.<\/p>\n<p>Beje, mano draug\u0117 irgi nor\u0117jo su juo nusifotografuoti, tai sulauk\u0117 atsako \u2013 \u201eEik \u012f \u0161on\u0105\u201c, \u2013 \u201eDelfi\u201c komentavo G. Navick\u0117-Vasha. <\/p>\n<p>M.A.M.A. raudonojo kilimo sve\u010diai: <\/p>\n<p>Papasakojo, kaip viskas vyko<\/p>\n<p>Na, o pirmadienio vakar\u0105 Vasha i\u0161samia istorija pasidaljo soc. tinkle. <\/p>\n<p>Pasak atlik\u0117jos, tai, kas nutiko, nebuvo nei konfliktas, nei provokacija. Ji su vyru parod\u0117 mandag\u0173 gest\u0105, kuris pasibaig\u0117 garsios grup\u0117s \u0161iurk\u0161\u010dia reakcija.<\/p>\n<p>\u201eI\u0161\u0117jome \u012f miest\u0105. Afteryje rinkosi daug garsi\u0173 \u017emoni\u0173, kas be ko. Ir galvojau: ar dabar sakyti vardais, pavadinimais, ar geriau palikti taip, kad patys gal\u0117tum\u0117te suprasti. <\/p>\n<p>Vienas i\u0161 apdovanotos grup\u0117s nari\u0173, gavusi\u0173 statul\u0117l\u0119, atvyko ir \u012f after\u012f.<\/p>\n<p>Mes su vyru stov\u0117jome prie baro, u\u017esisakin\u0117jome g\u0117rimus, ir, na, normalu \u2013 pamatai \u017emog\u0173, pasveikini, pasakai kok\u012f gra\u017e\u0173 \u017eod\u012f. Mes esame mandag\u016bs, visada pasid\u017eiaugiame savais. Mano vyras atsisuko, nes tas \u017emogus stov\u0117jo visai \u0161alia, ir sako: \u201eO, sveikinimai\u201c I\u0161 \u201eK \u201eraid\u0117s ta grup\u0117 vadinasi. Tas narys atsisuka \u012f mus ir sako: \u201eEik n*\u201c, \u2013 \u0161oko nesl\u0117p\u0117 garsi moteris. <\/p>\n<p>Anot atlik\u0117jos, tokia reakcija j\u0105 visi\u0161kai apstulbino ir privert\u0117 susim\u0105styti apie kai kuri\u0173 jaun\u0173 atlik\u0117j\u0173 susireik\u0161minim\u0105.<\/p>\n<p>\u201eMes tiesiog nor\u0117jome pasveikinti \u2013 i\u0161ties\u0117me rank\u0105, o mus pasiunt\u0117 ant dviej\u0173 raid\u017ei\u0173. Toks susireik\u0161minimo lygis. Jaunieji \u201eartistai\u201c, kurie dedasi \u017evaig\u017ed\u0117mis. Tos \u017evaig\u017ed\u0117s, kurios taip greitai pakyla, taip pat greitai ir nukrenta. A\u0161 likau tiesiog apstulbusi \u2013 akys i\u0161\u0161oko ant kaktos\u201c, \u2013 toliau kalb\u0117jo ji. <\/p>\n<p>M.A.M.A. apdovanojim\u0173 akimirkos: <\/p>\n<p>G. Navick\u0117-Vasha nesl\u0117p\u0117, kad toks elgesys, jos manymu, neturi nieko bendro su pagarba klausytojams ar muzikos bendruomene.<\/p>\n<p>\u201eNemaniau, kad pas mus yra toki\u0173 su\u017evaig\u017ed\u0117jusi\u0173 \u201e\u017evaig\u017ed\u017ei\u0173\u201c. Nes visos \u017evaig\u017ed\u0117s baigiasi b\u016btent tokiais pasisakymais ir tokiu nepagarbos demonstravimu aplinkiniams. <\/p>\n<p>Jei b\u016bt\u0173 mano valia, i\u0161 tokios \u201e\u017evaig\u017ed\u0117s\u201c su mielu noru atim\u010diau statul\u0117l\u0119. Joks atlik\u0117jas, kuris negerbia savo klausytojo, \u017emogaus, norin\u010dio jam pasakyti \u201esveikinu\u201c, nevertas visi\u0161kai nieko\u201c, \u2013 svarst\u0117 ji. <\/p>\n","protected":false},"excerpt":{"rendered":"\u201eMan pa\u010diai d\u016bzg\u0117se dalyvauti neteko. Atlik\u0117jas apgailestauja, kad buvo i\u0161tarti necenz\u016briniai \u017eod\u017eiai. Vis d\u0117lto buvo pana\u0161iau \u012f tai,&hellip;\n","protected":false},"author":2,"featured_media":113663,"comment_status":"","ping_status":"","sticky":false,"template":"","format":"standard","meta":{"footnotes":"","_share_on_mastodon":"0"},"categories":[6],"tags":[25,30,31,34,35,24,7992,32,33,37,39,36,38,40,5116,23,22,28,29,26,27,7474],"class_list":["post-113662","post","type-post","status-publish","format-standard","has-post-thumbnail","category-antrastes","tag-antrastes","tag-breaking-news","tag-breakingnews","tag-featured-news","tag-featurednews","tag-headlines","tag-katarsis","tag-latest-news","tag-latestnews","tag-lietuva","tag-lietuviu","tag-lithuania","tag-lithuanian","tag-lt","tag-mama-apdovanojimai","tag-naujienos","tag-news","tag-populiariausios-naujienos","tag-populiariausiosnaujienos","tag-top-stories","tag-topstories","tag-vasha"],"share_on_mastodon":{"url":"https:\/\/pubeurope.com\/@lt\/116125386996938151","error":""},"_links":{"self":[{"href":"https:\/\/www.europesays.com\/lt\/wp-json\/wp\/v2\/posts\/113662","targetHints":{"allow":["GET"]}}],"collection":[{"href":"https:\/\/www.europesays.com\/lt\/wp-json\/wp\/v2\/posts"}],"about":[{"href":"https:\/\/www.europesays.com\/lt\/wp-json\/wp\/v2\/types\/post"}],"author":[{"embeddable":true,"href":"https:\/\/www.europesays.com\/lt\/wp-json\/wp\/v2\/users\/2"}],"replies":[{"embeddable":true,"href":"https:\/\/www.europesays.com\/lt\/wp-json\/wp\/v2\/comments?post=113662"}],"version-history":[{"count":0,"href":"https:\/\/www.europesays.com\/lt\/wp-json\/wp\/v2\/posts\/113662\/revisions"}],"wp:featuredmedia":[{"embeddable":true,"href":"https:\/\/www.europesays.com\/lt\/wp-json\/wp\/v2\/media\/113663"}],"wp:attachment":[{"href":"https:\/\/www.europesays.com\/lt\/wp-json\/wp\/v2\/media?parent=113662"}],"wp:term":[{"taxonomy":"category","embeddable":true,"href":"https:\/\/www.europesays.com\/lt\/wp-json\/wp\/v2\/categories?post=113662"},{"taxonomy":"post_tag","embeddable":true,"href":"https:\/\/www.europesays.com\/lt\/wp-json\/wp\/v2\/tags?post=113662"}],"curies":[{"name":"wp","href":"https:\/\/api.w.org\/{rel}","templated":true}]}}