{"id":114014,"date":"2026-02-24T21:34:07","date_gmt":"2026-02-24T21:34:07","guid":{"rendered":"https:\/\/www.europesays.com\/lt\/114014\/"},"modified":"2026-02-24T21:34:07","modified_gmt":"2026-02-24T21:34:07","slug":"kaip-dukros-dingimas-isarde-graziausia-italijos-pora-respublika-lt","status":"publish","type":"post","link":"https:\/\/www.europesays.com\/lt\/114014\/","title":{"rendered":"Kaip dukros dingimas i\u0161ard\u0117 gra\u017eiausi\u0105 Italijos por\u0105 &#8211; Respublika.lt"},"content":{"rendered":"<p style=\"text-align: justify;\" class=\"desktop_banner\">\u00a0<\/p>\n<p>Prie\u0161ingai prognoz\u0117ms, \u0161ie santykiai tapo viena i\u0161 gra\u017eiausi\u0173 ir tragi\u0161kiausi\u0173 meil\u0117s istorij\u0173 \u0161ou verslo pasaulyje.<\/p>\n<p>Jie kartu nugyveno 25 metus, u\u017eaugino keturis vaikus ir \u012fra\u0161\u0117 daugyb\u0119 hit\u0173. Atrod\u0117, kad j\u0173 niekas negali i\u0161skirti.<\/p>\n<p>Viskas sugriuvo, kai dingo j\u0173 vyriausioji dukt\u0117.<\/p>\n<p>Ji &#8211; su auksiniu \u0161auk\u0161tu burnoje<\/p>\n<p>Romina Pauer (Romina Power) gim\u0117 Holivudo \u012f\u017eymybi\u0173 \u0161eimoje &#8211; jos t\u0117vas buvo populiarus aktorius Taironas Paueris (Tyrone Power), o mama &#8211; meksikiet\u0117 kino \u017evaig\u017ed\u0117 Linda Kristian (Linda Christian). T\u0117vams i\u0161siskyrus 5-eri\u0173 mergait\u0117 liko su motina ir seserimi.<\/p>\n<p>Joms teko da\u017enai keisti gyvenam\u0105j\u0105 viet\u0105 &#8211; tai Meksika, tai Italija. Nepaisant t\u0117v\u0173 skyryb\u0173, Rominos vaikyst\u0117s niekas netemd\u0117, t\u0117vai steng\u0117si pildyti visus dukter\u0173 norus, o finansini\u0173 problem\u0173 \u0161eimai nekilo. \u201e<\/p>\n<p>Romina nuo jaunyst\u0117s dievino muzik\u0105. Paaugl\u0117 jau k\u016br\u0117 dainas ir atlikdavo jas brazgindama gitara. 1965 m. Romina Pauer, tuomet 14-met\u0117 mergait\u0117, nusifilmavo kino filme \u201eNam\u0173 ruo\u0161a itali\u0161kai&#8221; (Menage all&#8217;italiana&#8221;).<\/p>\n<p>Jos mama, Linda Kristian, aktyviai skatino dukter\u012f filmuotis nevengiant atvir\u0173 scen\u0173, nes laik\u0117si nuomon\u0117s, kad jaunyst\u0117 &#8211; tai prek\u0117, kuri\u0105 reikia parduoti. Ji pati dalyvaudavo filmuojant, instruktuodavo dukter\u012f, kaip nusirengti ir kaip pozuoti.<\/p>\n<p>Jis &#8211; vaikinas i\u0161 valstie\u010di\u0173 \u0161eimos<\/p>\n<p>Albanas Karizis (Albano Carrisi &#8211; toks tikrasis dainininko vardas) gim\u0117 1943 m. gegu\u017e\u0117s 20-\u0105j\u0105 Italijos \u010celino San Marko kaime paprastoje valstie\u010di\u0173 \u0161eimoje.<\/p>\n<p>Italijoje ne\u012fprastas vardas Albanas turi savo istorij\u0105: dainininko t\u0117tis kariavo Albanijoje ir mama gimus\u012f s\u016bn\u0173 pavadino Albanu.<\/p>\n<p>T\u0117vai, grie\u017et\u0173 pa\u017ei\u016br\u0173 katalikai, tik\u0117josi, kad s\u016bnus prat\u0119s \u0161eimos tradicij\u0105 ir dirbs vynuogynuose. Bet jis nuo vaikyst\u0117s svajojo apie muzik\u0105 ir jau 12-os met\u0173 \u012fra\u0161\u0117 savo pirm\u0105j\u0105 dain\u0105.<\/p>\n<p>Nepaisydamas \u0161eimos pasiprie\u0161inimo, \u0161e\u0161iolikos sulauk\u0119s Albanas i\u0161vyko \u012f Milan\u0105 su savo sukurt\u0173 dain\u0173 aplanku. Bet kelias \u012f s\u0117km\u0119 buvo ilgas &#8211; jam 6 metus prisi\u0117jo dirbti tai padav\u0117ju, tai gamyklos darbininku, tai vir\u0117ju. L\u016b\u017eis \u012fvyko po pergal\u0117s konkurse \u201eNauji balsai&#8221;.<\/p>\n<p>Adrianas \u010celentanas (Adriano Celentano) pasi\u016bl\u0117 dainininkui pasira\u0161yti sutart\u012f, ir tada Albanas Karizis tapo Al Banu.<\/p>\n<p>Meil\u0117 prie\u0161 visus<\/p>\n<p>1967 m. kuriant film\u0105 \u201eNel Sole&#8221; \u012fvyko susitikimas, pakeit\u0119s j\u0173 abiej\u0173 gyvenim\u0105. 17-met\u0117 Romina Pauer, nors ir buvo laikoma kylan\u010dia \u017evaig\u017ede, atrod\u0117 pavargusi ir pasimetusi.<\/p>\n<p>Al Banas, tuomet pradedantysis dainininkas, i\u0161kart atkreip\u0117 \u012f tai d\u0117mes\u012f: jam kilo noras mergin\u0105 pavalgydinti ir apgaubti r\u016bpes\u010diu. Rominai, kuri augo grie\u017etai kontroliuojama mamos, jo globa tapo \u0161vie\u017eio oro g\u016bsiu. \u0160alia Al Bano ji pirm\u0105 kart\u0105 pasijuto saugi. Abipusiai jausmai u\u017esimezg\u0117 akimirksniu.<\/p>\n<p>J\u0173 s\u0105junga atrod\u0117 nelygi: kresnas vyrukas i\u0161 Piet\u0173 kaimelio ir grak\u0161ti Holivudo gra\u017euol\u0117. Rominos mama Linda Kristian, su\u017einojusi apie dukters ketinimus tek\u0117ti, \u012ft\u016b\u017eo.<\/p>\n<p>\u201eValstie\u010dio s\u016bnus, nei\u0161vaizdus akiniuotis! &#8211; \u0161auk\u0117 ji. O Al Banui net teko sumok\u0117ti b\u016bsimai uo\u0161vei u\u017e sutikim\u0105 leisti dukrai tek\u0117ti. Bet ir dainininko t\u0117vai abejojo s\u016bnaus pasirinkimu &#8211; ar i\u0161lepinta aktori\u0173 dinastijos atstov\u0117 sugeb\u0117s tapti gera \u017emona ir motina? Ne\u017ei\u016brint abiej\u0173 pusi\u0173 pasiprie\u0161inimo, 1970 m. Al Banas ir Romina susituok\u0117.<\/p>\n<p>Greitai po vestuvi\u0173 Al Bano ir Rominos \u0161eimoje atsirado vaik\u0173: dukra Ilenija Marija, s\u016bnus Jaris Markas, o v\u0117liau dar dvi dukterys &#8211; Kristel Kjara ir Romina jaunesnioji.<\/p>\n<p>Dainininkas dievino \u017emon\u0105 ir vie\u0161umoje nesl\u0117pdavo \u0161velni\u0173 jausm\u0173. Id\u0117ja sukurti duet\u0105 pasirod\u0117 daugiau nei s\u0117kminga. Jau 1970 m. pasirod\u0117 j\u0173 pirmasis albumas \u201eStoria di due innamorati&#8221; (Dviej\u0173 \u012fsimyl\u0117j\u0117li\u0173 istorija).<\/p>\n<p>J\u0173 \u0161eima tapo nuostabios meil\u0117s simboliu, o melodingos dainos greitai peln\u0117 populiarum\u0105. Dueto vizitin\u0117 kortel\u0117 visam laikui i\u0161liko \u201eFelicita&#8221; &#8211; tikras j\u0173 jausm\u0173 himnas.<\/p>\n<p>1976 m. pora pasirod\u0117 \u201eEurovizijoje&#8221; ir u\u017e\u0117m\u0117 7-\u0105j\u0105 viet\u0105. J\u0173 kompozicija \u201eLo rivivrei&#8221; u\u017ekariavo visus Europos hitparadus. Pakartotinis dalyvavimas konkurse 1985 m. su k\u016briniu \u201eMagic Oh Magic&#8221; taip pat baig\u0117si 7-\u0105ja vieta.<\/p>\n<p>O prie\u0161 paskutinio de\u0161imtme\u010dio prad\u017ei\u0105 dueto populiarumas \u0117m\u0117 bl\u0117sti. Paskutin\u0117 j\u0173 s\u0117km\u0117 &#8211; pirmoji vieta San Remo festivalyje su daina i\u0161 albumo \u201eFragile&#8221;. Pagrindine karjeros pabaigos prie\u017eastimi tapo tragedija artist\u0173 \u0161eimoje.<\/p>\n<p>Paslaptingas dukters dingimas<\/p>\n<p>Romina, keturi\u0173 vaik\u0173 mama, sunkiai suderindavo gastroles su savo tiesiogin\u0117mis pareigomis. Jai nor\u0117josi daugiau b\u016bti namuose, su vaikais, o Al Banas, u\u017eaug\u0119s vargingoje \u0161eimoje, spyr\u0117: \u201eReikia dainuoti, kol publika prisimena!&#8221; Jis bijojo v\u0117l atsidurti skurde, Romina jaut\u0117si i\u0161sunkta, gastroli\u0173 metu ilg\u0117davosi vaik\u0173.<\/p>\n<p>Sutuoktini\u0173 santykiai dar\u0117si vis \u012ftemptesni. Tragedija, visam laikui padalijusi j\u0173 gyvenim\u0105 \u012f \u201eprie\u0161&#8221; ir \u201epo&#8221;, \u012fvyko 1994 m. saus\u012f.<\/p>\n<p>J\u0173 vyriausioji dukra 23-ej\u0173 Ilenija, protinga ir i\u0161silavinusi mergina, d\u0117l ra\u0161omos knygos i\u0161vyko \u012f Nauj\u0105j\u012f Orlean\u0105 tyrin\u0117ti gatv\u0117s muzikant\u0173 gyvenimo &#8211; ir dingo.<\/p>\n<p>Jie dar\u0117 visk\u0105, kas \u012fmanoma &#8211; policija, privat\u016bs detektyvai, skelbimai laikra\u0161\u010diuose. Paai\u0161k\u0117jo siaubinga tiesa: dukra prisijung\u0117 prie sektos, propagavusios savi\u017eudybes.<\/p>\n<p>Liudininkas mat\u0117 pana\u0161i\u0105 \u012f Ilenij\u0105 mergin\u0105 prie up\u0117s, bet jos k\u016bnas taip ir nebuvo rastas. Treji aktyvi\u0173 paie\u0161k\u0173 metai nedav\u0117 joki\u0173 rezultat\u0173.<\/p>\n<p>Romina negal\u0117jo susitaikyti su netektimi, ie\u0161kojo pagalbos pas b\u016br\u0117jas ir ekstrasensus, pamir\u0161dama visk\u0105, net kitus savo vaikus. Ji tapo pana\u0161i \u012f \u0161e\u0161\u0117l\u012f &#8211; sulysusi, u\u017egesusiu \u017evilgsniu.<\/p>\n<p>Al Banas band\u0117 palaikyti \u017emon\u0105, bet veltui. Kai Romina i\u0161girdo, kaip Al Banas interviu pasak\u0117, kad netiki, jog dukt\u0117 gr\u012f\u0161, jos kantryb\u0117s taur\u0117 buvo perpildyta: ji i\u0161vadino vyr\u0105 i\u0161daviku ir \u012fteik\u0117 skyryb\u0173 pra\u0161ym\u0105.<\/p>\n<p>Al Banas t\u0119s\u0117 solin\u0119 karjer\u0105. Romina persik\u0117l\u0117 \u012f Amerik\u0105, apsigyveno Arizonoje ir u\u017esi\u0117m\u0117 tapyba. Jos paveikslai nutapyti ry\u0161kiomis spalvomis, bet visi \u017emon\u0117s juose vaizduojami nugara \u012f \u017ei\u016brovus. Kiekvienas paveikslas &#8211; jos sielvarto atspindys.<\/p>\n<p>Buvusi\u0173 sutuoktini\u0173 susitaikymas<\/p>\n<p>2013 m., ne\u017ei\u016brint to, kad Al Banas jau suk\u016br\u0117 nauj\u0105 \u0161eim\u0105 su Loredana Le\u010dizo (Loredana Lecciso), jaunesne u\u017e j\u012f 28 metais, ir susilauk\u0117 dar dviej\u0173 vaik\u0173, buv\u0119 sutuoktiniai netik\u0117tai susitaik\u0117.<\/p>\n<p>Pretekstu tapo dainininko 70-metis. Per \u0161ventin\u012f koncert\u0105, kuris \u012fvyko Maskvos \u201eCrocus City Hall&#8221; Romina sutiko atlikti j\u0173 legendinius hitus.<\/p>\n<p>\u0160is pasirodymas buvo pirmasis po ilg\u0173 i\u0161siskyrimo met\u0173. 2018 m. spal\u012f j\u0173 k\u016brybin\u0117 s\u0105junga t\u0119s\u0117si Kremliaus r\u016bm\u0173 scenoje: programa\u201a Felicita bisui!&#8221; buvo skirta dvigubam jubiliejui &#8211; Al Bano 75-me\u010diui ir dueto 50-me\u010diui.<\/p>\n<p>2019 m. Ukraina Al Ban\u0105 \u012fra\u0161\u0117 \u012f artist\u0173 \u201ejuod\u0105j\u012f s\u0105ra\u0161\u0105&#8221; ir u\u017edraud\u0117 atvykti \u012f Ukrain\u0105, mat dainininkas vie\u0161ai palaik\u0117 Rusijos pus\u0119 Krymo klausimu ir pavadino V.Putin\u0105 did\u017eiu politiku.<\/p>\n<p>I\u0161 prad\u017ei\u0173 Al Banas nekreip\u0117 \u012f tai d\u0117mesio, net pasijuok\u0117. Bet paskui nutar\u0117 kovoti d\u0117l savo teisi\u0173 &#8211; pasamd\u0117 teisininkus, kad tie parengt\u0173 ie\u0161kin\u012f Europos \u017emogaus teisi\u0173 teismui ir pareikalavo kompensacijos u\u017e padaryt\u0105 \u017eal\u0105.<\/p>\n<p>Nesename interviu ital\u0173 leidiniui \u201eIl Fatto quotidiano&#8221; dainininkas parei\u0161k\u0117, kad yra pasireng\u0119s nemokamai koncertuoti tiek Donbase, tiek Raudonojoje aik\u0161t\u0117je ir paraginti siekti taikos.<\/p>\n<p>Pasak jo, jis tai padaryt\u0173 su malonumu, nes savo misija laiko \u017emoni\u0173 vienijim\u0105 per muzik\u0105.<\/p>\n","protected":false},"excerpt":{"rendered":"\u00a0 Prie\u0161ingai prognoz\u0117ms, \u0161ie santykiai tapo viena i\u0161 gra\u017eiausi\u0173 ir tragi\u0161kiausi\u0173 meil\u0117s istorij\u0173 \u0161ou verslo pasaulyje. Jie kartu&hellip;\n","protected":false},"author":2,"featured_media":114015,"comment_status":"","ping_status":"","sticky":false,"template":"","format":"standard","meta":{"footnotes":"","_share_on_mastodon":"0"},"categories":[21],"tags":[21539,1391,21540,21541,21542,1669,113,965,37,39,36,38,40,6714,21538,114,21537],"class_list":["post-114014","post","type-post","status-publish","format-standard","has-post-thumbnail","category-pramogos","tag-albano","tag-atlikejai","tag-carrisi","tag-dainininkai","tag-dingimas","tag-dukra","tag-entertainment","tag-italija","tag-lietuva","tag-lietuviu","tag-lithuania","tag-lithuanian","tag-lt","tag-muzika","tag-power","tag-pramogos","tag-romina"],"share_on_mastodon":{"url":"https:\/\/pubeurope.com\/@lt\/116127757996692583","error":""},"_links":{"self":[{"href":"https:\/\/www.europesays.com\/lt\/wp-json\/wp\/v2\/posts\/114014","targetHints":{"allow":["GET"]}}],"collection":[{"href":"https:\/\/www.europesays.com\/lt\/wp-json\/wp\/v2\/posts"}],"about":[{"href":"https:\/\/www.europesays.com\/lt\/wp-json\/wp\/v2\/types\/post"}],"author":[{"embeddable":true,"href":"https:\/\/www.europesays.com\/lt\/wp-json\/wp\/v2\/users\/2"}],"replies":[{"embeddable":true,"href":"https:\/\/www.europesays.com\/lt\/wp-json\/wp\/v2\/comments?post=114014"}],"version-history":[{"count":0,"href":"https:\/\/www.europesays.com\/lt\/wp-json\/wp\/v2\/posts\/114014\/revisions"}],"wp:featuredmedia":[{"embeddable":true,"href":"https:\/\/www.europesays.com\/lt\/wp-json\/wp\/v2\/media\/114015"}],"wp:attachment":[{"href":"https:\/\/www.europesays.com\/lt\/wp-json\/wp\/v2\/media?parent=114014"}],"wp:term":[{"taxonomy":"category","embeddable":true,"href":"https:\/\/www.europesays.com\/lt\/wp-json\/wp\/v2\/categories?post=114014"},{"taxonomy":"post_tag","embeddable":true,"href":"https:\/\/www.europesays.com\/lt\/wp-json\/wp\/v2\/tags?post=114014"}],"curies":[{"name":"wp","href":"https:\/\/api.w.org\/{rel}","templated":true}]}}