{"id":114016,"date":"2026-02-24T21:35:09","date_gmt":"2026-02-24T21:35:09","guid":{"rendered":"https:\/\/www.europesays.com\/lt\/114016\/"},"modified":"2026-02-24T21:35:09","modified_gmt":"2026-02-24T21:35:09","slug":"asociacijos-lietuvos-krepsinis-pagrindiniu-remeju-tapo-volfas-engelman","status":"publish","type":"post","link":"https:\/\/www.europesays.com\/lt\/114016\/","title":{"rendered":"Asociacijos \u201eLietuvos krep\u0161inis\u201c pagrindiniu r\u0117m\u0117ju tapo \u201eVolfas Engelman\u201c"},"content":{"rendered":"<p>\u201eEsame labai laimingi, kad \u012f \u201eLietuvos krep\u0161inio\u201c partneri\u0173 gretas \u012fsilieja \u201eVolfas Engelman\u201c. Tai puikiai \u017einomas prek\u0117s \u017eenklas, kurio vertyb\u0117s bei ilgamet\u0117s tradicijos artimos m\u016bs\u0173 bendruomen\u0117s dvasiai. Tikime, kad \u0161i partneryst\u0117 suteiks papildomos energijos visai krep\u0161inio ekosistemai\u201c, \u2013 teig\u0117 asociacijos prezidentas <a rel=\"noopener nofollow\" target=\"_blank\" href=\"https:\/\/www.delfi.lt\/temos\/mindaugas-balciunas\" tag-id=\"49712230\">Mindaugas Bal\u010di\u016bnas<\/a>.<\/p>\n<p>\u012emon\u0117s \u201eVolfas Engelman\u201c marketingo vadovas Mantas Matukaitis vyl\u0117si, kad nauja partneryst\u0117 ne tik pad\u0117s puosel\u0117ti ilgametes Lietuvos krep\u0161inio tradicijas, bet ir prisid\u0117s prie nauj\u0173 pergali\u0173.<\/p>\n<p>\u201eD\u017eiaugiam\u0117s \u0161ia partneryste, nes krep\u0161inis yra populiariausia sporto \u0161aka Lietuvoje, o \u201eVolfas Engelman\u201c jau penkerius metus i\u0161 eil\u0117s i\u0161laiko mylimiausio alaus prek\u0117s \u017eenklo vard\u0105 \u0161alyje. Matome nat\u016brali\u0105 ir stipri\u0105 sinergij\u0105 tarp krep\u0161inio aistruoli\u0173 bendruomen\u0117s ir m\u016bs\u0173 prek\u0117s \u017eenklo \u2013 tai dvi sritys, kurios lietuviams yra artimiausios. Kartu galime suteikti daugiau emocij\u0173 sirgaliams ir dar daugiau pasidid\u017eiavimo Lietuvai.\u201c<\/p>\n<p>Vyr\u0173 rinktinei prad\u0117jus pasiruo\u0161im\u0105 artimiausioms 2027 m. Pasaulio \u010dempionato atrankos rungtyn\u0117ms su Islandija, jos treneris Rimas Kurtinaitis ne tik pristat\u0117 \u0161i\u0173 met\u0173 rinktin\u0117s tikslus, bet ir vyl\u0117si, jog su nauju partneriu tikslai bus pasiekiami lengviau.<\/p>\n<p>\u201e\u012e asociacijos veikl\u0105 \u012fsilieja labai stiprus finansinis partneris. Tikim\u0117s, kad tai bus ilgametis bendradarbiavimas, sukursiantis abipus\u0119 vert\u0119 ir pad\u0117siantis dar labiau garsinti Lietuvos vard\u0105 pasaulyje.\u201c<\/p>\n<p>Vasario 27 d. nacionalin\u0117 Lietuvos vyr\u0173 rinktin\u0117 su Islandijos krep\u0161ininkais susitiks i\u0161vykoje, o atsakomosios rungtyn\u0117s kovo 2 d. vyks Klaip\u0117doje.<\/p>\n","protected":false},"excerpt":{"rendered":"\u201eEsame labai laimingi, kad \u012f \u201eLietuvos krep\u0161inio\u201c partneri\u0173 gretas \u012fsilieja \u201eVolfas Engelman\u201c. Tai puikiai \u017einomas prek\u0117s \u017eenklas, kurio&hellip;\n","protected":false},"author":2,"featured_media":114017,"comment_status":"","ping_status":"","sticky":false,"template":"","format":"standard","meta":{"footnotes":"","_share_on_mastodon":"0"},"categories":[19],"tags":[172,37,39,21543,36,38,40,1847,47,104,2880],"class_list":["post-114016","post","type-post","status-publish","format-standard","has-post-thumbnail","category-sportas","tag-krepsinis","tag-lietuva","tag-lietuviu","tag-lietuvos-krepsinis","tag-lithuania","tag-lithuanian","tag-lt","tag-mindaugas-balciunas","tag-sportas","tag-sports","tag-volfas-engelman"],"share_on_mastodon":{"url":"https:\/\/pubeurope.com\/@lt\/116127761875357134","error":""},"_links":{"self":[{"href":"https:\/\/www.europesays.com\/lt\/wp-json\/wp\/v2\/posts\/114016","targetHints":{"allow":["GET"]}}],"collection":[{"href":"https:\/\/www.europesays.com\/lt\/wp-json\/wp\/v2\/posts"}],"about":[{"href":"https:\/\/www.europesays.com\/lt\/wp-json\/wp\/v2\/types\/post"}],"author":[{"embeddable":true,"href":"https:\/\/www.europesays.com\/lt\/wp-json\/wp\/v2\/users\/2"}],"replies":[{"embeddable":true,"href":"https:\/\/www.europesays.com\/lt\/wp-json\/wp\/v2\/comments?post=114016"}],"version-history":[{"count":0,"href":"https:\/\/www.europesays.com\/lt\/wp-json\/wp\/v2\/posts\/114016\/revisions"}],"wp:featuredmedia":[{"embeddable":true,"href":"https:\/\/www.europesays.com\/lt\/wp-json\/wp\/v2\/media\/114017"}],"wp:attachment":[{"href":"https:\/\/www.europesays.com\/lt\/wp-json\/wp\/v2\/media?parent=114016"}],"wp:term":[{"taxonomy":"category","embeddable":true,"href":"https:\/\/www.europesays.com\/lt\/wp-json\/wp\/v2\/categories?post=114016"},{"taxonomy":"post_tag","embeddable":true,"href":"https:\/\/www.europesays.com\/lt\/wp-json\/wp\/v2\/tags?post=114016"}],"curies":[{"name":"wp","href":"https:\/\/api.w.org\/{rel}","templated":true}]}}