{"id":11402,"date":"2025-10-06T14:21:08","date_gmt":"2025-10-06T14:21:08","guid":{"rendered":"https:\/\/www.europesays.com\/lt\/11402\/"},"modified":"2025-10-06T14:21:08","modified_gmt":"2025-10-06T14:21:08","slug":"arturas-milaknis-palieka-nevezio-gretas","status":"publish","type":"post","link":"https:\/\/www.europesays.com\/lt\/11402\/","title":{"rendered":"Art\u016bras Milaknis palieka \u201eNev\u0117\u017eio\u201c gretas"},"content":{"rendered":"<p>Sprendimas priimtas abipusiu sutarimu. Klubas d\u0117koja Art\u016brui u\u017e profesionalum\u0105, \u012fdirb\u012f komandos komplektacijos procese ir ind\u0117l\u012f \u012f organizacijos augim\u0105.<\/p>\n<p class=\"\">\u201eEsu d\u0117kingas klubui u\u017e suteikt\u0105 galimyb\u0119 i\u0161bandyti save naujame vaidmenyje. Kartais sporte b\u016bna taip, kad nepavyksta rasti idealaus ritmo ar bendro matymo su organizacija. Linkiu komandai s\u0117kmingo sezono ir d\u017eiaugiuosi, gal\u0117j\u0119s prisid\u0117ti prie jo kelio\u201c, \u2013 sak\u0117 Art\u016bras Milaknis.<\/p>\n<p class=\"\">Po Art\u016bro i\u0161\u0117jimo \u201eNev\u0117\u017eis-Paskol\u0173 klubas\u201c pradeda naujo sporto direktoriaus paie\u0161kas.<\/p>\n<p class=\"\">\u201eA\u010di\u016b Art\u016brui u\u017e jo darb\u0105, profesionalum\u0105 ir energij\u0105 komplektuojant komand\u0105. Jis komandai suteik\u0117 ai\u0161k\u0173 impuls\u0105 ir krypt\u012f sezono prad\u017eioje \u2013 b\u016btent to mums tuo metu labiausiai reik\u0117jo. Po konstruktyvi\u0173 pokalbi\u0173 bendru sutarimu nusprend\u0117me sukti skirtingais keliais. Linkiu Art\u016brui s\u0117km\u0117s jo tolimesniame kelyje. Komandos darbas ir tikslai lieka nepakit\u0119 \u2013 siekti pergali\u0173 ir toliau nuosekliai augti. O mes kimbame \u012f darbus ir tikim\u0117s artimiausiu metu pristatyti nauj\u0105 impuls\u0105 sporto vadovo pozicijoje\u201c, \u2013 sak\u0117 klubo direktorius Justas Jankauskas.<\/p>\n","protected":false},"excerpt":{"rendered":"Sprendimas priimtas abipusiu sutarimu. Klubas d\u0117koja Art\u016brui u\u017e profesionalum\u0105, \u012fdirb\u012f komandos komplektacijos procese ir ind\u0117l\u012f \u012f organizacijos augim\u0105.&hellip;\n","protected":false},"author":2,"featured_media":11403,"comment_status":"","ping_status":"","sticky":false,"template":"","format":"standard","meta":{"footnotes":""},"categories":[19],"tags":[4288,852,37,39,36,38,40,47,104],"class_list":{"0":"post-11402","1":"post","2":"type-post","3":"status-publish","4":"format-standard","5":"has-post-thumbnail","7":"category-sportas","8":"tag-arturas-milaknis","9":"tag-kedainiu-nevezis","10":"tag-lietuva","11":"tag-lietuviu","12":"tag-lithuania","13":"tag-lithuanian","14":"tag-lt","15":"tag-sportas","16":"tag-sports"},"share_on_mastodon":{"url":"","error":""},"_links":{"self":[{"href":"https:\/\/www.europesays.com\/lt\/wp-json\/wp\/v2\/posts\/11402","targetHints":{"allow":["GET"]}}],"collection":[{"href":"https:\/\/www.europesays.com\/lt\/wp-json\/wp\/v2\/posts"}],"about":[{"href":"https:\/\/www.europesays.com\/lt\/wp-json\/wp\/v2\/types\/post"}],"author":[{"embeddable":true,"href":"https:\/\/www.europesays.com\/lt\/wp-json\/wp\/v2\/users\/2"}],"replies":[{"embeddable":true,"href":"https:\/\/www.europesays.com\/lt\/wp-json\/wp\/v2\/comments?post=11402"}],"version-history":[{"count":0,"href":"https:\/\/www.europesays.com\/lt\/wp-json\/wp\/v2\/posts\/11402\/revisions"}],"wp:featuredmedia":[{"embeddable":true,"href":"https:\/\/www.europesays.com\/lt\/wp-json\/wp\/v2\/media\/11403"}],"wp:attachment":[{"href":"https:\/\/www.europesays.com\/lt\/wp-json\/wp\/v2\/media?parent=11402"}],"wp:term":[{"taxonomy":"category","embeddable":true,"href":"https:\/\/www.europesays.com\/lt\/wp-json\/wp\/v2\/categories?post=11402"},{"taxonomy":"post_tag","embeddable":true,"href":"https:\/\/www.europesays.com\/lt\/wp-json\/wp\/v2\/tags?post=11402"}],"curies":[{"name":"wp","href":"https:\/\/api.w.org\/{rel}","templated":true}]}}