{"id":11421,"date":"2025-10-06T14:36:08","date_gmt":"2025-10-06T14:36:08","guid":{"rendered":"https:\/\/www.europesays.com\/lt\/11421\/"},"modified":"2025-10-06T14:36:08","modified_gmt":"2025-10-06T14:36:08","slug":"piniginiai-reikalai-atnaujintos-nt-mokestines-vertes-ar-padarys-itakos-kainoms","status":"publish","type":"post","link":"https:\/\/www.europesays.com\/lt\/11421\/","title":{"rendered":"Piniginiai reikalai. Atnaujintos NT mokestin\u0117s vert\u0117s \u2013 ar padarys \u012ftakos kainoms?"},"content":{"rendered":"\n<p>  Prane\u0161k klaid\u0105<br \/>\n        Padidink tekst\u0105\n     <\/p>\n<p>Pra\u0117jusi\u0105 savait\u0119 Registr\u0173 centras atnaujino ir pateik\u0117 preliminarias 2026 m. nekilnojamojo turto (<a rel=\"noopener nofollow\" target=\"_blank\" href=\"https:\/\/www.delfi.lt\/temos\/nt\" tag-id=\"93266611\">NT<\/a>) mokestines vertes. Per penkerius metus b\u016bsto vert\u0117 i\u0161augo ma\u017edaug du kartus. Atnaujintos mokestin\u0117s vert\u0117s ypa\u010d aktualios turint omenyje tai, kad nuo kit\u0173 met\u0173 keisis NT mokestis: pagrindiniam b\u016bstui taikomas 450 t\u016bkst. eur\u0173 neapmokestinamasis dydis, o ne pagrindiniam \u2013 50 t\u016bkst. eur\u0173 apmokestinimo \u201egrindys\u201c. Taip pat laukiama ir Lietuvos banko sprendimo d\u0117l pradinio b\u016bsto \u012fna\u0161o reikalavimo poky\u010di\u0173.<\/p>\n","protected":false},"excerpt":{"rendered":"Prane\u0161k klaid\u0105 Padidink tekst\u0105 Pra\u0117jusi\u0105 savait\u0119 Registr\u0173 centras atnaujino ir pateik\u0117 preliminarias 2026 m. nekilnojamojo turto (NT) mokestines&hellip;\n","protected":false},"author":2,"featured_media":11422,"comment_status":"","ping_status":"","sticky":false,"template":"","format":"standard","meta":{"footnotes":""},"categories":[13],"tags":[25,30,31,34,35,24,1048,32,33,37,39,36,38,40,23,22,2050,4295,28,29,4294,26,27],"class_list":{"0":"post-11421","1":"post","2":"type-post","3":"status-publish","4":"format-standard","5":"has-post-thumbnail","7":"category-lietuva","8":"tag-antrastes","9":"tag-breaking-news","10":"tag-breakingnews","11":"tag-featured-news","12":"tag-featurednews","13":"tag-headlines","14":"tag-kazys-maksvytis","15":"tag-latest-news","16":"tag-latestnews","17":"tag-lietuva","18":"tag-lietuviu","19":"tag-lithuania","20":"tag-lithuanian","21":"tag-lt","22":"tag-naujienos","23":"tag-news","24":"tag-nt","25":"tag-piniginiai-reikalai","26":"tag-populiariausios-naujienos","27":"tag-populiariausiosnaujienos","28":"tag-saulius-vagonis","29":"tag-top-stories","30":"tag-topstories"},"share_on_mastodon":{"url":"","error":""},"_links":{"self":[{"href":"https:\/\/www.europesays.com\/lt\/wp-json\/wp\/v2\/posts\/11421","targetHints":{"allow":["GET"]}}],"collection":[{"href":"https:\/\/www.europesays.com\/lt\/wp-json\/wp\/v2\/posts"}],"about":[{"href":"https:\/\/www.europesays.com\/lt\/wp-json\/wp\/v2\/types\/post"}],"author":[{"embeddable":true,"href":"https:\/\/www.europesays.com\/lt\/wp-json\/wp\/v2\/users\/2"}],"replies":[{"embeddable":true,"href":"https:\/\/www.europesays.com\/lt\/wp-json\/wp\/v2\/comments?post=11421"}],"version-history":[{"count":0,"href":"https:\/\/www.europesays.com\/lt\/wp-json\/wp\/v2\/posts\/11421\/revisions"}],"wp:featuredmedia":[{"embeddable":true,"href":"https:\/\/www.europesays.com\/lt\/wp-json\/wp\/v2\/media\/11422"}],"wp:attachment":[{"href":"https:\/\/www.europesays.com\/lt\/wp-json\/wp\/v2\/media?parent=11421"}],"wp:term":[{"taxonomy":"category","embeddable":true,"href":"https:\/\/www.europesays.com\/lt\/wp-json\/wp\/v2\/categories?post=11421"},{"taxonomy":"post_tag","embeddable":true,"href":"https:\/\/www.europesays.com\/lt\/wp-json\/wp\/v2\/tags?post=11421"}],"curies":[{"name":"wp","href":"https:\/\/api.w.org\/{rel}","templated":true}]}}