{"id":11444,"date":"2025-10-06T14:59:12","date_gmt":"2025-10-06T14:59:12","guid":{"rendered":"https:\/\/www.europesays.com\/lt\/11444\/"},"modified":"2025-10-06T14:59:12","modified_gmt":"2025-10-06T14:59:12","slug":"medvedevas-pasisake-apie-dronu-trikdzius","status":"publish","type":"post","link":"https:\/\/www.europesays.com\/lt\/11444\/","title":{"rendered":"Medvedevas pasisak\u0117 apie dron\u0173 trikd\u017eius"},"content":{"rendered":"<p>D. Medvedevas \u0117m\u0117si menkinti teorij\u0105, kad pastarojo meto trikd\u017eiai, be kita ko, paveik\u0119 eism\u0105 Vokietijos ir Danijos oro uostuose, buvo koki\u0173 nors veiksm\u0173, susijusi\u0173 su Rusija ar jai prijau\u010dian\u010diomis j\u0117gomis, rezultatas.<\/p>\n<p>\u201e\u017dmon\u0117s, kurie (Europoje) prijau\u010dia m\u016bs\u0173 \u0161aliai, ne\u0161vaistys savo i\u0161tekli\u0173 nebesislapstydami. M\u016bs\u0173 \u201eagentai ir \u0161nipai\u201c laukia atskiro \u012fsakymo\u201c, \u2013 savo oficialiame \u201eTelegram\u201c kanale para\u0161\u0117 D. Medvedevas, kuris \u0161iuo metu eina Rusijos Saugumo Tarybos pirmininko pavaduotojo pareigas.<\/p>\n<p>Pasak jo, nepriklausomai nuo to, kas yra atsakingas, svarbiausia tai, jog Europos pilie\u010diai pajuto, k\u0105 karas gal\u0117t\u0173 reik\u0161ti j\u0173 \u017eemynui. D. Medvedevas apkaltino Pranc\u016bzijos prezident\u0105 Emmanuel\u012f Macron\u0105 ir Vokietijos kancler\u012f Friedrich\u0105 Merz\u0105 \u012fvyki\u0173 kurstymu d\u0117l politini\u0173 ir finansini\u0173 prie\u017eas\u010di\u0173.<\/p>\n<p>\u201eSvarbiausia tai, kad trumparegiai europie\u010diai savo kailiu pajust\u0173 karo pavoj\u0173. Kad jie bijot\u0173 ir dreb\u0117t\u0173 kaip kvail\u0173 gyvuli\u0173 banda, varoma \u012f skerdykl\u0105\u201c, \u2013 tvirtino D. Medvedevas.<\/p>\n","protected":false},"excerpt":{"rendered":"D. Medvedevas \u0117m\u0117si menkinti teorij\u0105, kad pastarojo meto trikd\u017eiai, be kita ko, paveik\u0119 eism\u0105 Vokietijos ir Danijos oro&hellip;\n","protected":false},"author":2,"featured_media":11445,"comment_status":"","ping_status":"","sticky":false,"template":"","format":"standard","meta":{"footnotes":""},"categories":[15],"tags":[25,4302,30,31,3169,34,35,24,32,33,37,39,36,38,40,23,22,44,28,29,26,27,74,75,76],"class_list":{"0":"post-11444","1":"post","2":"type-post","3":"status-publish","4":"format-standard","5":"has-post-thumbnail","7":"category-pasaulis","8":"tag-antrastes","9":"tag-bepilociai-orlaiviai","10":"tag-breaking-news","11":"tag-breakingnews","12":"tag-dmitrijus-medvedevas","13":"tag-featured-news","14":"tag-featurednews","15":"tag-headlines","16":"tag-latest-news","17":"tag-latestnews","18":"tag-lietuva","19":"tag-lietuviu","20":"tag-lithuania","21":"tag-lithuanian","22":"tag-lt","23":"tag-naujienos","24":"tag-news","25":"tag-pasaulis","26":"tag-populiariausios-naujienos","27":"tag-populiariausiosnaujienos","28":"tag-top-stories","29":"tag-topstories","30":"tag-world","31":"tag-world-news","32":"tag-worldnews"},"share_on_mastodon":{"url":"","error":""},"_links":{"self":[{"href":"https:\/\/www.europesays.com\/lt\/wp-json\/wp\/v2\/posts\/11444","targetHints":{"allow":["GET"]}}],"collection":[{"href":"https:\/\/www.europesays.com\/lt\/wp-json\/wp\/v2\/posts"}],"about":[{"href":"https:\/\/www.europesays.com\/lt\/wp-json\/wp\/v2\/types\/post"}],"author":[{"embeddable":true,"href":"https:\/\/www.europesays.com\/lt\/wp-json\/wp\/v2\/users\/2"}],"replies":[{"embeddable":true,"href":"https:\/\/www.europesays.com\/lt\/wp-json\/wp\/v2\/comments?post=11444"}],"version-history":[{"count":0,"href":"https:\/\/www.europesays.com\/lt\/wp-json\/wp\/v2\/posts\/11444\/revisions"}],"wp:featuredmedia":[{"embeddable":true,"href":"https:\/\/www.europesays.com\/lt\/wp-json\/wp\/v2\/media\/11445"}],"wp:attachment":[{"href":"https:\/\/www.europesays.com\/lt\/wp-json\/wp\/v2\/media?parent=11444"}],"wp:term":[{"taxonomy":"category","embeddable":true,"href":"https:\/\/www.europesays.com\/lt\/wp-json\/wp\/v2\/categories?post=11444"},{"taxonomy":"post_tag","embeddable":true,"href":"https:\/\/www.europesays.com\/lt\/wp-json\/wp\/v2\/tags?post=11444"}],"curies":[{"name":"wp","href":"https:\/\/api.w.org\/{rel}","templated":true}]}}