{"id":114730,"date":"2026-02-25T15:28:13","date_gmt":"2026-02-25T15:28:13","guid":{"rendered":"https:\/\/www.europesays.com\/lt\/114730\/"},"modified":"2026-02-25T15:28:13","modified_gmt":"2026-02-25T15:28:13","slug":"dronai-atakavo-trasu-gamykla-smolensko-srityje-zuvo-keturi-zmones-respublika-lt","status":"publish","type":"post","link":"https:\/\/www.europesays.com\/lt\/114730\/","title":{"rendered":"Dronai atakavo tra\u0161\u0173 gamykl\u0105 Smolensko srityje &#8211; \u017euvo keturi \u017emon\u0117s &#8211; Respublika.lt"},"content":{"rendered":"<p style=\"text-align: justify;\" class=\"desktop_banner\">\u00a0<\/p>\n<p style=\"text-align: left;\">Gamykla, esanti netoli Rusijos Dorogobu\u017eo miesto, yra u\u017e ma\u017edaug 290 km nuo Ukrainos sienos.<\/p>\n<p style=\"text-align: left;\">Socialiniuose tinkluose paskelbtos nepatvirtintos nuotraukos, kuriose, kaip teigiama, matyti tre\u010diadien\u012f anksti ryte gamykloje kil\u0119s gaisras ir d\u016bm\u0173 stulpai naktiniame danguje.<\/p>\n<p style=\"text-align: left;\">\u201ePrie\u0161as smog\u0117 priva\u010diai bendrovei \u201eDorogobu\u017e\u201c, civilinei azoto tr\u0105\u0161\u0173 gamyklai. Ukrainos ginkluot\u0173j\u0173 paj\u0117g\u0173 barbari\u0161ko teroro akto metu \u017euvo keturi darbuotojai, o 10 buvo su\u017eeisti\u201c, \u2013 ra\u0161\u0117 Smolensko srities gubernatorius Vasilijus Anochinas \u201eTelegram\u201c \u012fra\u0161e.<\/p>\n<p style=\"text-align: left;\">Gelb\u0117tojai dirba \u012fvykio vietoje ir gesina gaisrus, o vald\u017eios institucijos svarsto galimyb\u0119 evakuoti kaimyninio kaimo gyventojus d\u0117l j\u0173 saugumo, prid\u016br\u0117 jis.<\/p>\n<p style=\"text-align: left;\">Pasak Rusijos \u017einiasklaidos, gamykla buvo atakuota ir pra\u0117jusi\u0173 met\u0173 gruod\u012f.<\/p>\n<p style=\"text-align: left;\">Ukraina patvirtino atak\u0105<\/p>\n<p style=\"text-align: left;\">\u201eUkrinform\u201c patvirtino, kad pra\u0117jusi\u0105 nakt\u012f dronais buvo atakuota Smolensko srityje esanti Dorogobu\u017eo chemijos gamykla. Apie tai, pasak jos, prane\u0161\u0117 \u201eTelegram\u201c kanalas ASTRA.<\/p>\n<p style=\"text-align: left;\">\u012emon\u0117 \u201eDorogobu\u017e\u201c specializuojasi azoto tr\u0105\u0161\u0173 ir chemijos produkt\u0173 gamyboje.<\/p>\n<p style=\"text-align: left;\">Tarp \u012fmon\u0117s gaminam\u0173 produkt\u0173 \u2013 amonio nitratas, t. y. komponentas, naudojamas tiek civilin\u0117je, tiek ir karin\u0117je gamyboje.<\/p>\n<p style=\"text-align: left;\">Bendrov\u0117 \u201eDorogobu\u017e\u201c taip pat buvo atakuota 2025 m. gruod\u017eio 11 d.\u00a0<\/p>\n<p style=\"text-align: left;\">Ukrainos nacionalinio saugumo ir gynybos tarybos kovos su dezinformacija centro vadovas Andrijus Kovalenka sak\u0117, kad dega Dorogobu\u017eo \u0161ilumin\u0117 elektrin\u0117, kuri aptarnauja gamykl\u0105, gaminan\u010di\u0105 chemikalus, svarbius Rusijos gynybos pramonei.<\/p>\n","protected":false},"excerpt":{"rendered":"\u00a0 Gamykla, esanti netoli Rusijos Dorogobu\u017eo miesto, yra u\u017e ma\u017edaug 290 km nuo Ukrainos sienos. Socialiniuose tinkluose paskelbtos&hellip;\n","protected":false},"author":2,"featured_media":114731,"comment_status":"","ping_status":"","sticky":false,"template":"","format":"standard","meta":{"footnotes":"","_share_on_mastodon":"0"},"categories":[15],"tags":[25,4443,30,31,267,34,35,7229,24,815,32,33,37,39,36,38,40,23,22,44,28,29,119,21593,26,27,360,74,75,76,4341],"class_list":["post-114730","post","type-post","status-publish","format-standard","has-post-thumbnail","category-pasaulis","tag-antrastes","tag-ataka","tag-breaking-news","tag-breakingnews","tag-dronai","tag-featured-news","tag-featurednews","tag-gamykla","tag-headlines","tag-karas","tag-latest-news","tag-latestnews","tag-lietuva","tag-lietuviu","tag-lithuania","tag-lithuanian","tag-lt","tag-naujienos","tag-news","tag-pasaulis","tag-populiariausios-naujienos","tag-populiariausiosnaujienos","tag-rusija","tag-smolenskas","tag-top-stories","tag-topstories","tag-ukraina","tag-world","tag-world-news","tag-worldnews","tag-zutys"],"share_on_mastodon":{"url":"https:\/\/pubeurope.com\/@lt\/116131981061464509","error":""},"_links":{"self":[{"href":"https:\/\/www.europesays.com\/lt\/wp-json\/wp\/v2\/posts\/114730","targetHints":{"allow":["GET"]}}],"collection":[{"href":"https:\/\/www.europesays.com\/lt\/wp-json\/wp\/v2\/posts"}],"about":[{"href":"https:\/\/www.europesays.com\/lt\/wp-json\/wp\/v2\/types\/post"}],"author":[{"embeddable":true,"href":"https:\/\/www.europesays.com\/lt\/wp-json\/wp\/v2\/users\/2"}],"replies":[{"embeddable":true,"href":"https:\/\/www.europesays.com\/lt\/wp-json\/wp\/v2\/comments?post=114730"}],"version-history":[{"count":0,"href":"https:\/\/www.europesays.com\/lt\/wp-json\/wp\/v2\/posts\/114730\/revisions"}],"wp:featuredmedia":[{"embeddable":true,"href":"https:\/\/www.europesays.com\/lt\/wp-json\/wp\/v2\/media\/114731"}],"wp:attachment":[{"href":"https:\/\/www.europesays.com\/lt\/wp-json\/wp\/v2\/media?parent=114730"}],"wp:term":[{"taxonomy":"category","embeddable":true,"href":"https:\/\/www.europesays.com\/lt\/wp-json\/wp\/v2\/categories?post=114730"},{"taxonomy":"post_tag","embeddable":true,"href":"https:\/\/www.europesays.com\/lt\/wp-json\/wp\/v2\/tags?post=114730"}],"curies":[{"name":"wp","href":"https:\/\/api.w.org\/{rel}","templated":true}]}}