{"id":11662,"date":"2025-10-06T18:45:08","date_gmt":"2025-10-06T18:45:08","guid":{"rendered":"https:\/\/www.europesays.com\/lt\/11662\/"},"modified":"2025-10-06T18:45:08","modified_gmt":"2025-10-06T18:45:08","slug":"gazos-flotiles-aktyvistai-meta-sunkius-kaltinimus-izraeliui","status":"publish","type":"post","link":"https:\/\/www.europesays.com\/lt\/11662\/","title":{"rendered":"Gazos flotil\u0117s aktyvistai meta sunkius kaltinimus Izraeliui"},"content":{"rendered":"<p>Vyrai ir moterys pasakojo, kad kelias valandas buvo laikomi u\u017e nugaros suri\u0161tomis rankomis, kartais \u2013 kepinant saulei, \u201eInstagram\u201c transliuotoje spaudos konferencijoje kalb\u0117jo teisinink\u0117. Kai kurie j\u0173 buvo ver\u010diami kl\u016bp\u0117ti, buvo \u012f\u017eeidin\u0117jami ir \u017eeminami. Moterys ypa\u010d da\u017enai buvo \u017eeminamos \u017eod\u017eiais. Viena aktyvist\u0117 teig\u0117, kad jai buvo spirta \u012f galv\u0105.<\/p>\n<p>Izraelio u\u017esienio reikal\u0173 ministerija atitinkamus kaltinimus pavadino \u201e\u012f\u017e\u016bliu melu\u201c. Visos palestinie\u010dius remian\u010di\u0173 aktyvist\u0173 teis\u0117s buvo \u201evisi\u0161kai u\u017etikrintos\u201c, prane\u0161ta Jeruzal\u0117je.\u00a0<\/p>\n<p>Izraelio karinis laivynas penktadien\u012f per\u0117m\u0117 paskutin\u012fj\u012f i\u0161 42 flotil\u0117s laiv\u0173. Buvo sulaikyta daugiau kaip 400 \u017emoni\u0173 i\u0161 de\u0161im\u010di\u0173 \u0161ali\u0173, \u012fskaitant tokius \u017einomus asmenis, kaip \u0161ved\u0173 aktyvist\u0117 Greta Thunberg ir buvusi Barselonos mer\u0117 Ada Colau.<\/p>\n<p>Nuo penktadienio Izraelis daug aktyvist\u0173 deportavo. Ta\u010diau apie 150 asmen\u0173, anot duomen\u0173, vis dar yra sulaikyti, 40 j\u0173 \u2013 paskelb\u0117 bado streik\u0105, sak\u0117 L. Tuma. Kai kurie j\u0173 atsisako net vandens, protestuodami prie\u0161 tai, kad nesulaukia medicinin\u0117s pagalbos.<\/p>\n<p>\u201eDaugelis j\u0173 iki \u0161io momento vis dar negavo teisin\u0117s pagalbos\u201c, \u2013 kalb\u0117jo teisinink\u0117 ir \u201eAdalah Legal Centre\u201c \u017emogaus teisi\u0173 ekspert\u0117.<\/p>\n<p>Kai kurie i\u0161 21 \u012f Madrid\u0105 atvykusi\u0173 ispan\u0173 aktyvist\u0173 taip pat pasakojo apie kankinim\u0105 ir \u017eeminim\u0105 nelaisv\u0117je. Buvusi mer\u0117 A. Colau teig\u0117, kad ant j\u0173 buvo \u0161aukiama, jie \u012f\u017eeidin\u0117ti, negavo nei geriamojo vandens, nei maisto. Naktimis es\u0105 ty\u010dia buvo \u012fjungiamas oro kondicionierius, siekiant trikdyti mieg\u0105.<\/p>\n<p>Flotil\u0117s dalyviai teig\u0117 nor\u0117j\u0119 pristatyti \u012f Gazos Ruo\u017e\u0105 pagalbos preki\u0173. Izraelis pasi\u016bl\u0117 nugabenti pagalb\u0105 per uostus u\u017e Gazos Ruo\u017eo rib\u0173 ir tada i\u0161 \u010dia nuve\u017eti \u012f palestinie\u010di\u0173 teritorij\u0105. Aktyvistai tai atmet\u0117, motyvuodami, kad Izraelio vykdoma Gazos Ruo\u017eo blokada prie\u0161tarauja tarptautinei teisei.<\/p>\n","protected":false},"excerpt":{"rendered":"Vyrai ir moterys pasakojo, kad kelias valandas buvo laikomi u\u017e nugaros suri\u0161tomis rankomis, kartais \u2013 kepinant saulei, \u201eInstagram\u201c&hellip;\n","protected":false},"author":2,"featured_media":11663,"comment_status":"","ping_status":"","sticky":false,"template":"","format":"standard","meta":{"footnotes":""},"categories":[15],"tags":[25,30,31,3346,34,35,702,24,553,32,33,37,39,36,38,40,23,22,44,28,29,26,27,74,75,76],"class_list":{"0":"post-11662","1":"post","2":"type-post","3":"status-publish","4":"format-standard","5":"has-post-thumbnail","7":"category-pasaulis","8":"tag-antrastes","9":"tag-breaking-news","10":"tag-breakingnews","11":"tag-elta-uzsienio-naujiena","12":"tag-featured-news","13":"tag-featurednews","14":"tag-gazos-ruozas","15":"tag-headlines","16":"tag-izraelis","17":"tag-latest-news","18":"tag-latestnews","19":"tag-lietuva","20":"tag-lietuviu","21":"tag-lithuania","22":"tag-lithuanian","23":"tag-lt","24":"tag-naujienos","25":"tag-news","26":"tag-pasaulis","27":"tag-populiariausios-naujienos","28":"tag-populiariausiosnaujienos","29":"tag-top-stories","30":"tag-topstories","31":"tag-world","32":"tag-world-news","33":"tag-worldnews"},"share_on_mastodon":{"url":"","error":""},"_links":{"self":[{"href":"https:\/\/www.europesays.com\/lt\/wp-json\/wp\/v2\/posts\/11662","targetHints":{"allow":["GET"]}}],"collection":[{"href":"https:\/\/www.europesays.com\/lt\/wp-json\/wp\/v2\/posts"}],"about":[{"href":"https:\/\/www.europesays.com\/lt\/wp-json\/wp\/v2\/types\/post"}],"author":[{"embeddable":true,"href":"https:\/\/www.europesays.com\/lt\/wp-json\/wp\/v2\/users\/2"}],"replies":[{"embeddable":true,"href":"https:\/\/www.europesays.com\/lt\/wp-json\/wp\/v2\/comments?post=11662"}],"version-history":[{"count":0,"href":"https:\/\/www.europesays.com\/lt\/wp-json\/wp\/v2\/posts\/11662\/revisions"}],"wp:featuredmedia":[{"embeddable":true,"href":"https:\/\/www.europesays.com\/lt\/wp-json\/wp\/v2\/media\/11663"}],"wp:attachment":[{"href":"https:\/\/www.europesays.com\/lt\/wp-json\/wp\/v2\/media?parent=11662"}],"wp:term":[{"taxonomy":"category","embeddable":true,"href":"https:\/\/www.europesays.com\/lt\/wp-json\/wp\/v2\/categories?post=11662"},{"taxonomy":"post_tag","embeddable":true,"href":"https:\/\/www.europesays.com\/lt\/wp-json\/wp\/v2\/tags?post=11662"}],"curies":[{"name":"wp","href":"https:\/\/api.w.org\/{rel}","templated":true}]}}