{"id":1169,"date":"2025-09-22T10:47:07","date_gmt":"2025-09-22T10:47:07","guid":{"rendered":"https:\/\/www.europesays.com\/lt\/1169\/"},"modified":"2025-09-22T10:47:07","modified_gmt":"2025-09-22T10:47:07","slug":"zivile-pinskuviene-savo-vyra-jona-priverte-nekantrauti-vakare-nieko-neplanuok","status":"publish","type":"post","link":"https:\/\/www.europesays.com\/lt\/1169\/","title":{"rendered":"\u017divil\u0117 Pinskuvien\u0117 savo vyr\u0105 Jon\u0105 privert\u0117 nekantrauti: vakare nieko neplanuok"},"content":{"rendered":"<p>Soc. tinkle \u017divil\u0117 pasidalijo \u017einute, kurioje sveikina savo sutuoktin\u012f Jon\u0105. Rugs\u0117jo 22 d. \u017einomas \u0161alies irkluotojas, politikas \u0161ven\u010dia 66-\u0105j\u012f gimtadien\u012f. <\/p>\n<p>\u201eSu gimtadieniu, mano Jonuk! \u0160iandien Tavo diena \u2013 d\u017eiaugiuosi ja kartu su Tavim. Tu \u2013 mano ramyb\u0117 ir mano audra, mano gyvenimo ramstis. <\/p>\n<p>O vakare nieko neplanuok, laukia staigmena\u201c, \u2013 patar\u0117 \u017emona.<\/p>\n<p>Kartu su \u0161iuo \u012fra\u0161u \u017d. Pinskuvien\u0117 \u012fk\u0117l\u0117 ir \u017eavi\u0105 j\u0173dviej\u0173 akimirk\u0105. Nuotraukoje jiedu glausdami vienas kit\u0105 romanti\u0161kai \u017evelgia \u012f akis. <\/p>\n<p>Po \u0161ia nuotrauka pasipyl\u0117 sveikinimai ir pasteb\u0117jimai. <\/p>\n<p>\u201eSveikinu. Labai gra\u017ei pora\u201c, \u2013 ra\u0161\u0117 viena komentatori\u0173. <\/p>\n<p>\u201eIr a\u0161 perduodu Jonui gimimo dienos sveikinimus! Sveikatos ir dvasin\u0117s ramyb\u0117s! Mes juk gim\u0119 t\u0105 pa\u010di\u0105 dien\u0105. Pasiilgau darbo komandoje \u2013 buvo geri laikai!\u201c \u2013 ra\u0161\u0117 kita. <\/p>\n<p>\u201eNuo\u0161ird\u016bs sveikinimai. Sveikatos ir gyvenimi\u0161ko d\u017eiaugsmo kiekvienai dienai\u201c, \u2013 prid\u016br\u0117 dar viena.<\/p>\n","protected":false},"excerpt":{"rendered":"Soc. tinkle \u017divil\u0117 pasidalijo \u017einute, kurioje sveikina savo sutuoktin\u012f Jon\u0105. Rugs\u0117jo 22 d. \u017einomas \u0161alies irkluotojas, politikas \u0161ven\u010dia&hellip;\n","protected":false},"author":2,"featured_media":1170,"comment_status":"","ping_status":"","sticky":false,"template":"","format":"standard","meta":{"footnotes":""},"categories":[6],"tags":[25,30,31,34,35,24,676,32,33,37,39,36,38,40,23,22,28,29,677,26,27,678],"class_list":{"0":"post-1169","1":"post","2":"type-post","3":"status-publish","4":"format-standard","5":"has-post-thumbnail","7":"category-antrastes","8":"tag-antrastes","9":"tag-breaking-news","10":"tag-breakingnews","11":"tag-featured-news","12":"tag-featurednews","13":"tag-headlines","14":"tag-jonas-pinskus","15":"tag-latest-news","16":"tag-latestnews","17":"tag-lietuva","18":"tag-lietuviu","19":"tag-lithuania","20":"tag-lithuanian","21":"tag-lt","22":"tag-naujienos","23":"tag-news","24":"tag-populiariausios-naujienos","25":"tag-populiariausiosnaujienos","26":"tag-sirvintos","27":"tag-top-stories","28":"tag-topstories","29":"tag-zivile-pinskuviene"},"share_on_mastodon":{"url":"","error":""},"_links":{"self":[{"href":"https:\/\/www.europesays.com\/lt\/wp-json\/wp\/v2\/posts\/1169","targetHints":{"allow":["GET"]}}],"collection":[{"href":"https:\/\/www.europesays.com\/lt\/wp-json\/wp\/v2\/posts"}],"about":[{"href":"https:\/\/www.europesays.com\/lt\/wp-json\/wp\/v2\/types\/post"}],"author":[{"embeddable":true,"href":"https:\/\/www.europesays.com\/lt\/wp-json\/wp\/v2\/users\/2"}],"replies":[{"embeddable":true,"href":"https:\/\/www.europesays.com\/lt\/wp-json\/wp\/v2\/comments?post=1169"}],"version-history":[{"count":0,"href":"https:\/\/www.europesays.com\/lt\/wp-json\/wp\/v2\/posts\/1169\/revisions"}],"wp:featuredmedia":[{"embeddable":true,"href":"https:\/\/www.europesays.com\/lt\/wp-json\/wp\/v2\/media\/1170"}],"wp:attachment":[{"href":"https:\/\/www.europesays.com\/lt\/wp-json\/wp\/v2\/media?parent=1169"}],"wp:term":[{"taxonomy":"category","embeddable":true,"href":"https:\/\/www.europesays.com\/lt\/wp-json\/wp\/v2\/categories?post=1169"},{"taxonomy":"post_tag","embeddable":true,"href":"https:\/\/www.europesays.com\/lt\/wp-json\/wp\/v2\/tags?post=1169"}],"curies":[{"name":"wp","href":"https:\/\/api.w.org\/{rel}","templated":true}]}}