{"id":116965,"date":"2026-02-28T09:48:13","date_gmt":"2026-02-28T09:48:13","guid":{"rendered":"https:\/\/www.europesays.com\/lt\/116965\/"},"modified":"2026-02-28T09:48:13","modified_gmt":"2026-02-28T09:48:13","slug":"lietuvai-eurovizijoje-siais-metais-atstovaus-lion-ceccah-respublika-lt","status":"publish","type":"post","link":"https:\/\/www.europesays.com\/lt\/116965\/","title":{"rendered":"Lietuvai \u201eEurovizijoje\u201c \u0161iais metais atstovaus Lion Ceccah &#8211; Respublika.lt"},"content":{"rendered":"<p>    \u00d7<\/p>\n<p>    (1\/1) \u201eEurovizijos\u201c dain\u0173 konkurse Austrijoje gegu\u017e\u0119 Lietuvai atstovaus atlik\u0117jas Lion Ceccah su daina \u201eSolo quiero mas\u201c. Eltos nuotr. <a href=\"https:\/\/www.respublika.lt\/uploads\/img\/catalog\/1\/photo_1_15101713.jpg\" class=\"swiper-photo-download\" download=\"\" rel=\"nofollow noopener\" target=\"_blank\">Atsisi\u0173sti<\/a><\/p>\n<p><img loading=\"lazy\" decoding=\"async\" src=\"https:\/\/www.respublika.lt\/lt\/naujienos\/pramogos\/kinas_muzika_tv\/lietuvai-eurovizijoje-siais-metais-atstovaus-lion-ceccah\/images\/ico_camera_white.gif\" class=\"camera\" width=\"22\" height=\"15\" alt=\"nuotr.\" style=\"position:relative; top:-2px; right:2px;\"\/> 1 nuotr.<\/p>\n<p>\u201eEurovizijos\u201c dain\u0173 konkurse Austrijoje gegu\u017e\u0119 Lietuvai atstovaus atlik\u0117jas Lion Ceccah su daina \u201eSolo quiero mas\u201c. Eltos nuotr.<\/p>\n<p style=\"text-align: left;\">70-ajame \u201eEurovizijos\u201c dain\u0173 konkurse Austrijoje gegu\u017e\u0119 Lietuvai atstovaus atlik\u0117jas Lion Ceccah su daina \u201eSolo quiero mas\u201c.<\/p>\n<p style=\"text-align: justify;\" class=\"desktop_banner\">\u00a0<\/p>\n<p style=\"text-align: left;\">\u00a0<\/p>\n<p style=\"text-align: left;\">Lietuvos atstovas tarptautiniame dain\u0173 konkurse Vienoje \u0161iemet pasirodys pirmajame pusfinalyje gegu\u017e\u0117s 12 d.\u00a0<\/p>\n<p style=\"text-align: left;\">Jame Lietuva var\u017eysis d\u0117l galimyb\u0117s patekti \u012f konkurso final\u0105 gegu\u017e\u0117s 16 dien\u0105.<\/p>\n<p style=\"text-align: left;\">D\u0117l kelialapio \u012f \u0161i\u0173 met\u0173 \u201eEurovizijos\u201c dain\u0173 konkurs\u0105 penktadien\u012f, nacionalin\u0117s atrankos \u201eEurovizija.lt\u201c finale var\u017e\u0117si dar de\u0161imt Lietuvos atlik\u0117j\u0173 ir grupi\u0173: Rug!le, \u201eWalls of Water\u201c, N\u00f8ra Blu, Noy, Atikin, \u201eSHWR\u201c, \u201eVilnius Voices\u201c, Lolita Zero, Paul\u00e8, \u201eBlack Biceps\u201c.<\/p>\n<p style=\"text-align: left;\">Pra\u0117jusiais metais \u0160veicarijos mieste Bazelyje vykusiame \u201eEurovizijos\u201c dain\u0173 konkurse Lietuvos atstovai grup\u0117 \u201eKatarsis\u201c su daina \u201eTavo akys\u201c u\u017e\u0117m\u0117 16 viet\u0105.<\/p>\n<p style=\"text-align: left;\">Tuo metu konkurs\u0105 laim\u0117jo Austrijos atstovas \u2013 atlik\u0117jas JJ su daina \u201eWasted Love\u201c.<\/p>\n<p style=\"text-align: left;\">\u201eEurovizijos\u201c dain\u0173 konkursas rengiamas kasmet nuo 1956 met\u0173.<\/p>\n<p style=\"text-align: left;\">Lietuva su pertraukomis konkurse dalyvauja nuo 1994 met\u0173.<\/p>\n<p style=\"text-align: left;\">Tuomet \u0161aliai atstovavo Ovidijus Vy\u0161niauskas su daina \u201eLop\u0161in\u0117 mylimai\u201c. Visgi, nul\u012f bal\u0173 surink\u0119s pasirodymas u\u017e\u0117m\u0117 paskutin\u0119 viet\u0105.<\/p>\n<p style=\"text-align: left;\">S\u0117kmingiausias Lietuvos pasirodymas \u201eEurovizijoje\u201c buvo 2006 metais, kai grup\u0117 \u201eLT United\u201c su daina \u201eWe are the Winners\u201c u\u017e\u0117m\u0117 \u0161e\u0161t\u0105j\u0105 viet\u0105.\u00a0<\/p>\n<p>Patiko straipsnis? Leisk mums apie tai su\u017einoti. Nepamir\u0161k pasidalinti Facebook! <\/p>\n<p><img loading=\"lazy\" decoding=\"async\" class=\"p2_social_circle_icon\" src=\"https:\/\/www.respublika.lt\/images\/thumbs_up.svg\" width=\"21\" height=\"22\" alt=\"L\"\/><\/p>\n<p><img loading=\"lazy\" decoding=\"async\" class=\"p2_social_circle_icon\" src=\"https:\/\/www.respublika.lt\/images\/facebook.svg\" alt=\"F\" width=\"22\" height=\"22\" style=\"filter: invert(37%) sepia(55%) saturate(2351%) hue-rotate(187deg) brightness(102%) contrast(106%);\"\/><\/p>\n<p>&#13;<br \/>\n\tNesutinkate &#8211; diskutuokime!<br \/>&#13;<br \/>\n\tNepykite komentatoriai, bet komentarai su keiksma\u017eod\u017eiais bus \u0161alinami automati\u0161kai, be atsipra\u0161ymo.\n    <\/p>\n<p>&#13;<br \/>\n              Respublika.lt pasilieka teis\u0119 pa\u0161alinti nekult\u016bringus, keiksma\u017eod\u017eiais pagardintus, su tema nesusijusius, kito asmens vardu pasira\u0161ytus, \u012fstatymus pa\u017eeid\u017eian\u010dius, \u0161lam\u0161t\u0105 reklamuojan\u010dius ar nusikalsti kurstan\u010dius komentarus. Jei kurstysite smurt\u0105, rasin\u0119, tautin\u0119, religin\u0119 ar kitokio pob\u016bd\u017eio neapykant\u0105, \u017evirbliu i\u0161skrid\u0119 j\u016bs\u0173 \u017eod\u017eiai gr\u012f\u017edami gali virsti ton\u0105 sverian\u010diu jau\u010diu &#8211; specialiosioms Lietuvos tarnyboms pareikalavus suteiksime j\u016bs\u0173 duomenis.\n            <\/p>\n","protected":false},"excerpt":{"rendered":"\u00d7 (1\/1) \u201eEurovizijos\u201c dain\u0173 konkurse Austrijoje gegu\u017e\u0119 Lietuvai atstovaus atlik\u0117jas Lion Ceccah su daina \u201eSolo quiero mas\u201c. Eltos&hellip;\n","protected":false},"author":2,"featured_media":116966,"comment_status":"","ping_status":"","sticky":false,"template":"","format":"standard","meta":{"footnotes":"","_share_on_mastodon":"0"},"categories":[6],"tags":[25,30,31,21825,4723,103,34,35,24,3910,32,33,37,39,21824,36,38,40,6714,23,22,28,29,26,27],"class_list":["post-116965","post","type-post","status-publish","format-standard","has-post-thumbnail","category-antrastes","tag-antrastes","tag-breaking-news","tag-breakingnews","tag-ceccah","tag-daina","tag-eurovizija","tag-featured-news","tag-featurednews","tag-headlines","tag-konkursas","tag-latest-news","tag-latestnews","tag-lietuva","tag-lietuviu","tag-lion","tag-lithuania","tag-lithuanian","tag-lt","tag-muzika","tag-naujienos","tag-news","tag-populiariausios-naujienos","tag-populiariausiosnaujienos","tag-top-stories","tag-topstories"],"share_on_mastodon":{"url":"https:\/\/pubeurope.com\/@lt\/116147631099623423","error":""},"_links":{"self":[{"href":"https:\/\/www.europesays.com\/lt\/wp-json\/wp\/v2\/posts\/116965","targetHints":{"allow":["GET"]}}],"collection":[{"href":"https:\/\/www.europesays.com\/lt\/wp-json\/wp\/v2\/posts"}],"about":[{"href":"https:\/\/www.europesays.com\/lt\/wp-json\/wp\/v2\/types\/post"}],"author":[{"embeddable":true,"href":"https:\/\/www.europesays.com\/lt\/wp-json\/wp\/v2\/users\/2"}],"replies":[{"embeddable":true,"href":"https:\/\/www.europesays.com\/lt\/wp-json\/wp\/v2\/comments?post=116965"}],"version-history":[{"count":0,"href":"https:\/\/www.europesays.com\/lt\/wp-json\/wp\/v2\/posts\/116965\/revisions"}],"wp:featuredmedia":[{"embeddable":true,"href":"https:\/\/www.europesays.com\/lt\/wp-json\/wp\/v2\/media\/116966"}],"wp:attachment":[{"href":"https:\/\/www.europesays.com\/lt\/wp-json\/wp\/v2\/media?parent=116965"}],"wp:term":[{"taxonomy":"category","embeddable":true,"href":"https:\/\/www.europesays.com\/lt\/wp-json\/wp\/v2\/categories?post=116965"},{"taxonomy":"post_tag","embeddable":true,"href":"https:\/\/www.europesays.com\/lt\/wp-json\/wp\/v2\/tags?post=116965"}],"curies":[{"name":"wp","href":"https:\/\/api.w.org\/{rel}","templated":true}]}}