{"id":117095,"date":"2026-02-28T13:04:32","date_gmt":"2026-02-28T13:04:32","guid":{"rendered":"https:\/\/www.europesays.com\/lt\/117095\/"},"modified":"2026-02-28T13:04:32","modified_gmt":"2026-02-28T13:04:32","slug":"kaune-duris-atveria-didziule-nauja-batu-parduotuve","status":"publish","type":"post","link":"https:\/\/www.europesays.com\/lt\/117095\/","title":{"rendered":"Kaune duris atveria did\u017eiul\u0117 nauja bat\u0173 parduotuv\u0117"},"content":{"rendered":"<p>Kaune, prekybos miestelyje \u201eUrmas\u201c, pirk\u0117jams vasario 28 d. duris atveria did\u017eiausia \u201eBat\u0173 centro\u201c <a href=\"https:\/\/kaunas.kasvyksta.lt\/parduotuve\" title=\"Parduotuv\u0117\" rel=\"nofollow noopener\" target=\"_blank\">parduotuv\u0117<\/a> Lietuvoje. Vir\u0161 600 kv. m. plot\u0105 u\u017eiman\u010dioje prekybos vietoje kaunie\u010dius ir miesto sve\u010dius pasitiks daugiau kaip 18 t\u016bkst. kokybi\u0161k\u0173 bat\u0173 por\u0173 u\u017e itin patraukli\u0105 kain\u0105.<\/p>\n<p>Naujoji parduotuv\u0117 \u201eUrme\u201c bus dvigubai didesn\u0117 nei iki tol \u010dia buvusi, tod\u0117l ir asortimentas \u2013 gerokai prapl\u0117stas.<\/p>\n<p>\u201eDaugiau modeli\u0173, daugiau skirting\u0173 stili\u0173 ir daugiau pasirinkimo tiek ie\u0161kantiems klasikos, tiek besidairantiems naujausi\u0173 mados tendencij\u0173. Bet svarbiausi dalykai \u2013 patraukli kaina ir puiki kokyb\u0117, i\u0161lieka. Parduotuv\u0117je sau tinkam\u0105 avalyn\u0119 ras ir vyrai, ir moterys \u2013 nuo patogi\u0173 kasdieni\u0173 ar laisvalaikio bat\u0173 iki eleganti\u0161k\u0173 modeli\u0173 ypatingoms progoms. Avalyn\u0117s pasi\u016bla bus tikrai didel\u0117 \u2013 apausime visus: tiek vertinan\u010dius komfort\u0105, tiek norin\u010dius i\u0161siskirti stilingais sprendimais\u201c, \u2013 sako parduotuv\u0117s vadov\u0117.<\/p>\n<p><img decoding=\"async\" width=\"500\" height=\"280\" loading=\"lazy\" src=\"https:\/\/www.europesays.com\/lt\/wp-content\/uploads\/2026\/02\/dsc-1192-69a2ab33ef9a0.jpg@webp.webp\" class=\"w-auto h-auto\" alt=\"DSC_1192\"\/><\/p>\n<p>Nauja \u201eBat\u0173 centro\u201c parduotuv\u0117 Kaune \/ Organizatori\u0173 nuotr.<\/p>\n<p>Naujojoje \u201eBat\u0173 centro\u201c parduotuv\u0117je, be plataus avalyn\u0117s asortimento, pirk\u0117jai ras ir avalyn\u0117s prie\u017ei\u016bros priemoni\u0173. Taip pat \u2013 plat\u0173 rankini\u0173 asortiment\u0105: nuo ma\u017e\u0173, eleganti\u0161k\u0173 rankini\u0173 per pet\u012f iki talpi\u0173, \u0161iuo metu itin m\u0117gstam\u0173, \u201eshopper\u201c tipo modeli\u0173 bei kuprini\u0173.<\/p>\n<p>Parduotuv\u0117je bus prekiaujama \u201eTommy Hilfiger\u201c,  \u201eGabor\u201c, \u201eAra\u201c, \u201eSalamander\u201c, \u201eGeox\u201c, \u201eTamaris\u201c, \u201eCaprice\u201c, \u201eRieker\u201c, \u201eMexx\u201c, \u201eS\u2019Oliver\u201c, \u201eLaConte\u201c, \u201ePuma\u201c, \u201eBugatti\u201c.<\/p>\n<p>Naujosios parduotuv\u0117s adresas: prekybos miestelis \u201eUrmas\u201c (Pramon\u0117s pr. 16, <a href=\"https:\/\/kaunas.kasvyksta.lt\/kaunas\" title=\"Kaunas\" rel=\"nofollow noopener\" target=\"_blank\">Kaunas<\/a>) Vakarin\u0117 galerija, A takas, 4 sal\u0117, 3 parduotuv\u0117.<\/p>\n","protected":false},"excerpt":{"rendered":"Kaune, prekybos miestelyje \u201eUrmas\u201c, pirk\u0117jams vasario 28 d. duris atveria did\u017eiausia \u201eBat\u0173 centro\u201c parduotuv\u0117 Lietuvoje. Vir\u0161 600 kv.&hellip;\n","protected":false},"author":2,"featured_media":117096,"comment_status":"","ping_status":"","sticky":false,"template":"","format":"standard","meta":{"footnotes":"","_share_on_mastodon":"0"},"categories":[13],"tags":[25,21835,30,31,34,35,24,1061,32,33,37,39,36,38,40,23,22,10322,28,29,26,27,21834,46],"class_list":["post-117095","post","type-post","status-publish","format-standard","has-post-thumbnail","category-lietuva","tag-antrastes","tag-batu-centras","tag-breaking-news","tag-breakingnews","tag-featured-news","tag-featurednews","tag-headlines","tag-kaunas","tag-latest-news","tag-latestnews","tag-lietuva","tag-lietuviu","tag-lithuania","tag-lithuanian","tag-lt","tag-naujienos","tag-news","tag-parduotuve","tag-populiariausios-naujienos","tag-populiariausiosnaujienos","tag-top-stories","tag-topstories","tag-urmas","tag-verslas"],"share_on_mastodon":{"url":"https:\/\/pubeurope.com\/@lt\/116148401763863774","error":""},"_links":{"self":[{"href":"https:\/\/www.europesays.com\/lt\/wp-json\/wp\/v2\/posts\/117095","targetHints":{"allow":["GET"]}}],"collection":[{"href":"https:\/\/www.europesays.com\/lt\/wp-json\/wp\/v2\/posts"}],"about":[{"href":"https:\/\/www.europesays.com\/lt\/wp-json\/wp\/v2\/types\/post"}],"author":[{"embeddable":true,"href":"https:\/\/www.europesays.com\/lt\/wp-json\/wp\/v2\/users\/2"}],"replies":[{"embeddable":true,"href":"https:\/\/www.europesays.com\/lt\/wp-json\/wp\/v2\/comments?post=117095"}],"version-history":[{"count":0,"href":"https:\/\/www.europesays.com\/lt\/wp-json\/wp\/v2\/posts\/117095\/revisions"}],"wp:featuredmedia":[{"embeddable":true,"href":"https:\/\/www.europesays.com\/lt\/wp-json\/wp\/v2\/media\/117096"}],"wp:attachment":[{"href":"https:\/\/www.europesays.com\/lt\/wp-json\/wp\/v2\/media?parent=117095"}],"wp:term":[{"taxonomy":"category","embeddable":true,"href":"https:\/\/www.europesays.com\/lt\/wp-json\/wp\/v2\/categories?post=117095"},{"taxonomy":"post_tag","embeddable":true,"href":"https:\/\/www.europesays.com\/lt\/wp-json\/wp\/v2\/tags?post=117095"}],"curies":[{"name":"wp","href":"https:\/\/api.w.org\/{rel}","templated":true}]}}