{"id":117855,"date":"2026-03-01T16:24:33","date_gmt":"2026-03-01T16:24:33","guid":{"rendered":"https:\/\/www.europesays.com\/lt\/117855\/"},"modified":"2026-03-01T16:24:33","modified_gmt":"2026-03-01T16:24:33","slug":"iranas-atakavo-prabangius-dubajaus-viesbucius-ir-oro-uostus","status":"publish","type":"post","link":"https:\/\/www.europesays.com\/lt\/117855\/","title":{"rendered":"Iranas atakavo prabangius Dubajaus vie\u0161bu\u010dius ir oro uostus"},"content":{"rendered":"<p>Precedento neturin\u010dioms Irano atakoms pasiekus kai kuriuos garisausius \u0161io miesto objektus ir peln\u0105 ne\u0161an\u010dias vietas, \u017ealos taip pat patyr\u0117 Dubajaus oro uostas, judriausias pasaulyje tarptautini\u0173 skryd\u017ei\u0173 mazgas, ir D\u017eebel Ali j\u016br\u0173 uostas, ra\u0161o \u201eLe Monde\u201c.  <\/p>\n<p class=\"MsoNormal\">Palm D\u017eumeiroje \u2013 pra\u0161matniame palm\u0117s formos gyvenamajame ir laisvalaikio kvartale \u2013 du   liudininkai gird\u0117jo sprogim\u0105 ir mat\u0117 i\u0161 vieno penki\u0173 \u017evaig\u017edu\u010di\u0173 vie\u0161bu\u010dio kylan\u010dius d\u016bmus. Dubajaus \u017einiasklaidos tarnyba patvirtino, kad d\u0117l \u201eincidento\u201c Palm D\u017eumeiroje viename pastate kilo gaisras ir buvo su\u017eeisti keturi \u017emon\u0117s. Po keli\u0173 valand\u0173 netoli to paties pastato nugriaud\u0117jo antrasis sprogimas, kai i\u0161 vir\u0161aus smigo ka\u017ekas pana\u0161aus \u012f dron\u0105, sak\u0117 kitas sprogim\u0105 mat\u0119s liudininkas.<\/p>\n<p>       <img decoding=\"async\" src=\"https:\/\/www.europesays.com\/lt\/wp-content\/uploads\/2026\/03\/21f1c60a-4f57-4657-9c22-05fc5de9cfc3.jpg\" loading=\"lazy\" alt=\"D\u016bmai i\u0161 Dubajaus D\u017eebel Ali uosto.\"\/>      <\/p>\n<p class=\"MsoNormal\">JAE nurod\u0117, kad <a rel=\"noopener nofollow\" target=\"_blank\" href=\"https:\/\/www.delfi.lt\/temos\/iranas\" tag-id=\"51347403\">Iranas<\/a> \u012f j\u0173 teritorij\u0105 paleido 137 raketas ir 209 dronus, bet daugum\u0105 j\u0173 per\u0117m\u0117 \u0161alies gynybos sistemos.<\/p>\n<p class=\"MsoNormal\">Vieno numu\u0161to drono nuolau\u017eos suk\u0117l\u0117 gaisr\u0105 \u201eBurj Al Arab\u201c \u2013 bur\u0117s formos pastate, kuris vadinamas pirmuoju pasaulyje septyni\u0173 \u017evaig\u017edu\u010di\u0173 vie\u0161bu\u010diu. \u201ePareig\u016bnai patvirtino, kad buvo perimtas vienas dronas ir jo nuolau\u017eos suk\u0117l\u0117 nedidel\u012f gaisr\u0105 ant \u201eBurj Al Arab\u201c i\u0161orinio fasado, \u2013 X ra\u0161\u0117 Dubajaus \u017einiasklaidos tarnyba. \u2013 Civilin\u0117s gynybos komandos reagavo nedelsiant ir suvald\u0117 incident\u0105. Apie su\u017eeistuosius neprane\u0161ta.\u201c<\/p>\n<p class=\"MsoNormal\">Agent\u016bros \u201eAgence France-Presse\u201c (AFP) korespondentas prie \u012f\u0117jimo \u012f \u0161\u012f vie\u0161but\u012f mat\u0117 policijos automobil\u012f \u2013 gatv\u0117 prie vie\u0161bu\u010dio buvo u\u017edaryta tiek p\u0117stiesiems, tiek transporto priemon\u0117ms.<\/p>\n<p class=\"MsoNormal\">Dubajaus oro uoste nukent\u0117jo keturi darbuotojai, kai \u201enedidel\u0117 \u017eala\u201c buvo padaryta vienai oro uosto salei, prane\u0161\u0117 \u0161\u012f objekt\u0105 valdanti \u012fstaiga. JAE jau buvo u\u017edar\u0119 savo oro erdv\u0119, tod\u0117l dauguma keleivi\u0173 jau buvo palik\u0119 oro uost\u0105.<\/p>\n<p>    <img decoding=\"async\" src=\"https:\/\/www.europesays.com\/lt\/wp-content\/uploads\/2026\/03\/64f2e589-2648-4fcc-8d19-bba6d9819910.jpg\" loading=\"lazy\" alt=\"D\u016bmai vir\u0161 garsiosios Dubajaus salos Palm D\u017eumeiros.\"\/>      <\/p>\n<p class=\"MsoNormal\">Ta\u010diau JAE sostin\u0117je Abu Dabyje per \u201eincident\u0105\u201c Zayedo tarptautiniame oro uoste auk\u0173 i\u0161vengti nepavyko \u2013 \u010dia \u017euvo vienas \u017emogus, o septyni buvo su\u017eeisti, prane\u0161\u0117 oro uost\u0105 valdanti bendrov\u0117.  <\/p>\n<p class=\"MsoNormal\">Krentan\u010dios nuolau\u017eos nuo numu\u0161to drono taip pat suk\u0117l\u0117 gaisr\u0105 Dubajaus D\u017eebel Ali uoste, kuriame yra <a rel=\"noopener nofollow\" target=\"_blank\" href=\"https:\/\/www.delfi.lt\/temos\/jav\" tag-id=\"39295467\">JAV<\/a> karo laiv\u0173 ir kuris gali aptarnauti l\u0117ktuvne\u0161ius. \u201eDubajaus civilin\u0117s gynybos komandos sureagavo nedelsiant ir toliau deda pastangas, kad gaisras b\u016bt\u0173 visi\u0161kai u\u017egesintas\u201c, \u2013 socialiniame tinkle X nurod\u0117 Dubajaus \u017einiasklaidos tarnyba.  <\/p>\n<p class=\"MsoNormal\"><a rel=\"noopener nofollow\" target=\"_blank\" href=\"https:\/\/www.delfi.lt\/temos\/dubajaus-oro-uostas\" tag-id=\"81200249\">Dubajaus oro uostas<\/a> ir j\u016br\u0173 uostas ne\u0161a apie 60 proc. emyrato pajam\u0173, rodo oficial\u016bs duomenys.  Ma\u017edaug 90 proc. JAE gyventoj\u0173 sudaro u\u017esienie\u010diai, o <a rel=\"noopener nofollow\" target=\"_blank\" href=\"https:\/\/www.delfi.lt\/temos\/dubajus\" tag-id=\"53958545\">Dubajus<\/a> yra did\u017eiausias \u0161alies miestas, kruop\u0161\u010diai puosel\u0117jantis prabangos ir spindesio \u012fvaizd\u012f.<\/p>\n<p class=\"MsoNormal\">Iranas, ker\u0161ydamas u\u017e JAV ir Izraelio atakas, atsakomuosius sm\u016bgius sudav\u0117 visoms nafta bei dujomis turtingoms Persijos \u012flankos \u0161alims, i\u0161skyrus Oman\u0105, kuris tarpininkavo JAV ir Irano deryboms.<\/p>\n","protected":false},"excerpt":{"rendered":"Precedento neturin\u010dioms Irano atakoms pasiekus kai kuriuos garisausius \u0161io miesto objektus ir peln\u0105 ne\u0161an\u010dias vietas, \u017ealos taip pat&hellip;\n","protected":false},"author":2,"featured_media":117856,"comment_status":"","ping_status":"","sticky":false,"template":"","format":"standard","meta":{"footnotes":"","_share_on_mastodon":"0"},"categories":[15],"tags":[25,30,31,21919,8134,34,35,144,24,79,10809,223,21850,32,33,37,39,36,38,40,23,22,44,28,29,26,27,74,75,76],"class_list":["post-117855","post","type-post","status-publish","format-standard","has-post-thumbnail","category-pasaulis","tag-antrastes","tag-breaking-news","tag-breakingnews","tag-dubajaus-oro-uostas","tag-dubajus","tag-featured-news","tag-featurednews","tag-gaisras","tag-headlines","tag-iranas","tag-jae","tag-jav","tag-jav-ataka-pries-irana","tag-latest-news","tag-latestnews","tag-lietuva","tag-lietuviu","tag-lithuania","tag-lithuanian","tag-lt","tag-naujienos","tag-news","tag-pasaulis","tag-populiariausios-naujienos","tag-populiariausiosnaujienos","tag-top-stories","tag-topstories","tag-world","tag-world-news","tag-worldnews"],"share_on_mastodon":{"url":"https:\/\/pubeurope.com\/@lt\/116154850548196966","error":""},"_links":{"self":[{"href":"https:\/\/www.europesays.com\/lt\/wp-json\/wp\/v2\/posts\/117855","targetHints":{"allow":["GET"]}}],"collection":[{"href":"https:\/\/www.europesays.com\/lt\/wp-json\/wp\/v2\/posts"}],"about":[{"href":"https:\/\/www.europesays.com\/lt\/wp-json\/wp\/v2\/types\/post"}],"author":[{"embeddable":true,"href":"https:\/\/www.europesays.com\/lt\/wp-json\/wp\/v2\/users\/2"}],"replies":[{"embeddable":true,"href":"https:\/\/www.europesays.com\/lt\/wp-json\/wp\/v2\/comments?post=117855"}],"version-history":[{"count":0,"href":"https:\/\/www.europesays.com\/lt\/wp-json\/wp\/v2\/posts\/117855\/revisions"}],"wp:featuredmedia":[{"embeddable":true,"href":"https:\/\/www.europesays.com\/lt\/wp-json\/wp\/v2\/media\/117856"}],"wp:attachment":[{"href":"https:\/\/www.europesays.com\/lt\/wp-json\/wp\/v2\/media?parent=117855"}],"wp:term":[{"taxonomy":"category","embeddable":true,"href":"https:\/\/www.europesays.com\/lt\/wp-json\/wp\/v2\/categories?post=117855"},{"taxonomy":"post_tag","embeddable":true,"href":"https:\/\/www.europesays.com\/lt\/wp-json\/wp\/v2\/tags?post=117855"}],"curies":[{"name":"wp","href":"https:\/\/api.w.org\/{rel}","templated":true}]}}