{"id":118081,"date":"2026-03-02T05:46:07","date_gmt":"2026-03-02T05:46:07","guid":{"rendered":"https:\/\/www.europesays.com\/lt\/118081\/"},"modified":"2026-03-02T05:46:07","modified_gmt":"2026-03-02T05:46:07","slug":"itampa-kyla-ir-vidurzemio-juroje-raketos-skriejo-i-lietuviu-megstama-sala-ar-dar-saugu-ten-atostogauti","status":"publish","type":"post","link":"https:\/\/www.europesays.com\/lt\/118081\/","title":{"rendered":"\u012etampa kyla ir Vidur\u017eemio j\u016broje: raketos skriejo \u012f lietuvi\u0173 m\u0117gstam\u0105 sal\u0105, ar dar saugu ten atostogauti?"},"content":{"rendered":"<p>Artim\u0173j\u0173 Ryt\u0173 konfliktas nenumaldomai ple\u010diasi ir kelia vis didesn\u012f nerim\u0105 Europos keliautojams. Savaitgal\u012f pasirod\u017eiusi informacija apie Irano paleistas raketas Kipro kryptimi suk\u0117l\u0117 tikr\u0105 \u0161ok\u0105 turizmo sektoriuje. Portalas \u201eMadeinVilnius.lt\u201c analizuoja naujausius \u012fvykius ir ai\u0161kinasi, ar viena populiariausi\u0173 lietuvi\u0173 atostog\u0173 kryp\u010di\u0173 vis dar laikoma saugia, bei primena, kuri\u0173 \u0161ali\u0173 \u0161iuo metu privalu grie\u017etai vengti.<\/p>\n<p>Nerim\u0105 keliantys incidentai \u0161alia Kipro krant\u0173<\/p>\n<p>Pirm\u0105j\u0105 kovo dien\u0105 pasaulio \u017einiasklaid\u0105 apskriejo \u017einia, jog Irano atsakomieji sm\u016bgiai, kil\u0119 po Jungtini\u0173 Amerikos Valstij\u0173 ir Izraelio atak\u0173, pasiek\u0117 Europos S\u0105jungos kaimynyst\u0119. Jungtin\u0117s Karalyst\u0117s gynybos sekretorius Johnas Healey oficialiai patvirtino, kad dvi balistin\u0117s raketos buvo paleistos Kipro kryptimi, kur \u012fsik\u016brusios svarbios brit\u0173 karin\u0117s baz\u0117s.<\/p>\n<p>Nors raketos salos nepasiek\u0117 ir, manoma, nukrito \u012f vanden\u012f, \u0161is precedentas rodo itin pavojing\u0105 konflikto pl\u0117tr\u0105.<\/p>\n<p>Kipro vyriausyb\u0117 suskubo raminti gyventojus bei turistus, teigdama, kad pati valstyb\u0117 nebuvo tiesioginis taikinys, ta\u010diau \u012ftampos i\u0161vengti nepavyko.<\/p>\n<p>\u201eMes esame beveik tikri, kad raketos nebuvo nukreiptos \u012f m\u016bs\u0173 bazes, ta\u010diau tai rodo, kokie neprognozuojami ir nekontroliuojami darosi \u0161ie i\u0161puoliai\u201c, \u2013 sako sekretorius.<\/p>\n<p>Ar vis dar saugu planuoti atostogas Kipre?<\/p>\n<p>Nors incidentas suk\u0117l\u0117 did\u017eiul\u012f a\u017eiota\u017e\u0105, Lietuvos u\u017esienio reikal\u0173 ministerija kol kas ne\u012ftrauk\u0117 Kipro \u012f grie\u017etai nerekomenduojam\u0173 lankyti \u0161ali\u0173 gretas. Skryd\u017eiai \u012f Larnak\u0105 ir Pafos\u0105 vyksta, o turistiniai kurortai funkcionuoja \u012fprastai.<\/p>\n<p>Vis d\u0117lto kelioni\u0173 ekspertai pataria atostogas planuoti ypa\u010d atsargiai. Kipras yra geografi\u0161kai labai arti aktyvi\u0173 karo veiksm\u0173 zonos, tod\u0117l oro erdv\u0117s apribojimai ar netik\u0117ti skryd\u017ei\u0173 at\u0161aukimai gali tapti kasdienybe.<\/p>\n<p>Keliautojams, vykstantiems \u012f \u0161i\u0105 sal\u0105, primygtinai si\u016bloma nuolat sekti naujienas, tur\u0117ti plat\u0173 kelioni\u0173 draudim\u0105 ir b\u016bti pasirengusiems galimiems plan\u0173 pasikeitimams.<\/p>\n<p>Kryptys, kuri\u0173 geriau nesirinkti<\/p>\n<p>Kol situacija d\u0117l Kipro lieka \u012ftempta, bet valdoma, kitose regiono valstyb\u0117se pad\u0117tis yra tiesiog kritin\u0117. Lietuvos institucijos primygtinai rekomenduoja at\u0161aukti bet kokius kelioni\u0173 planus \u012f Persijos \u012flankos \u0161alis.<\/p>\n<p>D\u0117l u\u017edaryt\u0173 oro erdvi\u0173 ir tiesiogin\u0117s sprogim\u0173 gr\u0117sm\u0117s, atostogos Jungtiniuose Arab\u0173 Emyratuose, Katare, Omane, Bahreine bei Kuveite \u0161iuo metu yra ne\u012fmanomos ir itin pavojingos. Tas pats galioja Jordanijai, Irakui bei Saudo Arabijai, kur saugumas irgi gali b\u016bti sunkiai u\u017etikrinamas. Pats grie\u017e\u010diausias persp\u0117jimas ir toliau taikomas aktyvaus konflikto epicentrams.<\/p>\n<p>\u201eVis\u0173 Lietuvos pilie\u010di\u0173 pra\u0161ome atsisakyti bet koki\u0173 kelioni\u0173 \u012f Izrael\u012f, Palestin\u0105 ir Liban\u0105 bei nedelsiant i\u0161vykti i\u0161 Irano\u201c, \u2013 ra\u0161o URM.<\/p>\n<p>Ekspertai pabr\u0117\u017eia, kad dabartin\u0117mis aplinkyb\u0117mis keliautoj\u0173 saugumas yra tik j\u0173 pa\u010di\u0173 rankose. Ignoruojant oficialius valstyb\u0117s persp\u0117jimus ir savavali\u0161kai vykstant \u012f padidintos rizikos zonas, nebegalios joks standartinis kelioni\u0173 draudimas, o prireikus skubios evakuacijos, konsulin\u0117 pagalba gali b\u016bti tiesiog nepasiekiama.<\/p>\n<p>Prie\u0161 priimant bet kok\u012f sprendim\u0105 d\u0117l atostog\u0173, b\u016btina kliautis tik oficialia informacija puslapyje keliauk.urm.lt.<\/p>\n","protected":false},"excerpt":{"rendered":"Artim\u0173j\u0173 Ryt\u0173 konfliktas nenumaldomai ple\u010diasi ir kelia vis didesn\u012f nerim\u0105 Europos keliautojams. Savaitgal\u012f pasirod\u017eiusi informacija apie Irano paleistas&hellip;\n","protected":false},"author":2,"featured_media":118082,"comment_status":"","ping_status":"","sticky":false,"template":"","format":"standard","meta":{"footnotes":"","_share_on_mastodon":"0"},"categories":[15],"tags":[25,30,31,34,35,24,815,10379,32,33,37,39,36,38,40,65,23,22,44,28,29,26,27,3314,74,75,76],"class_list":["post-118081","post","type-post","status-publish","format-standard","has-post-thumbnail","category-pasaulis","tag-antrastes","tag-breaking-news","tag-breakingnews","tag-featured-news","tag-featurednews","tag-headlines","tag-karas","tag-kipras","tag-latest-news","tag-latestnews","tag-lietuva","tag-lietuviu","tag-lithuania","tag-lithuanian","tag-lt","tag-naujiena","tag-naujienos","tag-news","tag-pasaulis","tag-populiariausios-naujienos","tag-populiariausiosnaujienos","tag-top-stories","tag-topstories","tag-turizmas","tag-world","tag-world-news","tag-worldnews"],"share_on_mastodon":{"url":"https:\/\/pubeurope.com\/@lt\/116158004275249499","error":""},"_links":{"self":[{"href":"https:\/\/www.europesays.com\/lt\/wp-json\/wp\/v2\/posts\/118081","targetHints":{"allow":["GET"]}}],"collection":[{"href":"https:\/\/www.europesays.com\/lt\/wp-json\/wp\/v2\/posts"}],"about":[{"href":"https:\/\/www.europesays.com\/lt\/wp-json\/wp\/v2\/types\/post"}],"author":[{"embeddable":true,"href":"https:\/\/www.europesays.com\/lt\/wp-json\/wp\/v2\/users\/2"}],"replies":[{"embeddable":true,"href":"https:\/\/www.europesays.com\/lt\/wp-json\/wp\/v2\/comments?post=118081"}],"version-history":[{"count":0,"href":"https:\/\/www.europesays.com\/lt\/wp-json\/wp\/v2\/posts\/118081\/revisions"}],"wp:featuredmedia":[{"embeddable":true,"href":"https:\/\/www.europesays.com\/lt\/wp-json\/wp\/v2\/media\/118082"}],"wp:attachment":[{"href":"https:\/\/www.europesays.com\/lt\/wp-json\/wp\/v2\/media?parent=118081"}],"wp:term":[{"taxonomy":"category","embeddable":true,"href":"https:\/\/www.europesays.com\/lt\/wp-json\/wp\/v2\/categories?post=118081"},{"taxonomy":"post_tag","embeddable":true,"href":"https:\/\/www.europesays.com\/lt\/wp-json\/wp\/v2\/tags?post=118081"}],"curies":[{"name":"wp","href":"https:\/\/api.w.org\/{rel}","templated":true}]}}