{"id":1181,"date":"2025-09-22T11:02:17","date_gmt":"2025-09-22T11:02:17","guid":{"rendered":"https:\/\/www.europesays.com\/lt\/1181\/"},"modified":"2025-09-22T11:02:17","modified_gmt":"2025-09-22T11:02:17","slug":"mano-ukis-staigmena-ant-ratu-i-misru-uki-atveztas-200-asis-traktorius","status":"publish","type":"post","link":"https:\/\/www.europesays.com\/lt\/1181\/","title":{"rendered":"Mano \u016bkis &#8211; Staigmena ant rat\u0173: \u012f mi\u0161r\u0173 \u016bk\u012f atve\u017etas 200-asis traktorius"},"content":{"rendered":"<p><img decoding=\"async\" class=\"figure-img\" src=\"https:\/\/www.europesays.com\/lt\/wp-content\/uploads\/2025\/09\/200-asis_john_deereausra_valiukeviciute_jolantos_nuotr.jpg__1222x684_q85_autocrop_crop-smart_subsamp.jpeg\"\/><\/p>\n<p style=\"margin-left:0cm; margin-right:0cm; text-align:justify\">Lazdij\u0173 r. Mi\u0161raus ekologinio\u016bkio savininkei Au\u0161rai Valiukevi\u010di\u016btei penktadienio rytas atne\u0161\u0117 staigmen\u0105 \u2013 \u012f \u016bkio kiem\u0105 atve\u017etas 200-uoju \u017eenklu pa\u017eym\u0117tas John Deere6M 145 traktorius. Pasveikinti \u0161i\u0173 met\u0173 200-ojo traktoriaus pirk\u0117jo su \u0161ventiniais balionais, proginiu tortu ir dovanomis susirinko ir \u201eDOJUS agro\u201c atstovai.<\/p>\n<p style=\"margin-left:0cm; margin-right:0cm; text-align:justify\">\u201eMa\u010diau ir \u017einau, kad \u012fmon\u0117 sveikina kas 100-ojo traktoriaus pirk\u0117j\u0105, bet tikrai nesitik\u0117jau, kad kada nors juo pati tapsiu\u201c, \u2013 nuostabos ir d\u017eiaugsmo nesl\u0117p\u0117 \u016bkinink\u0117. Kad \u012fmon\u0117 \u201eatve\u017e\u0117 ger\u0105 emocij\u0105\u201c, pabr\u0117\u017e\u0117 ir jos sesuo Alma.<\/p>\n<p style=\"margin-left:0cm; margin-right:0cm; text-align:justify\">Tai jau antrasis jaunos \u016bkinink\u0117s \u012fsigytas John Deere traktorius. Abu pirkti su ES parama, abu 6M serijos. Pirmasis John Deere 6170M atried\u0117jo 2017 m. \u2013 j\u012f \u012fsigijo pasinaudodama jaunojo \u016bkininko \u012fsik\u016brimo programos parama. Traktorius \u016bkyje dirba lig \u0161iol.<\/p>\n<p><a class=\"g-banner__link\" data-fix=\"415#594\" href=\"https:\/\/store.bioversio.lt\/produktas\/grow\/?utm_source=MU-G-rud&amp;utm_medium=banner&amp;utm_campaign=MU-G-rud&amp;utm_id=MU-G-rud\" target=\"_blank\" rel=\"nofollow noopener\"><img decoding=\"async\" alt=\"Bioversija 2025 09 03 m7\" class=\"g-banner__img\" src=\"https:\/\/www.europesays.com\/lt\/wp-content\/uploads\/2025\/09\/bioversija_2025_09_03_m7.gif\"\/><\/a><\/p>\n<p style=\"margin-left:0cm; margin-right:0cm; text-align:justify\">Kod\u0117l pasirinktas ir antrasis John Deere traktorius? \u201eMan labai patinka \u017ealia spalva, be to, beveik du de\u0161imtme\u010dius mano artim\u0173j\u0173 \u016bkyje dirba \u0161ios gamintojos technika, d\u0117l kurios jie niekada netur\u0117jo joki\u0173 nusiskundim\u0173. Geru \u017eod\u017eiu jie mini ir \u201eDOJUS agro\u201c servis\u0105, taip pat atsargini\u0173 detali\u0173 tiekim\u0105, o tai \u016bkininkui labai aktualu\u201c, \u2013 kad net nesvarst\u0117 kit\u0173 pasirinkim\u0173, prisipa\u017eino Babr\u0173 kaime, Lazdij\u0173 r., \u016bkininkaujanti A. Valiukevi\u010di\u016bt\u0117.<\/p>\n<p style=\"margin-left:0cm; margin-right:0cm; text-align:justify\"><img decoding=\"async\" align=\"\" filer_id=\"35558\" height=\"\" mobile=\"false\" original_image=\"false\" src=\"https:\/\/www.europesays.com\/lt\/wp-content\/uploads\/2025\/09\/200-asis_john_deere_dojus_agro_jolantos_nuotr.jpg__635x422_q85_crop_height-422_subsampling-2_width-6.jpeg\" thumb_option=\"1\" title=\"\" width=\"\"\/><\/p>\n<p style=\"margin-left:0cm; margin-right:0cm; text-align:justify\">\u016akinink\u0117 Au\u0161ra Valiukevi\u010di\u016bt\u0117 (tre\u010dia i\u0161 kair\u0117s) su \u201eDOJUS agro\u201c atstovais<\/p>\n<p style=\"margin-left:0cm; margin-right:0cm; text-align:justify\">Beje, Au\u0161ra moka ir pati vairuoja traktori\u0173. Moteris prasitar\u0117, kad kai tik nauj\u0105j\u012f traktori\u0173 \u012fregistruos, i\u0161 karto j\u012f ir i\u0161bandys \u2013 ve\u0161 \u012f laukus gyvuliams vanden\u012f.<\/p>\n<p style=\"margin-left:0cm; margin-right:0cm; text-align:justify\">Ji dirba apie 260 ha \u017eem\u0117s ir laiko per 260 m\u0117sini\u0173 galvij\u0173. Band\u0105 sudaro trij\u0173 veisli\u0173 \u2013 angus\u0173, \u0161arol\u0117 ir limuzin\u0173 \u2013 galvijai, taip pat heteroziniai j\u0173 palikuonys. Gyvuliai i\u0161tisus metus laisvai laikomi aptvertose erdviose ganyklose, o nuo lietaus ir v\u0117jo priedang\u0105 randa laukuose sur\u0119stose pastog\u0117se.<\/p>\n<p>Technika tiems, kurie skai\u010diuoja ir vertina gerus dalykus<\/p>\n<p style=\"margin-left:0cm; margin-right:0cm; text-align:justify\">Sveikindama 200-ojo traktoriaus pirk\u0117j\u0105 \u201eDOJUS agro\u201c Lietuvos filialo direktor\u0117 Diana Tatar\u016bnait\u0117-Zubenien\u0117 pabr\u0117\u017e\u0117 A. Valiukevi\u010di\u016bt\u0117s ir jos artim\u0173j\u0173, kurie taip pat renkasi \u201eJohn Deere\u201c technik\u0105 ir kurios vienetams suskai\u010diuoti neu\u017etenka dviej\u0173 rank\u0173 pir\u0161t\u0173, svarb\u0105 \u012fmonei.\u00a0 Ypa\u010d d\u017eiuginan\u010diu dalyku ji \u012fvardijo ir tai, kad traktori\u0173 \u012fsigijo \u016bkinink\u0117 moteris.<\/p>\n<p style=\"margin-left:0cm; margin-right:0cm; text-align:justify\">\u201eO m\u016bs\u0173 technik\u0105 daugiausia renkasi tie, kurie moka skai\u010diuoti, kurie saugo savo sveikat\u0105, vertina tikslum\u0105 ir gerus dalykus, tarp j\u0173 \u2013 ir d\u017eiaugsm\u0105 po nupirkimo. Kartais \u017emon\u0117s perka pigias ma\u0161inas, bet v\u0117liau turi labai nepig\u0173 garantin\u012f ir pogarantin\u012f period\u0105\u201c, \u2013 sak\u0117 \u012fmon\u0117s vadov\u0117.<\/p>\n<p style=\"margin-left:0cm; margin-right:0cm; text-align:justify\">Ji sutiko, kad ne kiekvienais metais pavyksta parduoti 200-\u0105j\u012f traktori\u0173, o \u0161i\u0173 met\u0173 s\u0117km\u0117s raktu \u012fvardijo supaprastintas paramas, kurios \u016bkininkams buvo didel\u0117 pagalba. Tiesa, pripa\u017e\u012fsta, kad iki met\u0173 galo parduoti dar 100 traktori\u0173 ir u\u017ebaigti metus pasiekus tre\u010di\u0105 \u0161imtuk\u0105 \u2013 sunki u\u017eduotis, ta\u010diau stengiamasi prie jo priart\u0117ti.<\/p>\n<p style=\"margin-left:0cm; margin-right:0cm; text-align:justify\">\u201eSupaprastinta parama palengvino daugelio \u016bki\u0173, tarp kuri\u0173 nema\u017eai gyvulinink\u0173, apsisprendimus, nes projekt\u0173 ra\u0161ymas, daugyb\u0117s dokument\u0173 teikimas ne vienam \u016bkininkui kelia pam\u0105stym\u0173, ar verta \u012f tai investuoti, jei nesi tikras, ar gausi param\u0105\u201c, \u2013 pasteb\u0117jimais dalijosi D. Tatar\u016bnait\u0117-Zubenien\u0117, i\u0161reik\u0161dama nor\u0105, kad paramos projektai b\u016bt\u0173 daugiau orientuoti \u012f tiksli\u0105sias technologijas, dirvo\u017eemio tausojim\u0105.<\/p>\n<p>Atnaujintos serijos populiariausias modelis<\/p>\n<p style=\"margin-left:0cm; margin-right:0cm; text-align:justify\">Lazdij\u0173 r. \u016bkinink\u0117s \u012fsigytas John Deere6M 145 \u2013 \u0161i\u0173 met\u0173 prad\u017eiojeatnaujintas jau tre\u010diosios kartos 6M serijos, kuri\u0105 sudaro net 17 modeli\u0173, traktorius. Pasak \u201eDOJUS agro\u201c produkt\u0173 grup\u0117s vadovo Manto Liepuoniaus, \u0161is 145 AG galios traktorius su 6 cilindr\u0173 varikliu \u2013 vienas populiariausi\u0173 m\u016bs\u0173 \u0161alyje, nuo vasario j\u0173 m\u016bs\u0173 \u0161alies \u017eemdirbiai \u012fsigijo 26 vienetus.<\/p>\n<p style=\"margin-left:0cm; margin-right:0cm; text-align:justify\"><img decoding=\"async\" align=\"\" filer_id=\"35559\" height=\"\" mobile=\"false\" original_image=\"false\" src=\"https:\/\/www.europesays.com\/lt\/wp-content\/uploads\/2025\/09\/ausra_valiukeviciute_200-asis_traktorius_jolantos_nuotr.jpg__635x422_q85_crop_height-422_subsampling.jpeg\" thumb_option=\"1\" title=\"\" width=\"\"\/><\/p>\n<p style=\"margin-left:0cm; margin-right:0cm; text-align:justify\">\u00a0Simbolinis naujojo traktoriaus \u201ekrik\u0161tas\u201c ir pasim\u0117gavimas \u0161ventiniu tortu<\/p>\n<p style=\"margin-left:0cm; margin-right:0cm; text-align:justify\"><img decoding=\"async\" align=\"\" filer_id=\"35560\" height=\"\" mobile=\"false\" original_image=\"false\" src=\"https:\/\/www.europesays.com\/lt\/wp-content\/uploads\/2025\/09\/200-asis_john_deere_tortas_a_valiukeviciute_jolantos_nuotr.jpg__635x422_q85_crop_height-422_subsampl.jpeg\" thumb_option=\"1\" title=\"\" width=\"\"\/><\/p>\n<p style=\"margin-left:0cm; margin-right:0cm; text-align:justify\">Visa 17 modeli\u0173 serija, apimanti 5 skirtingas rat\u0173 bazes nuo 2,4 iki 2,9 m ir 95\u2013250 AG diapazon\u0105, sulauk\u0117 didelio pasisekimo ne tik kitose rinkose, bet ir m\u016bs\u0173 \u0161alyje \u2013 nuo vasario \u012fmon\u0117 pardav\u0117 per 100 atnaujintos serijos 15 skirting\u0173 modeli\u0173 traktori\u0173.<\/p>\n<p style=\"margin-left:0cm; margin-right:0cm; text-align:justify\">\u201eKlientams galime pasi\u016blyti skirtingo dyd\u017eio ir galios 6M serijos traktori\u0173. Be to, labai svarbu, kad kiekvienas j\u0173 gali rinktis traktori\u0173 komplektacij\u0105 pagal savo poreikius \u2013 d\u0117lioti tarsi lego, nes gamintoja si\u016blo daugyb\u0119 parink\u010di\u0173\u201c, \u2013 pabr\u0117\u017e\u0117 technikos specialistas.<\/p>\n<p style=\"margin-left:0cm; margin-right:0cm; text-align:justify\">Jo teigimu, Lazdij\u0173 r. \u016bkinink\u0117s \u012fsigytas traktorius taip pat komplektuotas pagal jos \u016bkio poreikius. Vienas j\u0173 \u2013 universalumas, kad tikt\u0173 tiek transporto, tiek pa\u0161ar\u0173 ruo\u0161imo darbams, taip pat kompakti\u0161kumas ir manevringumas.<\/p>\n<p style=\"margin-left:0cm; margin-right:0cm; text-align:justify\">\u201eTad \u0161iame traktoriuje sumontuotas priekinis darbinis velenas ir priekin\u0117 pakaba, pusiau automatin\u0117 AutoQuad\u00a0 transmisija, leid\u017eianti va\u017eiuoti 50 km\/val. grei\u010diu. Ne ma\u017eiau svarbus dalykas ir komfortas \u2013 traktoriuje \u012frengtas amortizuojantis priekinis tiltas ir kabina, o pats traktorius sukomplektuotas taip, kad juo b\u016bt\u0173 paprasta ir patogu dirbti, lengva ir suprantama valdyti bet kuriam operatoriui\u201c, \u2013 kokiems komplektacijos dalykams d\u0117mes\u012f skyr\u0117 \u016bkinink\u0117, vardija M. Liepuonius.<\/p>\n<p style=\"margin-left:0cm; margin-right:0cm; text-align:justify\">Kaip ir visuose atnaujintos 6M serijos traktoriuose, A. Valiukevi\u010di\u016bt\u0117s \u012fsigytame traktoriuje gamykli\u0161kai \u012fdiegta JDLink telematikos sistema, o \u0161tai tiksli\u0173j\u0173 technologij\u0173 paketo \u016bkinink\u0117 nesirinko, nes to \u016bkiui nereikia.<\/p>\n<p style=\"margin-left:0cm; margin-right:0cm; text-align:justify\">***<br \/>Tradicij\u0105 d\u017eiuginti ir stebinti kas \u0161imt\u0105j\u012f traktori\u0173 \u012fsigijus\u012f pirk\u0117j\u0105 \u201eDOJUS agro\u201c t\u0119sia jau 17 met\u0173 \u2013 nuo 2008 met\u0173. Pasak \u012fmon\u0117s atstov\u0173, nedaug tr\u016bko, kad \u0161iemet 200-ojo traktoriaus pirk\u0117ju tapt\u0173 \u0160al\u010dinink\u0173 r. \u016bkininkas, ta\u010diau skai\u010diai sukrito ir vis d\u0117lto laim\u0117 nusi\u0161ypso Lazdij\u0173 r. \u016bkininkei Au\u0161rai Valiukevi\u010di\u016btei.<\/p>\n<p>Parengta: bendradarbiaujant su  \u201eDOJUS agro\u201c<\/p>\n","protected":false},"excerpt":{"rendered":"Lazdij\u0173 r. Mi\u0161raus ekologinio\u016bkio savininkei Au\u0161rai Valiukevi\u010di\u016btei penktadienio rytas atne\u0161\u0117 staigmen\u0105 \u2013 \u012f \u016bkio kiem\u0105 atve\u017etas 200-uoju \u017eenklu&hellip;\n","protected":false},"author":2,"featured_media":1182,"comment_status":"","ping_status":"","sticky":false,"template":"","format":"standard","meta":{"footnotes":""},"categories":[17],"tags":[81,683,37,39,36,38,40,46],"class_list":{"0":"post-1181","1":"post","2":"type-post","3":"status-publish","4":"format-standard","5":"has-post-thumbnail","7":"category-verslas","8":"tag-business","9":"tag-index-page-keywords","10":"tag-lietuva","11":"tag-lietuviu","12":"tag-lithuania","13":"tag-lithuanian","14":"tag-lt","15":"tag-verslas"},"share_on_mastodon":{"url":"","error":""},"_links":{"self":[{"href":"https:\/\/www.europesays.com\/lt\/wp-json\/wp\/v2\/posts\/1181","targetHints":{"allow":["GET"]}}],"collection":[{"href":"https:\/\/www.europesays.com\/lt\/wp-json\/wp\/v2\/posts"}],"about":[{"href":"https:\/\/www.europesays.com\/lt\/wp-json\/wp\/v2\/types\/post"}],"author":[{"embeddable":true,"href":"https:\/\/www.europesays.com\/lt\/wp-json\/wp\/v2\/users\/2"}],"replies":[{"embeddable":true,"href":"https:\/\/www.europesays.com\/lt\/wp-json\/wp\/v2\/comments?post=1181"}],"version-history":[{"count":0,"href":"https:\/\/www.europesays.com\/lt\/wp-json\/wp\/v2\/posts\/1181\/revisions"}],"wp:featuredmedia":[{"embeddable":true,"href":"https:\/\/www.europesays.com\/lt\/wp-json\/wp\/v2\/media\/1182"}],"wp:attachment":[{"href":"https:\/\/www.europesays.com\/lt\/wp-json\/wp\/v2\/media?parent=1181"}],"wp:term":[{"taxonomy":"category","embeddable":true,"href":"https:\/\/www.europesays.com\/lt\/wp-json\/wp\/v2\/categories?post=1181"},{"taxonomy":"post_tag","embeddable":true,"href":"https:\/\/www.europesays.com\/lt\/wp-json\/wp\/v2\/tags?post=1181"}],"curies":[{"name":"wp","href":"https:\/\/api.w.org\/{rel}","templated":true}]}}