{"id":118250,"date":"2026-03-02T09:45:07","date_gmt":"2026-03-02T09:45:07","guid":{"rendered":"https:\/\/www.europesays.com\/lt\/118250\/"},"modified":"2026-03-02T09:45:07","modified_gmt":"2026-03-02T09:45:07","slug":"dronas-atakavo-jungtines-karalystes-oro-pajegu-baze-kipre","status":"publish","type":"post","link":"https:\/\/www.europesays.com\/lt\/118250\/","title":{"rendered":"Dronas atakavo Jungtin\u0117s Karalyst\u0117s oro paj\u0117g\u0173 baz\u0119 Kipre"},"content":{"rendered":"<p>Apie tai ankst\u0173 pirmadienio ryt\u0105 informavo Kipro vald\u017eios institucijos ir Jungtin\u0117s Karalyst\u0117s gynybos ministerija. <\/p>\n<p>Kipro prezidentas Nikos Christodoulides paskelb\u0117, kad Irane pagamintas \u201eShahed\u201c dronas Akrotyrio bazi\u0173 teritorijoje suk\u0117l\u0117 nedidel\u0119 materialin\u0119 \u017eal\u0105.<\/p>\n<p>\u201eNoriu ai\u0161kiai pasakyti, kad m\u016bs\u0173 \u0161alis niekaip nedalyvauja ir neplanuoja dalyvauti jokioje karin\u0117je operacijoje\u201c, \u2013 akcentuojama Kipro prezidento i\u0161platintame parei\u0161kime. <\/p>\n<p>Anot salos lyderio, d\u0117l \u012fvyki\u0173 Irane jis nuolat palaiko ry\u0161ius su Europos ir kit\u0173 \u0161ali\u0173 vadovais.<\/p>\n<p>JK u\u017esienio reikal\u0173 sekretor\u0117 Yvette Cooper teigia, kad ataka buvo nukreipta \u012f kilimo ir t\u016bpimo tak\u0105. Ji sako \u0161iuo metu negalinti pateikti daugiau detali\u0173, bet aplink baz\u0119 imamasi vis\u0173 saugumo priemoni\u0173.<\/p>\n<p>Anks\u010diau naujien\u0173 agent\u016bros \u201eReuters\u201c kalbinti \u0161altiniai teig\u0117, kad \u012f brit\u0173 karines bazes taik\u0117si du bepilo\u010diai orlaiviai \u2013 vienas j\u0173 buvo perimtas.<\/p>\n<p>Brit\u0173 bazi\u0173 administracija Akrotyrio apylinki\u0173 gyventojams po \u201e\u012ftariamo drono sm\u016bgio\u201c i\u0161platino persp\u0117jim\u0105 d\u0117l saugumo ir rekomendavo iki atskiro prane\u0161imo sl\u0117ptis patalpose, sak\u0117 Kipro vyriausyb\u0117s atstovas spaudai.<\/p>\n<p>Reaguodama \u012f incident\u0105, Jungtin\u0117s Karalyst\u0117s gynybos ministerija parei\u0161k\u0117, kad jos \u201epaj\u0117g\u0173 apsauga \u0161iame regione yra auk\u0161\u010diausio lygio, o baz\u0117 sureagavo, siekdama apginti m\u016bs\u0173 \u017emones\u201c. <\/p>\n<p>Starmeris: JK pasitelks Ukrainos ekspertus, kad pad\u0117t\u0173 Persijos \u012flankos \u0161alims numu\u0161ti Irano dronus<\/p>\n<p>Jungtin\u0117 Karalyst\u0117 pasitelks Ukrainos ekspertus, kurie kartu su brit\u0173 specialistais pad\u0117s Persijos \u012flankos \u0161alims veiksmingiau perimti Irano dronus, parei\u0161k\u0117 JK ministras pirmininkas Keiras Starmeris vaizdo kreipimesi, sekmadien\u012f paskelbtame jo puslapyje socialiniame tinkle X.<\/p>\n<p>\u201eMes neprisid\u0117sime prie \u0161i\u0173 sm\u016bgi\u0173, bet t\u0119sime gynybos veiksmus regione. Taip pat pasitelksime Ukrainos ekspertus kartu su savo ekspertais, kad pad\u0117t\u0173 partner\u0117ms Persijos \u012flankoje numu\u0161ti juos puolan\u010dius Irano dronus\u201c, \u2013 sak\u0117 jis. <\/p>\n<p>K. Starmeris pabr\u0117\u017e\u0117, kad JK nedalyvavo \u201epradiniuose sm\u016bgiuose \u012f Iran\u0105\u201c ir neprisid\u0117s prie puolam\u0173j\u0173 veiksm\u0173. <\/p>\n<p>\u201eTa\u010diau Iranas vykdo i\u0161degintos \u017eem\u0117s strategij\u0105, tod\u0117l mes remiame kolektyvin\u0119 m\u016bs\u0173 s\u0105jungininki\u0173 ir m\u016bs\u0173 \u017emoni\u0173 savigyn\u0105 regione\u201c, \u2013 prid\u016br\u0117 JK ministras pirmininkas. <\/p>\n<p>K. Starmeris taip pat sak\u0117 suteik\u0119s Jungtin\u0117ms Amerikos Valstijoms leidim\u0105 naudoti Did\u017eiosios Britanijos aviacijos bazes Irano raket\u0173 paj\u0117gumams sunaikinti. <\/p>\n","protected":false},"excerpt":{"rendered":"Apie tai ankst\u0173 pirmadienio ryt\u0105 informavo Kipro vald\u017eios institucijos ir Jungtin\u0117s Karalyst\u0117s gynybos ministerija. Kipro prezidentas Nikos Christodoulides&hellip;\n","protected":false},"author":2,"featured_media":118251,"comment_status":"","ping_status":"","sticky":false,"template":"","format":"standard","meta":{"footnotes":"","_share_on_mastodon":"0"},"categories":[15],"tags":[25,30,31,34,35,24,357,10379,32,33,37,39,36,38,40,23,22,44,28,29,26,27,74,75,76],"class_list":["post-118250","post","type-post","status-publish","format-standard","has-post-thumbnail","category-pasaulis","tag-antrastes","tag-breaking-news","tag-breakingnews","tag-featured-news","tag-featurednews","tag-headlines","tag-jungtine-karalyste","tag-kipras","tag-latest-news","tag-latestnews","tag-lietuva","tag-lietuviu","tag-lithuania","tag-lithuanian","tag-lt","tag-naujienos","tag-news","tag-pasaulis","tag-populiariausios-naujienos","tag-populiariausiosnaujienos","tag-top-stories","tag-topstories","tag-world","tag-world-news","tag-worldnews"],"share_on_mastodon":{"url":"https:\/\/pubeurope.com\/@lt\/116158943901204706","error":""},"_links":{"self":[{"href":"https:\/\/www.europesays.com\/lt\/wp-json\/wp\/v2\/posts\/118250","targetHints":{"allow":["GET"]}}],"collection":[{"href":"https:\/\/www.europesays.com\/lt\/wp-json\/wp\/v2\/posts"}],"about":[{"href":"https:\/\/www.europesays.com\/lt\/wp-json\/wp\/v2\/types\/post"}],"author":[{"embeddable":true,"href":"https:\/\/www.europesays.com\/lt\/wp-json\/wp\/v2\/users\/2"}],"replies":[{"embeddable":true,"href":"https:\/\/www.europesays.com\/lt\/wp-json\/wp\/v2\/comments?post=118250"}],"version-history":[{"count":0,"href":"https:\/\/www.europesays.com\/lt\/wp-json\/wp\/v2\/posts\/118250\/revisions"}],"wp:featuredmedia":[{"embeddable":true,"href":"https:\/\/www.europesays.com\/lt\/wp-json\/wp\/v2\/media\/118251"}],"wp:attachment":[{"href":"https:\/\/www.europesays.com\/lt\/wp-json\/wp\/v2\/media?parent=118250"}],"wp:term":[{"taxonomy":"category","embeddable":true,"href":"https:\/\/www.europesays.com\/lt\/wp-json\/wp\/v2\/categories?post=118250"},{"taxonomy":"post_tag","embeddable":true,"href":"https:\/\/www.europesays.com\/lt\/wp-json\/wp\/v2\/tags?post=118250"}],"curies":[{"name":"wp","href":"https:\/\/api.w.org\/{rel}","templated":true}]}}