{"id":118552,"date":"2026-03-02T16:28:10","date_gmt":"2026-03-02T16:28:10","guid":{"rendered":"https:\/\/www.europesays.com\/lt\/118552\/"},"modified":"2026-03-02T16:28:10","modified_gmt":"2026-03-02T16:28:10","slug":"samas-sureagavo-i-katarsio-ir-vashos-konflikta-galioja-sena-taisykle","status":"publish","type":"post","link":"https:\/\/www.europesays.com\/lt\/118552\/","title":{"rendered":"Samas sureagavo \u012f \u201eKatarsio\u201c ir Vashos konflikt\u0105: galioja sena taisykl\u0117"},"content":{"rendered":"<p>Anot grup\u0117s \u201eKatarsis\u201c vadybinink\u0117s Dominykos Motiej\u016bnait\u0117s, grup\u0117s vokalistas Lukas Radzevi\u010dius apgailestauja, kad buvo i\u0161tarti necenz\u016briniai \u017eod\u017eiai. Pasak jos, Lukas ne\u017eino, kaip atrodo atlik\u0117ja Vasha ir jos vyras, o t\u0105 vakar\u0105 pagalvojo, kad prie jo prad\u0117jo kabin\u0117tis neblaivus vyras.<\/p>\n<p>Visgi tai ne pirmas atvejis, kuomet apra\u0161omas nemandagus grup\u0117s elgesys. Grup\u0117s vokalistas anks\u010diau necenz\u016brinius gestus rod\u0117 ir \u017eurnalistams tiesiai \u012f kameras.<\/p>\n<p>        <img decoding=\"async\" src=\"https:\/\/www.europesays.com\/lt\/wp-content\/uploads\/2026\/03\/9f8948c8-a794-4160-8d3b-ba2c3f95fe81.jpg\" loading=\"lazy\" alt=\"Gabriel\u0117 Navick\u0117-Vasha ir Lukas Radzevi\u010dius\"\/>      <\/p>\n<p>Pasak daugiau nei tris de\u0161imtme\u010dius \u0161alies pramog\u0173 versle praleidusio televizijos laid\u0173 ir muzikos prodiuserio, grup\u0117s \u201eBix\u201c nario Sauliaus Urbonavi\u010diaus-Samo, reikia suprasti, kad scena pilna konkurencijos.<\/p>\n<p>\u201eMuzikos scena i\u0161 ties\u0173 yra ringas \u2013 visi kaunasi d\u0117l d\u0117mesio, kad b\u016bt\u0173 girdimi ir matomi, kad j\u0173 k\u016bryb\u0105 i\u0161girst\u0173 daugiau \u017emoni\u0173. O kai j\u0105 priima, u\u017eauga sparnai ir atrodo, kad esi kie\u010diausias. Tada gali m\u0117ginti kitus pamokyti, kaip gyventi\u201c, \u2013 \u0161ypsojosi Samas laidoje \u201eLabas vakaras, Lietuva\u201c.<\/p>\n<p>Jo nuomone, kartais atlik\u0117jai specialiai \u017eaid\u017eia provokacijomis, nor\u0117dami atkreipti d\u0117mes\u012f.<\/p>\n<p>    <img decoding=\"async\" src=\"https:\/\/www.europesays.com\/lt\/wp-content\/uploads\/2026\/03\/1c722c5c-121b-46ad-ad26-89506f9e70ae.jpg\" loading=\"lazy\" alt=\"Grup\u0117 \u201eKatarsis\u201c\"\/>    <\/p>\n<p>\u201eYra sena taisykl\u0117, kad net bloga reklama yra gera reklama \u2013 apie tave kalba, ra\u0161o, ypatingai, kai gyvename informacijos am\u017eiuje, kai kiekvien\u0105 dien\u0105 yra srautas ir milijardas \u017einu\u010di\u0173. A\u0161tr\u016bs dalykai \u017emones i\u0161skiria. \u0160ou pasaulyje matome, kad lieka vis ma\u017eiau drabu\u017ei\u0173 ant raudonojo kilimo. Manau, kad u\u017e koki\u0173 10 met\u0173 jau tur\u0117sime nuog\u0105 kilim\u0105 ir bus labai fainai\u201c, \u2013 juok\u0117si Samas.<\/p>\n<p>Paklaustas, kaip tur\u0117t\u0173 elgtis atlik\u0117jai, kuriems po s\u0117km\u0117s u\u017eauga sparnai, prodiuseris pra\u0161\u0117 supratingumo.<\/p>\n<p>\u201eSparnai negali neu\u017eaugti \u2013 \u017emon\u0117s tokie yra. Reikia suprasti, kad staigiai daug d\u0117mesio gav\u0119s \u017emogus pradeda patik\u0117ti, kad jis yra pasaulio valdovas. Esm\u0117 tik, kiek laiko tai t\u0119sis ir kokios bus pasekm\u0117s\u201c, \u2013 kalb\u0117jo S. Urbonavi\u010dius.<\/p>\n<p>       <img decoding=\"async\" src=\"https:\/\/www.europesays.com\/lt\/wp-content\/uploads\/2026\/03\/49e3cabc-f489-4830-863a-48c5e868a911.jpg\" loading=\"lazy\" alt=\"Saulius Urbonavi\u010dius-Samas\"\/>    <\/p>\n<p>Pasak jo, tada paprasta pamatyti, ko vedinas atlik\u0117jas \u0117jo \u012f scen\u0105.<\/p>\n<p>\u201eVieni eina d\u0117l k\u016brybini\u0173 fantazij\u0173 \u2013 tada \u017evaig\u017ed\u017ei\u0173 liga trumpesn\u0117. Kiti b\u016btent d\u0117l jos ir eina \u2013 tada tai gali u\u017esit\u0119sti ilgam. Li\u016bdniausia yra matyti tuos \u017emones, kai d\u0117mesys nusl\u016bgsta, o jis nusl\u016bgsta greitai, nes vietos lietuvi\u0161koje scenoje yra nedaug\u201c, \u2013 laidoje \u201eLabas vakaras, Lietuva\u201c kalb\u0117jo Saulius Urbonavi\u010dius-Samas.<\/p>\n","protected":false},"excerpt":{"rendered":"Anot grup\u0117s \u201eKatarsis\u201c vadybinink\u0117s Dominykos Motiej\u016bnait\u0117s, grup\u0117s vokalistas Lukas Radzevi\u010dius apgailestauja, kad buvo i\u0161tarti necenz\u016briniai \u017eod\u017eiai. Pasak jos,&hellip;\n","protected":false},"author":2,"featured_media":118553,"comment_status":"","ping_status":"","sticky":false,"template":"","format":"standard","meta":{"footnotes":"","_share_on_mastodon":"0"},"categories":[21],"tags":[113,7992,37,39,36,38,40,114,5683,7474],"class_list":["post-118552","post","type-post","status-publish","format-standard","has-post-thumbnail","category-pramogos","tag-entertainment","tag-katarsis","tag-lietuva","tag-lietuviu","tag-lithuania","tag-lithuanian","tag-lt","tag-pramogos","tag-saulius-urbonavicius-samas","tag-vasha"],"share_on_mastodon":{"url":"https:\/\/pubeurope.com\/@lt\/116160528586659893","error":""},"_links":{"self":[{"href":"https:\/\/www.europesays.com\/lt\/wp-json\/wp\/v2\/posts\/118552","targetHints":{"allow":["GET"]}}],"collection":[{"href":"https:\/\/www.europesays.com\/lt\/wp-json\/wp\/v2\/posts"}],"about":[{"href":"https:\/\/www.europesays.com\/lt\/wp-json\/wp\/v2\/types\/post"}],"author":[{"embeddable":true,"href":"https:\/\/www.europesays.com\/lt\/wp-json\/wp\/v2\/users\/2"}],"replies":[{"embeddable":true,"href":"https:\/\/www.europesays.com\/lt\/wp-json\/wp\/v2\/comments?post=118552"}],"version-history":[{"count":0,"href":"https:\/\/www.europesays.com\/lt\/wp-json\/wp\/v2\/posts\/118552\/revisions"}],"wp:featuredmedia":[{"embeddable":true,"href":"https:\/\/www.europesays.com\/lt\/wp-json\/wp\/v2\/media\/118553"}],"wp:attachment":[{"href":"https:\/\/www.europesays.com\/lt\/wp-json\/wp\/v2\/media?parent=118552"}],"wp:term":[{"taxonomy":"category","embeddable":true,"href":"https:\/\/www.europesays.com\/lt\/wp-json\/wp\/v2\/categories?post=118552"},{"taxonomy":"post_tag","embeddable":true,"href":"https:\/\/www.europesays.com\/lt\/wp-json\/wp\/v2\/tags?post=118552"}],"curies":[{"name":"wp","href":"https:\/\/api.w.org\/{rel}","templated":true}]}}