{"id":118650,"date":"2026-03-02T19:12:03","date_gmt":"2026-03-02T19:12:03","guid":{"rendered":"https:\/\/www.europesays.com\/lt\/118650\/"},"modified":"2026-03-02T19:12:03","modified_gmt":"2026-03-02T19:12:03","slug":"graikija-i-kipra-siuncia-fregatas-ir-naikintuvus-evakuotas-pafoso-oro-uostas","status":"publish","type":"post","link":"https:\/\/www.europesays.com\/lt\/118650\/","title":{"rendered":"Graikija \u012f Kipr\u0105 siun\u010dia fregatas ir naikintuvus, evakuotas Pafoso oro uostas"},"content":{"rendered":"<p>At\u0117nai kaimynin\u0117je saloje dislokuos dvi fregatas ir du naikintuvus \u201eF-16\u201c, Graikijos transliuotojui \u201eERTNews\u201c sak\u0117 N. Dendiasas. \u0160ie karo laivai yra apr\u016bpinti moderniomis oro ir dron\u0173 gynybos sistemomis.<\/p>\n<p>Toks \u017eingsnis buvo \u017eengtas po to, kai pra\u0117jusi\u0105 nakt\u012f Did\u017eiosios Britanijos oro paj\u0117g\u0173 baz\u0119 Akrotiryje netoli Limasolio uostamies\u010dio atakavo dronas.<\/p>\n<p>Kol kas n\u0117ra jokios patvirtintos informacijos apie tai, i\u0161 kur buvo paleistas tas dronas ir kas j\u012f gal\u0117jo paleisti.<\/p>\n<p>Kipro prezidentas Nikosas Christodoulidesas sak\u0117, kad dronas buvo \u201eShahed\u201c tipo, o tokie dronai daugiausia gaminami Irane.<\/p>\n<p>    <img decoding=\"async\" src=\"https:\/\/www.europesays.com\/lt\/wp-content\/uploads\/2026\/03\/f456832f-a1d2-4d7b-98c8-06d3d983f997.jpg\" loading=\"lazy\" alt=\"Kipras\"\/>      <\/p>\n<p>Evakuoti Pafoso oro uostas ir JK baz\u0117s teritorija<\/p>\n<p>Pirmadien\u012f Did\u017eioji Britanija evakavo vien\u0105 i\u0161 savo bazi\u0173 Kipre, o Kipro vyriausyb\u0117 \u2013 antr\u0105 pagal dyd\u012f \u0161alies oro uost\u0105, pirmiau paskelbusi, kad buvo sunaikinti du dronai, skrid\u0119 Akrotirio link.<\/p>\n<p>Tai \u012fvyko pra\u0117jus keletui valand\u0173 po to, kai, anot Kipro prezidento Nikoso Christodoulideso, Akrotirio baz\u0117je sudu\u017eo Irano dronas \u201eShahed\u201c, padarydamas nedidel\u0119 \u017eal\u0105.<\/p>\n<p>Naujien\u0173 agent\u016bros AFP korespondentas apie vidurdien\u012f vietos laiku (10.00 val. Grinvi\u010do laiku) gird\u0117jo Akrotirio oro baz\u0117je kaukiant sirenas ir mat\u0117 apie 70 transporto priemoni\u0173, daugiausia su civiliniais numeriais, paliekan\u010di\u0173 \u0161i\u0105 salos pietuose esan\u010di\u0105 teritorij\u0105.<\/p>\n<p>Po to apie evakuacij\u0105 prane\u0161\u0117 valstybinis transliuotojas \u201eCyBC\u201c, paskelbdamas, kad tuo pa\u010diu metu i\u0161 baz\u0117s pakilo trys naikintuvai.<\/p>\n<p>Netrukus po to Kipro vyriausyb\u0117s atstovas spaudai Konstantinosas Letymbiotis platformoje \u201eX\u201c paskelb\u0117, kad \u201ebuvo operatyviai sunaikinti du nepilotuojami orlaiviai (dronai), skrid\u0119 link brit\u0173 bazi\u0173 Akrotiryje\u201c.<\/p>\n<p>Vidaus reikal\u0173 ministerija paskelb\u0117 apie evakuacij\u0105 i\u0161 Akrotirio apylinki\u0173 ir Pafoso oro uosto \u2013 vieno i\u0161 dviej\u0173 tarptautini\u0173 oro uost\u0173 vyriausyb\u0117s kontroliuojamoje Kipro dalyje, kuris yra u\u017e ma\u017edaug 50 kilometr\u0173 \u012f vakarus nuo Akrotirio ir kuriame veikia JAV naudojama karin\u0117 baz\u0117.<\/p>\n<p>I\u0161puoliai prie\u0161 brit\u0173 baz\u0119 \u012fvyko po to, kai sekmadien\u012f ministras pirmininkas Keiras Starmeris paskelb\u0117, kad Jungtin\u0117 Karalyst\u0117 karo su Iranu metu leis Jungtin\u0117ms Valstijoms naudotis savo \u012frenginiais \u201ekonkre\u010diais ir ribotais gynybiniais tikslais\u201c.<\/p>\n<p>Po to, kai 1960 m. Kipras tapo nepriklausomas, Did\u017eioji Britanija \u0161ioje Vidur\u017eemio j\u016bros saloje i\u0161laik\u0117 dvi bazes, kurios buvo naudojamos \u012fvairiose kampanijose, \u012fskaitant kov\u0105 su \u201eIslamo valstyb\u0117s\u201c grupuote ir 2011 m. intervencij\u0105 Libijoje.<\/p>\n<p>Sekmadienio popiet\u0119 Graikija prane\u0161\u0117, kad \u012f sal\u0105, kurios gyventoj\u0173 dauguma kalba graiki\u0161kai, siun\u010dia dvi fregatas ir du naikintuvus \u201eF-16\u201c.<\/p>\n<p>Graikijos gynybos ministerija parei\u0161k\u0117, kad \u0161ie laivai ir naikintuvai pad\u0117s Kiprui \u201ekovoti su gr\u0117sm\u0117mis ir neteis\u0117tais veiksmais jo teritorijoje\u201c.<\/p>\n<p>K. Letymbiotis paskiau sak\u0117, kad Kipro vyriausyb\u0117 siekia gauti i\u0161 Did\u017eiosios Britanijos \u201eai\u0161kias garantijas\u201c, kad baz\u0117s bus naudojamos tik humanitariniais tikslais.<\/p>\n<p>Nikosija neturi jokios oficialios teis\u0117s spr\u0119sti, kaip bus naudojamos \u0161ios baz\u0117s, kurios vis dar yra suverenios Did\u017eiosios Britanijos teritorijos dalimi.<\/p>\n","protected":false},"excerpt":{"rendered":"At\u0117nai kaimynin\u0117je saloje dislokuos dvi fregatas ir du naikintuvus \u201eF-16\u201c, Graikijos transliuotojui \u201eERTNews\u201c sak\u0117 N. Dendiasas. \u0160ie karo&hellip;\n","protected":false},"author":2,"featured_media":118651,"comment_status":"","ping_status":"","sticky":false,"template":"","format":"standard","meta":{"footnotes":"","_share_on_mastodon":"0"},"categories":[15],"tags":[25,30,31,3346,34,35,3377,24,10379,32,33,37,39,36,38,40,23,22,44,28,29,26,27,74,75,76],"class_list":["post-118650","post","type-post","status-publish","format-standard","has-post-thumbnail","category-pasaulis","tag-antrastes","tag-breaking-news","tag-breakingnews","tag-elta-uzsienio-naujiena","tag-featured-news","tag-featurednews","tag-graikija","tag-headlines","tag-kipras","tag-latest-news","tag-latestnews","tag-lietuva","tag-lietuviu","tag-lithuania","tag-lithuanian","tag-lt","tag-naujienos","tag-news","tag-pasaulis","tag-populiariausios-naujienos","tag-populiariausiosnaujienos","tag-top-stories","tag-topstories","tag-world","tag-world-news","tag-worldnews"],"share_on_mastodon":{"url":"https:\/\/pubeurope.com\/@lt\/116161173424805431","error":""},"_links":{"self":[{"href":"https:\/\/www.europesays.com\/lt\/wp-json\/wp\/v2\/posts\/118650","targetHints":{"allow":["GET"]}}],"collection":[{"href":"https:\/\/www.europesays.com\/lt\/wp-json\/wp\/v2\/posts"}],"about":[{"href":"https:\/\/www.europesays.com\/lt\/wp-json\/wp\/v2\/types\/post"}],"author":[{"embeddable":true,"href":"https:\/\/www.europesays.com\/lt\/wp-json\/wp\/v2\/users\/2"}],"replies":[{"embeddable":true,"href":"https:\/\/www.europesays.com\/lt\/wp-json\/wp\/v2\/comments?post=118650"}],"version-history":[{"count":0,"href":"https:\/\/www.europesays.com\/lt\/wp-json\/wp\/v2\/posts\/118650\/revisions"}],"wp:featuredmedia":[{"embeddable":true,"href":"https:\/\/www.europesays.com\/lt\/wp-json\/wp\/v2\/media\/118651"}],"wp:attachment":[{"href":"https:\/\/www.europesays.com\/lt\/wp-json\/wp\/v2\/media?parent=118650"}],"wp:term":[{"taxonomy":"category","embeddable":true,"href":"https:\/\/www.europesays.com\/lt\/wp-json\/wp\/v2\/categories?post=118650"},{"taxonomy":"post_tag","embeddable":true,"href":"https:\/\/www.europesays.com\/lt\/wp-json\/wp\/v2\/tags?post=118650"}],"curies":[{"name":"wp","href":"https:\/\/api.w.org\/{rel}","templated":true}]}}