{"id":11881,"date":"2025-10-07T05:16:04","date_gmt":"2025-10-07T05:16:04","guid":{"rendered":"https:\/\/www.europesays.com\/lt\/11881\/"},"modified":"2025-10-07T05:16:04","modified_gmt":"2025-10-07T05:16:04","slug":"vykstant-deryboms-del-gazos-karo-uzbaigimo-izraelis-mini-spalio-7-osios-metines","status":"publish","type":"post","link":"https:\/\/www.europesays.com\/lt\/11881\/","title":{"rendered":"Vykstant deryboms d\u0117l Gazos karo u\u017ebaigimo, Izraelis mini spalio 7-osios metines"},"content":{"rendered":"<p>Lygiai prie\u0161 dvejus metus, baigiantis \u017eyd\u0173 Sukoto \u0161ventei, \u201eHamas\u201c vadovaujami smogikai netik\u0117tai u\u017epuol\u0117 Izrael\u012f ir pavert\u0117 tai kruviniausia diena \u0161ios \u0161alies istorijoje. Palestinie\u010di\u0173 smogikai per\u017eeng\u0117 Gazos Ruo\u017eo ir Izraelio sien\u0105 ir \u0161turmavo pietines Izraelio bendruomenes bei dykumos muzikos festival\u012f pasitelkdami \u0161aunamuosius ginklus, raketas ir granatas.<\/p>\n<p>Izraelio pus\u0117je per i\u0161puol\u012f \u017euvo 1 219 \u017emoni\u0173, daugiausia civiliai, rodo naujien\u0173 agent\u016bros AFP skai\u010diavimai, paremti oficialiais Izraelio duomenimis. Smogikai taip pat pagrob\u0117 ir \u012f Gazos Ruo\u017e\u0105 i\u0161ve\u017e\u0117 251 \u012fkait\u0105, i\u0161 kuri\u0173 47 vis dar yra nelaisv\u0117je, \u012fskaitant 25 asmenis, kurie, pasak Izraelio kariuomen\u0117s, yra negyvi.<\/p>\n<p>Antradien\u012f Izraelyje numatyti atminimo renginiai, skirti pamin\u0117ti atakos metines. Spalio 16 d. planuojamas valstyb\u0117s organizuojamas min\u0117jimas.<\/p>\n<p>Daugyb\u0117 izraelie\u010di\u0173 jau pirmadien\u012f nuvyko \u012f festivalio \u201eNova\u201c viet\u0105.<\/p>\n<p>\u201e\u010cia \u012fvyko labai sunkus ir mil\u017eini\u0161kas incidentas\u201c, \u2013 AFP sak\u0117 mokytojas Eladas Ganzcas.<\/p>\n<p>\u201eBet mes norime gyventi, ir, nepaisant visko, t\u0119sti savo gyvenim\u0105, prisimindami tuos, kurie buvo \u010dia ir, deja, neb\u0117ra su mumis\u201c, \u2013 prid\u016br\u0117 jis.<\/p>\n<p>Izraelio atsakomoji karin\u0117 kampanija Gazos Ruo\u017ee nesilpsta ir t\u0119siasi, pareikalaudama de\u0161im\u010di\u0173 t\u016bkstan\u010di\u0173 palestinie\u010di\u0173 gyvybi\u0173 ir sukeldama did\u017eiulius sugriovimus. \u201eHamas\u201c kontroliuojama sveikatos apsaugos ministerija skai\u010diuoja, kad \u017euvo ma\u017eiausiai 67 160 \u017emoni\u0173, o Jungtin\u0117s Tautos (JT) \u0161iuos duomenis laiko patikimais. Juose \u017emon\u0117s neskirstomi \u012f civilius ir smogikus, ta\u010diau jie rodo, kad daugiau nei pus\u0117 \u017euvusi\u0173j\u0173 yra moterys ir vaikai.<\/p>\n<p>Su \u017eeme buvo sulyginti i\u0161tisi rajonai, sunaikinti namai, ligonin\u0117s, mokyklos ir vandens tinklai. \u0160imtai t\u016bkstan\u010di\u0173 be nam\u0173 likusi\u0173 Gazos Ruo\u017eo gyventoj\u0173 dabar glaud\u017eiasi perpildytose stovyklose ir atvirose teritorijose, tur\u0117dami tik ribot\u0105 prieig\u0105 prie maisto, vandens ar sanitarijos.<\/p>\n<p>\u201e\u0160iame kare praradome visk\u0105 \u2013 savo namus, \u0161eimos narius, draugus, kaimynus\u201c, \u2013 sak\u0117 36-eri\u0173 Hanan Mohammed, kuri buvo perkelta i\u0161 savo nam\u0173 D\u017eabalijoje.<\/p>\n<p>\u201eLabai laukiu, kad b\u016bt\u0173 paskelbtos paliaubos ir kad baigt\u0173si \u0161is begalinis kraujo praliejimas ir mirtys (\u2026) nebeliko nieko, tik sugriovimai\u201c, \u2013 kalb\u0117jo ji.<\/p>\n<p>Karui t\u0119siantis jau dvejus metus, 72 proc. Izraelio visuomen\u0117s nari\u0173 teigia esantys nepatenkinti tuo, kaip vyriausyb\u0117 su juo tvarkosi, rodo apklausa, kuri\u0105 neseniai atliko Nacionalinio saugumo tyrim\u0173 institutas.<\/p>\n<p>       <img decoding=\"async\" src=\"https:\/\/www.europesays.com\/lt\/wp-content\/uploads\/2025\/10\/2f1a9f67-f23c-4f4e-b702-296b1429f237.jpg\" loading=\"lazy\" alt=\"Vykstant deryboms d\u0117l Gazos karo u\u017ebaigimo, Izraelis mini spalio 7-osios metines\"\/>      <\/p>\n<p>Sunkus u\u017edavinys<\/p>\n<p>Izraelis karo metu i\u0161pl\u0117t\u0117 savo karin\u012f akirat\u012f ir smog\u0117 \u012f taikinius penkiose regiono sostin\u0117se, taip pat ir Irane, ir nukov\u0117 kelet\u0105 auk\u0161t\u0173 \u201eHamas\u201c veik\u0117j\u0173 bei \u201eHezbollah\u201c lyder\u012f Hassan\u0105 Nasrallah. <\/p>\n<p>Izraelis ir \u201eHamas\u201c dabar patiria vis didesn\u012f tarptautin\u012f spaudim\u0105 nutraukti kar\u0105 \u2013 JT tyrimo autoriai pra\u0117jus\u012f m\u0117nes\u012f apkaltino Izrael\u012f vykdant genocid\u0105 Gazos Ruo\u017ee, o teisi\u0173 gynimo grup\u0117s apkaltino \u201eHamas\u201c karo nusikaltimais per spalio 7-osios i\u0161puol\u012f. Abi pus\u0117s kaltinimus atmeta.<\/p>\n<p>Pra\u0117jusi\u0105 savait\u0119 JAV prezidentas Donaldas Trumpas pristat\u0117 20 punkt\u0173 plan\u0105, kuriame raginama nedelsiant nutraukti ugn\u012f, kai \u201eHamas\u201c paleis visus \u012fkaitus, be to, numatomas \u0161ios grupuot\u0117s nusiginklavimas ir laipsni\u0161kas Izraelio pasitraukimas i\u0161 Gazos Ruo\u017eo.<\/p>\n<p>Pirmadien\u012f Egipto kurortiniame mieste \u0160arm el \u0160eiche prasid\u0117jo netiesiogin\u0117s derybos. Su Egipto valstybine \u017evalgyba siejama stotis \u201eAl-Qahera News\u201c prane\u0161\u0117, kad diskusijose did\u017eiausias d\u0117mesys skiriamas galimybei \u201eparengti s\u0105lygas\u201c \u012fkait\u0173 ir kalini\u0173 mainams pagal D. Trumpo plan\u0105.<\/p>\n<p>\u201eHamas\u201c derybininkams artimas palestinie\u010di\u0173 \u0161altinis sak\u0117, kad derybos, kurios prasid\u0117jo spalio 7-osios i\u0161puolio metini\u0173 i\u0161vakar\u0117se, gali t\u0119stis kelias dienas. D. Trumpas paragino derybininkus \u201ejud\u0117ti greitai\u201c, kad b\u016bt\u0173 galima u\u017ebaigti kar\u0105 Gazos Ruo\u017ee, kur pirmadien\u012f t\u0119s\u0117si Izraelio sm\u016bgiai.<\/p>\n<p>Nors abi pus\u0117s palankiai \u012fvertino D. Trumpo pasi\u016blym\u0105, manoma, kad susitarti d\u0117l jo detali\u0173 bus sunkus u\u017edavinys. Kare anks\u010diau du kartus buvo paskelbtos paliaubos, kurios leido i\u0161laisvinti de\u0161imtis \u012fkait\u0173. Ta\u010diau Izraelio kariuomen\u0117s vadas generolas leitenantas Eyalas Zamiras \u012fsp\u0117jo, kad jei \u0161ios derybos \u017elugs, kariuomen\u0117 \u201et\u0119s kov\u0105\u201c Gazos Ruo\u017ee.<\/p>\n","protected":false},"excerpt":{"rendered":"Lygiai prie\u0161 dvejus metus, baigiantis \u017eyd\u0173 Sukoto \u0161ventei, \u201eHamas\u201c vadovaujami smogikai netik\u0117tai u\u017epuol\u0117 Izrael\u012f ir pavert\u0117 tai kruviniausia&hellip;\n","protected":false},"author":2,"featured_media":11882,"comment_status":"","ping_status":"","sticky":false,"template":"","format":"standard","meta":{"footnotes":""},"categories":[15],"tags":[25,30,31,34,35,702,805,24,553,32,33,37,39,36,38,40,23,22,44,28,29,26,27,74,75,76],"class_list":{"0":"post-11881","1":"post","2":"type-post","3":"status-publish","4":"format-standard","5":"has-post-thumbnail","7":"category-pasaulis","8":"tag-antrastes","9":"tag-breaking-news","10":"tag-breakingnews","11":"tag-featured-news","12":"tag-featurednews","13":"tag-gazos-ruozas","14":"tag-hamas","15":"tag-headlines","16":"tag-izraelis","17":"tag-latest-news","18":"tag-latestnews","19":"tag-lietuva","20":"tag-lietuviu","21":"tag-lithuania","22":"tag-lithuanian","23":"tag-lt","24":"tag-naujienos","25":"tag-news","26":"tag-pasaulis","27":"tag-populiariausios-naujienos","28":"tag-populiariausiosnaujienos","29":"tag-top-stories","30":"tag-topstories","31":"tag-world","32":"tag-world-news","33":"tag-worldnews"},"share_on_mastodon":{"url":"","error":""},"_links":{"self":[{"href":"https:\/\/www.europesays.com\/lt\/wp-json\/wp\/v2\/posts\/11881","targetHints":{"allow":["GET"]}}],"collection":[{"href":"https:\/\/www.europesays.com\/lt\/wp-json\/wp\/v2\/posts"}],"about":[{"href":"https:\/\/www.europesays.com\/lt\/wp-json\/wp\/v2\/types\/post"}],"author":[{"embeddable":true,"href":"https:\/\/www.europesays.com\/lt\/wp-json\/wp\/v2\/users\/2"}],"replies":[{"embeddable":true,"href":"https:\/\/www.europesays.com\/lt\/wp-json\/wp\/v2\/comments?post=11881"}],"version-history":[{"count":0,"href":"https:\/\/www.europesays.com\/lt\/wp-json\/wp\/v2\/posts\/11881\/revisions"}],"wp:featuredmedia":[{"embeddable":true,"href":"https:\/\/www.europesays.com\/lt\/wp-json\/wp\/v2\/media\/11882"}],"wp:attachment":[{"href":"https:\/\/www.europesays.com\/lt\/wp-json\/wp\/v2\/media?parent=11881"}],"wp:term":[{"taxonomy":"category","embeddable":true,"href":"https:\/\/www.europesays.com\/lt\/wp-json\/wp\/v2\/categories?post=11881"},{"taxonomy":"post_tag","embeddable":true,"href":"https:\/\/www.europesays.com\/lt\/wp-json\/wp\/v2\/tags?post=11881"}],"curies":[{"name":"wp","href":"https:\/\/api.w.org\/{rel}","templated":true}]}}