{"id":119278,"date":"2026-03-03T15:24:13","date_gmt":"2026-03-03T15:24:13","guid":{"rendered":"https:\/\/www.europesays.com\/lt\/119278\/"},"modified":"2026-03-03T15:24:13","modified_gmt":"2026-03-03T15:24:13","slug":"scenoje-natalijos-bunkes-istarti-zodziai-klausytojams-isimins-ilgam-pasidalijo-asmeniniu-dziaugsmu","status":"publish","type":"post","link":"https:\/\/www.europesays.com\/lt\/119278\/","title":{"rendered":"Scenoje Natalijos Bunk\u0117s i\u0161tarti \u017eod\u017eiai klausytojams \u012fsimins ilgam: pasidalijo asmeniniu d\u017eiaugsmu"},"content":{"rendered":"<p class=\"MsoNormal\">\u201eJau devinti metai kartu. Jis visada tave supranta. Visada patyli, kada reikia. \u017dinote, a\u0161 irgi tokia \u0161iek tiek ant nervuk\u0173. Labai linkiu kiekvienai i\u0161 j\u016bs\u0173, panos, kad surastum\u0117t tok\u012f \u017emog\u0173, kuris \u0161ird\u017eiai visuomet b\u016bt\u0173 pats mieliausias\u201c, \u2013 pristatydama dain\u0105 \u201eA\u0161 savo meil\u0119 radau\u201c kalb\u0117jo Natalija.<\/p>\n<p class=\"MsoNormal\">Atlik\u0117ja beveik 2,5 valandos trukusiu pasirodymu su\u017eav\u0117jo sausakim\u0161\u0105 \u201e\u017dalgirio\u201c aren\u0105. Specialiai \u0161iam koncertui scena buvo \u012frengta arenos viduryje, tod\u0117l rengin\u012f \u017ei\u016brovai gal\u0117jo steb\u0117ti i\u0161 vis\u0173 kamp\u0173.<\/p>\n<p class=\"MsoNormal\">\u201eEmocijos tiesiog nerealios. 360\u00b0 arena suteikia visi\u0161kai kitok\u012f jausm\u0105 \u2013 \u017emon\u0117s aplink tave i\u0161 vis\u0173 pusi\u0173, juos girdi, jauti, matai j\u0173 reakcijas. Tai ypatinga patirtis. Be galo d\u017eiaugiuosi, kad dar kart\u0105 u\u017epild\u0117me \u201e\u017dalgirio\u201c aren\u0105 ir, kad publika buvo kaip vienas kum\u0161tis. Turiu nuostabi\u0105 gerb\u0117j\u0173 armij\u0105, jie dainavo kiekvien\u0105 dain\u0105 kartu. Tai buvo nepamir\u0161tamas vakaras\u201c, \u2013 sak\u0117 Natalija Bunk\u0117.<\/p>\n<p class=\"MsoNormal\">Vos prasid\u0117j\u0119s koncertas u\u017egniau\u017e\u0117 kvap\u0105 &#8211; Natalija Bunk\u0117 \u012f scen\u0105 nusileido nuo \u201e\u017dalgirio\u201c arenos stogo, skriedama vir\u0161 t\u016bkstan\u010di\u0173 \u017ei\u016brov\u0173 galv\u0173. <\/p>\n<p class=\"MsoNormal\">\u201eNusileidimas nuo arenos stogo man pa\u010diai buvo mil\u017eini\u0161kas i\u0161\u0161\u016bkis. Tie, kurie mane seka, tikrai \u017eino, kad tai buvo mano svajon\u0117 nuo pat pirmos arenos, tik tuomet netur\u0117jome galimybi\u0173 to \u012fgyvendinti. O dabar, de\u0161imta arena, ir \u0161i svajon\u0117 pagaliau i\u0161sipild\u0117. Skridau vir\u0161 visos arenos\u201c, \u2013 emocij\u0173 nesl\u0117p\u0117 Natalija.<\/p>\n<p class=\"MsoNormal\">Koncerto akimirkos \u2013 galerijoje: <\/p>\n<p class=\"MsoNormal\">Kaip sako pati atlik\u0117ja, \u012fsp\u016bdingas skrydis pareikalavo ne tik dr\u0105sos, bet ir sud\u0117tingo pasiruo\u0161imo. \u201e\u012edomus faktas: tam, kad gal\u0117\u010diau skristi vir\u0161 vis\u0173 \u017emoni\u0173, pirmiausia reik\u0117jo u\u017elipti ant arenos stogo i\u0161 lauko pus\u0117s\u201c, \u2013 pasakojo atlik\u0117ja.<\/p>\n<p class=\"MsoNormal\">Vakaro metu scenoje netr\u016bko ir daugiau staigmen\u0173. Prie Natalijos prisijung\u0117 b\u016brys \u017einom\u0173 Lietuvos atlik\u0117j\u0173 ir bi\u010diuli\u0173: Simona Nain\u0117, \u201e\u017demaitukai\u201c, \u201ePikaso\u201c, legendin\u0117 grup\u0117 \u201ePop Ladies\u201c, Vudis, Deividas Zvonkus ir \u201eRitmas Kitaip\u201c. Prie \u012fsp\u016bdingo atlik\u0117jos \u0161ou prisid\u0117jo ir profesional\u0173 \u0161ok\u0117j\u0173 trup\u0117 i\u0161 Ispanijos, pad\u0117jusi \u012fgyvendinti sud\u0117tingiausius choreografinius sprendimus. Atlik\u0117jai \u0161is koncertas ypatingas ir d\u0117l to, kad jis vyko Kaune \u2013 mieste, su kuriuo j\u0105 sieja asmeninis ry\u0161ys.<\/p>\n<p class=\"MsoNormal\">\u201eMan labai malonu, kad visa tai \u012fvyko Kaune, mano mieste. Emocij\u0173 labai daug ir jau\u010diu, kad jos dar ilgai nenurims\u201c, \u2013 \u0161iltai kalb\u0117jo ji.<\/p>\n<p class=\"MsoNormal\">Dar 2024 metais Natalija Bunk\u0117 baig\u0117 koncertin\u012f tur\u0105 \u201eKosmosas\u201c, kurio metu aplank\u0117 visus did\u017eiausius miestus ir j\u0173 arenas, o vasar\u0105 sureng\u0117 an\u0161lagin\u012f koncert\u0105 Klaip\u0117dos Vasaros estradoje. Praeit\u0173 met\u0173 vasar\u0105 atlik\u0117ja taip d\u017eiugino Palangos koncert\u0173 sal\u0117je susirinkusius gerb\u0117jus, pakviesdama \u012f tikr\u0105 vasaros \u0161ou, kuriame atlik\u0117jai talkino gerai pa\u017e\u012fstami scenos bendra\u017eygiai \u2013 Simona Nain\u0117 ir netikas sve\u010dias Naglimantas Bierancas.<\/p>\n<p class=\"MsoNormal\">Natalija Bunk\u0117 per savo karjer\u0105 yra \u012fvertinta \u012fvairiais muzikos apdovanojimais: 2024 m. ji peln\u0117 pirm\u0105j\u0105 \u201eM.A.M.A.\u201c statul\u0117l\u0119 kaip met\u0173 tradicin\u0117s popmuzikos atlik\u0117ja, o 2025 m. buvo nominuota dar dviejose kategorijose \u2013 met\u0173 tradicin\u0117s popmuzikos atlik\u0117jos ir met\u0173 koncertin\u0117s atlik\u0117jos. Tuo tarpu 2023 m. \u201eLietaus muzikos apdovanojimuose\u201c ji triumfavo tapdama met\u0173 muzikos atlik\u0117ja.<\/p>\n<p class=\"MsoNormal\">Natalijos Bunk\u0117s koncert\u0105 Kauno \u201e\u017dalgirio\u201c arenoje pristat\u0117 did\u017eiausias Baltijos \u0161ali\u0173 koncert\u0173 reng\u0117jas \u201eLive Nation Lietuva\u201c.<\/p>\n","protected":false},"excerpt":{"rendered":"\u201eJau devinti metai kartu. Jis visada tave supranta. Visada patyli, kada reikia. \u017dinote, a\u0161 irgi tokia \u0161iek tiek&hellip;\n","protected":false},"author":2,"featured_media":119279,"comment_status":"","ping_status":"","sticky":false,"template":"","format":"standard","meta":{"footnotes":"","_share_on_mastodon":"0"},"categories":[21],"tags":[14739,113,37,39,36,38,40,5655,114],"class_list":["post-119278","post","type-post","status-publish","format-standard","has-post-thumbnail","category-pramogos","tag-edgaras-eidejus","tag-entertainment","tag-lietuva","tag-lietuviu","tag-lithuania","tag-lithuanian","tag-lt","tag-natalija-bunke","tag-pramogos"],"share_on_mastodon":{"url":"https:\/\/pubeurope.com\/@lt\/116165939339730646","error":""},"_links":{"self":[{"href":"https:\/\/www.europesays.com\/lt\/wp-json\/wp\/v2\/posts\/119278","targetHints":{"allow":["GET"]}}],"collection":[{"href":"https:\/\/www.europesays.com\/lt\/wp-json\/wp\/v2\/posts"}],"about":[{"href":"https:\/\/www.europesays.com\/lt\/wp-json\/wp\/v2\/types\/post"}],"author":[{"embeddable":true,"href":"https:\/\/www.europesays.com\/lt\/wp-json\/wp\/v2\/users\/2"}],"replies":[{"embeddable":true,"href":"https:\/\/www.europesays.com\/lt\/wp-json\/wp\/v2\/comments?post=119278"}],"version-history":[{"count":0,"href":"https:\/\/www.europesays.com\/lt\/wp-json\/wp\/v2\/posts\/119278\/revisions"}],"wp:featuredmedia":[{"embeddable":true,"href":"https:\/\/www.europesays.com\/lt\/wp-json\/wp\/v2\/media\/119279"}],"wp:attachment":[{"href":"https:\/\/www.europesays.com\/lt\/wp-json\/wp\/v2\/media?parent=119278"}],"wp:term":[{"taxonomy":"category","embeddable":true,"href":"https:\/\/www.europesays.com\/lt\/wp-json\/wp\/v2\/categories?post=119278"},{"taxonomy":"post_tag","embeddable":true,"href":"https:\/\/www.europesays.com\/lt\/wp-json\/wp\/v2\/tags?post=119278"}],"curies":[{"name":"wp","href":"https:\/\/api.w.org\/{rel}","templated":true}]}}