{"id":119756,"date":"2026-03-04T08:25:13","date_gmt":"2026-03-04T08:25:13","guid":{"rendered":"https:\/\/www.europesays.com\/lt\/119756\/"},"modified":"2026-03-04T08:25:13","modified_gmt":"2026-03-04T08:25:13","slug":"batu-centras-kaune-atidare-nauja-parduotuve","status":"publish","type":"post","link":"https:\/\/www.europesays.com\/lt\/119756\/","title":{"rendered":"\u201eBat\u0173 centras\u201c Kaune atidar\u0117 nauj\u0105 parduotuv\u0119"},"content":{"rendered":"<td valign=\"top\" colspan=\"2\">\n\t\t\t\t<a name=\"top\" title=\"top\" id=\"top\"><\/a><a class=\"link_image\" href=\"http:\/\/www.verslosavaite.lt\/index.php?option=com_content&amp;task=view&amp;id=25397&amp;Itemid=214\" rel=\"nofollow noopener\" target=\"_blank\"><img decoding=\"async\" src=\"https:\/\/www.europesays.com\/lt\/wp-content\/uploads\/2026\/03\/batai_sxc.jpg\" width=\"198\" height=\"148.5\" hspace=\"0\" alt=\"Image\" title=\"Image\" border=\"1\" \/><\/a><\/p>\n<p>Batai<\/p>\n<p>Kaune, prekybos miestelyje \u201eUrmas\u201c, pirk\u0117jams duris atveria did\u017eiausia \u201eBat\u0173 centro\u201c parduotuv\u0117 Lietuvoje. Vir\u0161 600 m2 plot\u0105 u\u017eiman\u010dioje prekybos vietoje kaunie\u010dius ir miesto sve\u010dius pasitiks daugiau kaip 18 t\u016bkst. kokybi\u0161k\u0173 bat\u0173 por\u0173 u\u017e itin patraukli\u0105 kain\u0105.   &#13;&#13;<\/p>\n<p class=\"MsoNormal\">\u00a0<\/p>\n<p class=\"MsoNormal\">Naujoji parduotuv\u0117 \u201eUrme\u201c bus dvigubai didesn\u0117 nei iki tol \u010dia buvusi, tod\u0117l ir asortimentas \u2013 gerokai prapl\u0117stas.<\/p>\n<p class=\"MsoNormal\">\u00a0<\/p>\n<p class=\"MsoNormal\">\u201eDaugiau modeli\u0173, daugiau skirting\u0173 stili\u0173 ir daugiau pasirinkimo tiek ie\u0161kantiems klasikos, tiek besidairantiems naujausi\u0173 mados tendencij\u0173. Bet svarbiausi dalykai \u2013 patraukli kaina ir puiki kokyb\u0117, i\u0161lieka. Parduotuv\u0117je sau tinkam\u0105 avalyn\u0119 ras ir vyrai, ir moterys \u2013 nuo patogi\u0173 kasdieni\u0173 ar laisvalaikio bat\u0173 iki eleganti\u0161k\u0173 modeli\u0173 ypatingoms progoms. Avalyn\u0117s pasi\u016bla bus tikrai didel\u0117 \u2013 apausime visus: tiek vertinan\u010dius komfort\u0105, tiek norin\u010dius i\u0161siskirti stilingais sprendimais\u201c, &#8211; sako parduotuv\u0117s vadov\u0117.<\/p>\n<p class=\"MsoNormal\">\u00a0<\/p>\n<p class=\"MsoNormal\">Naujojoje \u201eBat\u0173 centro\u201c parduotuv\u0117je, be plataus avalyn\u0117s asortimento, pirk\u0117jai ras ir avalyn\u0117s prie\u017ei\u016bros priemoni\u0173. Taip pat \u2013 plat\u0173 rankini\u0173 asortiment\u0105: nuo ma\u017e\u0173, eleganti\u0161k\u0173 rankini\u0173 per pet\u012f iki talpi\u0173, \u0161iuo metu itin m\u0117gstam\u0173, \u201eshopper\u201c tipo modeli\u0173 bei kuprini\u0173.<\/p>\n<p class=\"MsoNormal\">\u00a0<\/p>\n<p class=\"MsoNormal\">Parduotuv\u0117je bus prekiaujama \u201eTommy Hilfiger\u201c,\u00a0 \u201eGabor\u201c, \u201eAra\u201c, \u201eSalamander\u201c, \u201eGeox\u201c, \u201eTamaris\u201c, \u201eCaprice\u201c, \u201eRieker\u201c, \u201eMexx\u201c, \u201eS\u2019Oliver\u201c, \u201eLaConte\u201c, \u201ePuma\u201c, \u201eBugatti\u201c.<\/p>\n<p class=\"MsoNormal\">\u00a0<\/p>\n<p class=\"MsoNormal\">Naujosios parduotuv\u0117s adresas: prekybos miestelis \u201eUrmas\u201c (Pramon\u0117s pr. 16, Kaunas) Vakarin\u0117 galerija, A takas, 4 sal\u0117, 3 parduotuv\u0117.<\/p>\n<p class=\"MsoNormal\">\u00a0<\/p>\n<tr>\n<td valign=\"top\" colspan=\"2\">\n\t\t\t\t<a name=\"top\" title=\"top\" id=\"top\"><\/a><\/p>\n<p class=\"MsoNormal\"><a href=\"http:\/\/www.verslosavaite.lt\/index.php\" target=\"_blank\" rel=\"nofollow noopener\"><img loading=\"lazy\" decoding=\"async\" src=\"https:\/\/www.europesays.com\/lt\/wp-content\/uploads\/2025\/10\/verslosavaite.gif\" border=\"0\" alt=\"Verslosavaite.lt\" width=\"120\" height=\"29\" align=\"right\" \/><\/a><\/p>\n<p>\u00a0  <\/p>\n<p class=\"MsoNormal\"><a href=\"http:\/\/www.verslosavaite.lt\/index.php\/Kontaktai.html\" rel=\"nofollow noopener\" target=\"_blank\"><img loading=\"lazy\" decoding=\"async\" src=\"https:\/\/www.europesays.com\/lt\/wp-content\/uploads\/2025\/10\/susisiekite.jpg\" border=\"0\" alt=\" \" width=\"538\" height=\"16\" align=\"middle\" \/><\/a> <\/p>\n<p class=\"MsoNormal\">\u00a0<\/p>\n<\/td>\n<\/tr>\n<p>\t\t\u00a0<\/p>\n<p>\t\t\u00a0  <\/p>\n<p class=\"MsoNormal\">\u00a0<\/p>\n<tr>\n<td>\n<tr>\n<td valign=\"top\" colspan=\"2\">\n\t\t\t\t<a name=\"top\" title=\"top\" id=\"top\"><\/a><\/p>\n<p class=\"MsoNormal\">VersloSavaite.lt pasilieka teis\u0119 \u0161alinti reklaminius, nekult\u016bringus, \u012f\u017eeid\u017eian\u010dius ar kitaip \u012fstatymus pa\u017eeid\u017eian\u010dius skaitytoj\u0173 komentarus. U\u017e komentarus atsako juos paskelb\u0119 skaitytojai. Paskelbusieji netinkamus komentarus gali b\u016bti patraukti baud\u017eiamojon, administracin\u0117n ar civilin\u0117n atsakomyb\u0117n.<\/p>\n<\/td>\n<\/tr>\n<p>\t\t\u00a0<\/p>\n<\/td>\n<\/tr>\n<p>Susij\u0119 straipsniai: <\/p>\n<\/td>\n","protected":false},"excerpt":{"rendered":"Batai Kaune, prekybos miestelyje \u201eUrmas\u201c, pirk\u0117jams duris atveria did\u017eiausia \u201eBat\u0173 centro\u201c parduotuv\u0117 Lietuvoje. Vir\u0161 600 m2 plot\u0105 u\u017eiman\u010dioje&hellip;\n","protected":false},"author":2,"featured_media":119757,"comment_status":"","ping_status":"","sticky":false,"template":"","format":"standard","meta":{"footnotes":"","_share_on_mastodon":"0"},"categories":[17],"tags":[22092,22093,4256,81,248,4257,4258,959,37,39,36,38,40,23,4259,1269,1792,46,4252,4253,4254,4255],"class_list":["post-119756","post","type-post","status-publish","format-standard","has-post-thumbnail","category-verslas","tag-batu-centras-kaune-atidare-nauja-parduotuve","tag-batai","tag-biuro-grazuole","tag-business","tag-ekonomika","tag-ekonomine-krize","tag-kauno-arena","tag-krize","tag-lietuva","tag-lietuviu","tag-lithuania","tag-lithuanian","tag-lt","tag-naujienos","tag-parduodamas-verslas","tag-politika","tag-straipsniai","tag-verslas","tag-verslo-naujienos","tag-verslosavaite","tag-verslosavaite-lt","tag-www-verslosavaite-lt"],"share_on_mastodon":{"url":"https:\/\/pubeurope.com\/@lt\/116169953970923170","error":""},"_links":{"self":[{"href":"https:\/\/www.europesays.com\/lt\/wp-json\/wp\/v2\/posts\/119756","targetHints":{"allow":["GET"]}}],"collection":[{"href":"https:\/\/www.europesays.com\/lt\/wp-json\/wp\/v2\/posts"}],"about":[{"href":"https:\/\/www.europesays.com\/lt\/wp-json\/wp\/v2\/types\/post"}],"author":[{"embeddable":true,"href":"https:\/\/www.europesays.com\/lt\/wp-json\/wp\/v2\/users\/2"}],"replies":[{"embeddable":true,"href":"https:\/\/www.europesays.com\/lt\/wp-json\/wp\/v2\/comments?post=119756"}],"version-history":[{"count":0,"href":"https:\/\/www.europesays.com\/lt\/wp-json\/wp\/v2\/posts\/119756\/revisions"}],"wp:featuredmedia":[{"embeddable":true,"href":"https:\/\/www.europesays.com\/lt\/wp-json\/wp\/v2\/media\/119757"}],"wp:attachment":[{"href":"https:\/\/www.europesays.com\/lt\/wp-json\/wp\/v2\/media?parent=119756"}],"wp:term":[{"taxonomy":"category","embeddable":true,"href":"https:\/\/www.europesays.com\/lt\/wp-json\/wp\/v2\/categories?post=119756"},{"taxonomy":"post_tag","embeddable":true,"href":"https:\/\/www.europesays.com\/lt\/wp-json\/wp\/v2\/tags?post=119756"}],"curies":[{"name":"wp","href":"https:\/\/api.w.org\/{rel}","templated":true}]}}