{"id":119849,"date":"2026-03-04T09:45:14","date_gmt":"2026-03-04T09:45:14","guid":{"rendered":"https:\/\/www.europesays.com\/lt\/119849\/"},"modified":"2026-03-04T09:45:14","modified_gmt":"2026-03-04T09:45:14","slug":"taps-svarbia-kauno-kulturinio-gyvenimo-erdve","status":"publish","type":"post","link":"https:\/\/www.europesays.com\/lt\/119849\/","title":{"rendered":"taps svarbia Kauno kult\u016brinio gyvenimo erdve"},"content":{"rendered":"<p>Kaune planuojama atverti visuomenei iki \u0161iol neprieinamas Dominikon\u0173 vienuolyno ansamblio Dievo K\u016bno ba\u017eny\u010dios erdves, kuriose slypi netyrin\u0117tos po\u017eemin\u0117s didik\u0173 laidojimo vietos. Projekt\u0105 \u012fgyvendinanti <a href=\"https:\/\/kaunas.kasvyksta.lt\/kauno-arkivyskupija\" title=\"Kauno arkivyskupija\" rel=\"nofollow noopener\" target=\"_blank\">Kauno arkivyskupija<\/a> siekia atkurti istorines pastato erdves, pritaikyti jas lankytojams ir sudaryti s\u0105lygas kult\u016brinei, edukacinei bei bendruomeninei veiklai, i\u0161saugant sakralin\u0119 objekto paskirt\u012f.<\/p>\n<p>Bendra numatoma projekto vert\u0117 siekia beveik 1,55 mln. eur\u0173.<\/p>\n<p>Naujos galimyb\u0117s kult\u016brinei ir bendruomeninei veiklai<\/p>\n<p>XVII am\u017eiuje pastatyta Dievo K\u016bno <a href=\"https:\/\/kaunas.kasvyksta.lt\/baznycia\" title=\"Ba\u017eny\u010dia\" rel=\"nofollow noopener\" target=\"_blank\">ba\u017eny\u010dia<\/a> 1965 m. buvo pritaikyta kino teatro veiklai \u2013 sunaikinta didel\u0117 dalis interjero, \u012frengtos gel\u017ebetonin\u0117s konstrukcijos, o ba\u017eny\u010dios erdv\u0117 suskaidyta \u012f kelis auk\u0161tus. Kauno arkivyskupijos kurijos ekonomas K\u0119stutis Pata\u0161ius sako, kad \u0161iuo projektu siekiama pa\u0161alinti \u0161iuos v\u0117lesnius pakeitimus ir sugr\u0105\u017einti pastatui istorin\u012f vientisum\u0105.<\/p>\n<p>\u201eIki projekto prad\u017eios dalis ba\u017eny\u010dios erdvi\u0173 buvo nepritaikytos lankytojams, o technin\u0117 pastato b\u016bkl\u0117 ribojo galimybes objekt\u0105 visapusi\u0161kai atverti visuomenei. Pastato sienas veik\u0117 dr\u0117gm\u0117, buvo pa\u017eeista vidaus apdaila, ne\u012frengtos b\u016btinos in\u017einerin\u0117s sistemos, pastatas nebuvo pritaikytas \u017emon\u0117ms su negalia\u201c, \u2013 sako K. Pata\u0161ius.<\/p>\n<p>Anot jo, dar iki \u0161io projekto Kauno arkivyskupijos Ekonomo tarnyba, pasitelkdama savivaldyb\u0117s l\u0117\u0161as, nuosekliai tvark\u0117 kritin\u0117s b\u016bkl\u0117s pastato dalis \u2013 atliko stogo dangos remont\u0105, sutvark\u0117 stogo konstrukcijas, visus fasadus, bok\u0161telius, frontonus, mozaik\u0105. Vis d\u0117lto tapo ai\u0161ku, kad pavieni\u0173 darb\u0173 nepakanka \u2013 norint visapusi\u0161kai atnaujinti objekt\u0105 ir pritaikyti j\u012f visuomenei, buvo reikalingas kompleksinis sprendimas ir didesn\u0117s investicijos.<\/p>\n<p><img decoding=\"async\" width=\"500\" height=\"280\" loading=\"lazy\" src=\"https:\/\/www.europesays.com\/lt\/wp-content\/uploads\/2026\/03\/giedre-geciauskiene-ilte-69a7132e0f6a4.jpg@webp.webp\" class=\"w-auto h-auto\" alt=\"Giedr\u0117 Ge\u010diauskien\u0117 \/ ILTE nuotr.\"\/><\/p>\n<p>Giedr\u0117 Ge\u010diauskien\u0117 \/ ILTE nuotr.<\/p>\n<p>\u201ePlanuojant darbus vienas did\u017eiausi\u0173 i\u0161\u0161\u016bki\u0173 buvo ribotos finansin\u0117s galimyb\u0117s, tod\u0117l darbus teko planuoti etapais ir ai\u0161kiai prioritetizuoti svarbiausias problemines vietas. Taip pat reik\u0117jo tiksliai \u012fvertinti reali\u0105 pastato technin\u0119 b\u016bkl\u0119 \u2013 dalis pasl\u0117pt\u0173 defekt\u0173 paai\u0161k\u0117jo tik atlikus detalius tyrimus\u201c, \u2013 teigia K. Pata\u0161ius.<\/p>\n<p>Pa\u0161nekovo teigimu, sprendimas atverti ba\u017eny\u010dios ir vienuolyno ansamblio patalpas kilo vertinant platesn\u012f \u0161io objekto potencial\u0105.<\/p>\n<p>\u201e\u0160is sakralinis ir kult\u016bros paveldo objektas turi kur kas didesn\u012f potencial\u0105 nei vien tradicin\u0117 religin\u0117 funkcija. Siekiame, kad ba\u017eny\u010dia tapt\u0173 gyva ir visiems prieinama erdve, jungian\u010dia dvasin\u012f, kult\u016brin\u012f, edukacin\u012f ir bendruomenin\u012f gyvenim\u0105\u201c, \u2013 sako K. Pata\u0161ius.<\/p>\n<p>Anot jo, projektas skirtas pritraukti platesn\u0119 auditorij\u0105 \u2013 ne tik aktyvius parapijos narius, bet ir miesto gyventojus bei sve\u010dius, kurie iki \u0161iol \u0161io objekto nebuvo lank\u0119.<\/p>\n<p>\u201eIstori\u0161kai vienuolynai buvo ne tik religiniai, bet ir kult\u016bros bei \u0161vietimo centrai. Atvertos erdv\u0117s leid\u017eia u\u017etikrinti prieig\u0105 \u012fvairioms visuomen\u0117s grup\u0117ms ir sudaro s\u0105lygas organizuoti edukacines veiklas, koncertus, parodas bei diskusijas\u201c, \u2013 teigia K. Pata\u0161ius.<\/p>\n<p>Projekto metu numatoma \u012frengti \u0161ildymo, v\u0117dinimo, vandentiekio, nuotek\u0173 ir gaisrin\u0117s saugos sistemas, \u012frengti lift\u0105, pritaikyti takus \u017emon\u0117ms su negalia. Taip pat planuojama atverti r\u016bs\u012f. Po ba\u017eny\u010dia esan\u010diose erdv\u0117se palaidoti didik\u0173 gimini\u0173 \u2013 Michalkevi\u010di\u0173, Eirimovi\u010di\u0173, Zabiel\u0173 \u2013 atstovai, taip pat yra dar netirt\u0173 laidojimo viet\u0173. Sutvarkius r\u016bs\u012f planuojama \u012frengti ekspozicij\u0105 ir kolumbarium\u0105.<\/p>\n<p>Paveldo objekt\u0173 atnaujinimui skirtas papildomas finansavimas<\/p>\n<p>Pasak <a href=\"https:\/\/kaunas.kasvyksta.lt\/ilte\" title=\"ILTE\" rel=\"nofollow noopener\" target=\"_blank\">ILTE<\/a> valdybos nar\u0117s, Klient\u0173 finansavimo tarnybos vadov\u0117s Giedr\u0117s Ge\u010diauskien\u0117s, kult\u016bros paveldo objekt\u0173 atnaujinimas n\u0117ra tik pastat\u0173 tvarkymas \u2013 tai ilgalaik\u0117 investicija \u012f bendruomenes ir kult\u016brin\u012f gyvenim\u0105.<\/p>\n<p>\u201ePaveldo objekt\u0173 atnaujinimas da\u017eniausiai rei\u0161kia daugiau nei statybos ar remonto darbus. Atkurtos erdv\u0117s tampa vietomis, kuriose buriasi bendruomen\u0117s, vyksta kult\u016briniai renginiai, edukacijos, stipr\u0117ja vietos tapatyb\u0117 ir socialiniai ry\u0161iai. Tokie projektai kuria ilgalaik\u0119 vert\u0119 visai aplinkinei teritorijai bei \u017emon\u0117ms\u201c, \u2013 sako G. Ge\u010diauskien\u0117.<\/p>\n<p>D\u0117l paskol\u0173 \u201ePaveldas\u201c kvie\u010diami kreiptis kult\u016bros paveldo objekt\u0173 savininkai ir valdytojai, planuojantys pastat\u0173 atnaujinimo, pritaikymo \u012fvairioms veikloms ar j\u0173 atv\u0117rimo visuomenei projektus.<\/p>\n<p>Finansavimo gali siekti projektai i\u0161 visos Lietuvos. Sostin\u0117s regiono projektams numatyta 500 t\u016bkst. eur\u0173, o dar 370 t\u016bkst. eur\u0173 n\u0117ra priskirti konkre\u010diam regionui \u2013 \u012f \u0161ias l\u0117\u0161as gali pretenduoti tiek Sostin\u0117s regiono, tiek Vidurio ir Vakar\u0173 Lietuvos (VVL) projektai.<\/p>\n","protected":false},"excerpt":{"rendered":"Kaune planuojama atverti visuomenei iki \u0161iol neprieinamas Dominikon\u0173 vienuolyno ansamblio Dievo K\u016bno ba\u017eny\u010dios erdves, kuriose slypi netyrin\u0117tos po\u017eemin\u0117s&hellip;\n","protected":false},"author":2,"featured_media":119850,"comment_status":"","ping_status":"","sticky":false,"template":"","format":"standard","meta":{"footnotes":"","_share_on_mastodon":"0"},"categories":[13],"tags":[25,2779,30,31,34,35,24,828,1061,22102,20020,32,33,37,39,36,38,40,23,22,28,29,26,27],"class_list":["post-119849","post","type-post","status-publish","format-standard","has-post-thumbnail","category-lietuva","tag-antrastes","tag-baznycia","tag-breaking-news","tag-breakingnews","tag-featured-news","tag-featurednews","tag-headlines","tag-ilte","tag-kaunas","tag-kauno-arkivyskupija","tag-kauno-miestas","tag-latest-news","tag-latestnews","tag-lietuva","tag-lietuviu","tag-lithuania","tag-lithuanian","tag-lt","tag-naujienos","tag-news","tag-populiariausios-naujienos","tag-populiariausiosnaujienos","tag-top-stories","tag-topstories"],"share_on_mastodon":{"url":"https:\/\/pubeurope.com\/@lt\/116170268618934357","error":""},"_links":{"self":[{"href":"https:\/\/www.europesays.com\/lt\/wp-json\/wp\/v2\/posts\/119849","targetHints":{"allow":["GET"]}}],"collection":[{"href":"https:\/\/www.europesays.com\/lt\/wp-json\/wp\/v2\/posts"}],"about":[{"href":"https:\/\/www.europesays.com\/lt\/wp-json\/wp\/v2\/types\/post"}],"author":[{"embeddable":true,"href":"https:\/\/www.europesays.com\/lt\/wp-json\/wp\/v2\/users\/2"}],"replies":[{"embeddable":true,"href":"https:\/\/www.europesays.com\/lt\/wp-json\/wp\/v2\/comments?post=119849"}],"version-history":[{"count":0,"href":"https:\/\/www.europesays.com\/lt\/wp-json\/wp\/v2\/posts\/119849\/revisions"}],"wp:featuredmedia":[{"embeddable":true,"href":"https:\/\/www.europesays.com\/lt\/wp-json\/wp\/v2\/media\/119850"}],"wp:attachment":[{"href":"https:\/\/www.europesays.com\/lt\/wp-json\/wp\/v2\/media?parent=119849"}],"wp:term":[{"taxonomy":"category","embeddable":true,"href":"https:\/\/www.europesays.com\/lt\/wp-json\/wp\/v2\/categories?post=119849"},{"taxonomy":"post_tag","embeddable":true,"href":"https:\/\/www.europesays.com\/lt\/wp-json\/wp\/v2\/tags?post=119849"}],"curies":[{"name":"wp","href":"https:\/\/api.w.org\/{rel}","templated":true}]}}