{"id":119924,"date":"2026-03-04T10:46:09","date_gmt":"2026-03-04T10:46:09","guid":{"rendered":"https:\/\/www.europesays.com\/lt\/119924\/"},"modified":"2026-03-04T10:46:09","modified_gmt":"2026-03-04T10:46:09","slug":"jav-ambasada-daliai-personalo-leista-isvykti-is-kipro","status":"publish","type":"post","link":"https:\/\/www.europesays.com\/lt\/119924\/","title":{"rendered":"JAV ambasada: daliai personalo leista i\u0161vykti i\u0161 Kipro"},"content":{"rendered":"<p>Departamentas \u201eleido ne kritin\u0117s svarbos JAV vyriausyb\u0117s darbuotojams ir JAV vyriausyb\u0117s darbuotoj\u0173 \u0161eimos nariams i\u0161vykti i\u0161 Kipro d\u0117l saugumo rizikos\u201c.<\/p>\n<p>\u0160i \u017einia buvo paskelbta po to, kai pirmadienio ryt\u0105 Irano bepilotis orlaivis smog\u0117 \u012f Jungtin\u0117s Karalyst\u0117s (JK) karin\u0119 baz\u0119 Kipre, kuris priklauso Europos S\u0105jungai (ES), o dar du bepilo\u010diai buvo sunaikinti pakeliui \u012f sal\u0105.\u00a0<\/p>\n<p>Keliomis valandomis anks\u010diau JK ministras pirmininkas Keiras Starmeris leido amerikie\u010diams naudotis brit\u0173 baz\u0117mis \u201egynybiniams\u201c sm\u016bgiams \u012f Irano raket\u0173 paleidimo vietas, \u0161e\u0161tadien\u012f prasid\u0117jus bendrai JAV ir Izraelio karinei operacijai prie\u0161 Teheran\u0105.<\/p>\n<p>Vis d\u0117lto K. Starmeris pabr\u0117\u017e\u0117, kad bepilotis orlaivis buvo paleistas dar iki jo prane\u0161imo ir nebuvo atsakas \u012f atitinkam\u0105 sprendim\u0105.<\/p>\n","protected":false},"excerpt":{"rendered":"Departamentas \u201eleido ne kritin\u0117s svarbos JAV vyriausyb\u0117s darbuotojams ir JAV vyriausyb\u0117s darbuotoj\u0173 \u0161eimos nariams i\u0161vykti i\u0161 Kipro d\u0117l&hellip;\n","protected":false},"author":2,"featured_media":119925,"comment_status":"","ping_status":"","sticky":false,"template":"","format":"standard","meta":{"footnotes":"","_share_on_mastodon":"0"},"categories":[15],"tags":[25,30,31,3346,34,35,24,10379,32,33,37,39,36,38,40,23,22,44,28,29,26,27,74,75,76],"class_list":["post-119924","post","type-post","status-publish","format-standard","has-post-thumbnail","category-pasaulis","tag-antrastes","tag-breaking-news","tag-breakingnews","tag-elta-uzsienio-naujiena","tag-featured-news","tag-featurednews","tag-headlines","tag-kipras","tag-latest-news","tag-latestnews","tag-lietuva","tag-lietuviu","tag-lithuania","tag-lithuanian","tag-lt","tag-naujienos","tag-news","tag-pasaulis","tag-populiariausios-naujienos","tag-populiariausiosnaujienos","tag-top-stories","tag-topstories","tag-world","tag-world-news","tag-worldnews"],"share_on_mastodon":{"url":"","error":""},"_links":{"self":[{"href":"https:\/\/www.europesays.com\/lt\/wp-json\/wp\/v2\/posts\/119924","targetHints":{"allow":["GET"]}}],"collection":[{"href":"https:\/\/www.europesays.com\/lt\/wp-json\/wp\/v2\/posts"}],"about":[{"href":"https:\/\/www.europesays.com\/lt\/wp-json\/wp\/v2\/types\/post"}],"author":[{"embeddable":true,"href":"https:\/\/www.europesays.com\/lt\/wp-json\/wp\/v2\/users\/2"}],"replies":[{"embeddable":true,"href":"https:\/\/www.europesays.com\/lt\/wp-json\/wp\/v2\/comments?post=119924"}],"version-history":[{"count":0,"href":"https:\/\/www.europesays.com\/lt\/wp-json\/wp\/v2\/posts\/119924\/revisions"}],"wp:featuredmedia":[{"embeddable":true,"href":"https:\/\/www.europesays.com\/lt\/wp-json\/wp\/v2\/media\/119925"}],"wp:attachment":[{"href":"https:\/\/www.europesays.com\/lt\/wp-json\/wp\/v2\/media?parent=119924"}],"wp:term":[{"taxonomy":"category","embeddable":true,"href":"https:\/\/www.europesays.com\/lt\/wp-json\/wp\/v2\/categories?post=119924"},{"taxonomy":"post_tag","embeddable":true,"href":"https:\/\/www.europesays.com\/lt\/wp-json\/wp\/v2\/tags?post=119924"}],"curies":[{"name":"wp","href":"https:\/\/api.w.org\/{rel}","templated":true}]}}