{"id":12011,"date":"2025-10-07T08:24:09","date_gmt":"2025-10-07T08:24:09","guid":{"rendered":"https:\/\/www.europesays.com\/lt\/12011\/"},"modified":"2025-10-07T08:24:09","modified_gmt":"2025-10-07T08:24:09","slug":"trumpas-tvirtina-galintis-pasinaudoti-sukilimo-istatymu-kad-jav-dislokuotu-daugiau-kariu","status":"publish","type":"post","link":"https:\/\/www.europesays.com\/lt\/12011\/","title":{"rendered":"Trumpas tvirtina galintis pasinaudoti Sukilimo \u012fstatymu, kad JAV dislokuot\u0173 daugiau kari\u0173"},"content":{"rendered":"<p> Respublikon\u0173 lyderis \u0117m\u0117si atvirai svarstyti galimyb\u0119 pasinaudoti Sukilimo \u012fstatymu (angl. Insurrection Act), kai Oregono federalinis teis\u0117jas laikinai sustabd\u0117 nacionalin\u0117s gvardijos dislokavim\u0105 Portlande, o kitas Ilinojaus teis\u0117jas kol kas leido \u017eengti pana\u0161\u0173 \u017eingsn\u012f \u010cikagoje. Vykstant D. Trumpo masinio deportavimo kampanijai, \u0161iuose miestuose buvo pasteb\u0117tas federalini\u0173 agent\u0173 antpl\u016bdis, o tai pakurst\u0117 protestus prie imigracijos objekt\u0173.<\/p>\n<p>\u201eNe be prie\u017easties turime Sukilimo \u012fstatym\u0105. Jei tur\u0117\u010diau j\u012f taikyti, taip ir padary\u010diau\u201c, \u2013 Ovaliajame kabinete \u017eurnalistams sak\u0117 D. Trumpas.<\/p>\n<p>\u201eJei b\u016bt\u0173 \u017eudomi \u017emon\u0117s, o teismai arba gubernatoriai ar merai mus stabdyt\u0173, \u017einoma, taip ir padary\u010diau\u201c, \u2013 prid\u016br\u0117 jis.<\/p>\n<p>Ilinojaus pareig\u016bnai pateik\u0117 ie\u0161kin\u012f, kuriuo siek\u0117 u\u017eblokuoti kari\u0173 dislokavim\u0105 \u010cikagoje, ta\u010diau teis\u0117ja April Perry, kuri\u0105 paskyr\u0117 D. Trumpo pirmtakas demokratas Joe Bidenas, atsisak\u0117 i\u0161duoti neatid\u0117liotin\u0105 laikin\u0105j\u012f apsaugos order\u012f. Ji ketvirtadien\u012f suplanavo i\u0161sam\u0173 pos\u0117d\u012f d\u0117l \u0161io klausimo ir papra\u0161\u0117 vyriausyb\u0117s informuoti teism\u0105 ir pateikti daugiau informacijos.<\/p>\n<p>Diskusijos \u012fsipliesk\u0117 po to, kai paai\u0161k\u0117jo, kad respublikon\u0173 valdomas Teksasas planuoja \u012f Ilinoj\u0173 pasi\u0173sti 200 savo federalizuotos nacionalin\u0117s gvardijos kari\u0173, \u2013 \u0161is sprendimas \u012fsiutino gubernatori\u0173 demokrat\u0105 J. B. Pritzker\u012f.<\/p>\n<p>\u201eJie tur\u0117t\u0173 laikytis kuo toliau nuo Ilinojaus\u201c, \u2013 parei\u0161k\u0117 J. B. Pritzkeris.<\/p>\n<p>Jis taip pat apkaltino reidus \u010cikagoje vykdan\u010dius federalinius imigracijos agentus \u201echuliganizmu\u201c, \u201eperteklin\u0117s j\u0117gos\u201c naudojimu ir neteis\u0117tu JAV pilie\u010di\u0173 sulaikymu.<\/p>\n<p>\u201eBaim\u0117 ir s\u0105my\u0161is\u201c<\/p>\n<p>D. Trumpo komentarai apie keli\u0173 \u0161imtme\u010di\u0173 senumo Sukilimo \u012fstatym\u0105 nuskamb\u0117jo pra\u0117jus vos kelioms minut\u0117ms po to, kai J. B. Pritzkeris persp\u0117jo, kad D. Trumpas kurpia i\u0161 anksto suplanuot\u0105 \u201esmurto eskalacij\u0105\u201c kaip dingst\u012f pasinaudoti specialiaisiais \u012fgaliojimais.<\/p>\n<p>\u201eD. Trumpo administracija vykdo strategij\u0105: kelti chaos\u0105, baim\u0119 ir s\u0105my\u0161\u012f, sudaryti \u012fsp\u016bd\u012f, kad taik\u016bs protestuotojai yra gauja, \u012f juos nukreipiant dujines granatas ir a\u0161arines dujas\u201c, \u2013 spaudos konferencijoje sak\u0117 J. B. Pritzkeris.<\/p>\n<p>\u201eKam? Siekiant sukurti dingst\u012f pasinaudoti Sukilimo \u012fstatymu, kad jis \u012f m\u016bs\u0173 miest\u0105 gal\u0117t\u0173 pasi\u0173sti kariuomen\u0119\u201c, \u2013 d\u0117st\u0117 jis.<\/p>\n<p>D. Trumpas savaitgal\u012f leido \u010cikagoje dislokuoti 700 nacionalin\u0117s gvardijos nari\u0173, nepaisydamas i\u0161rinkt\u0173 demokrat\u0173 lyderi\u0173, \u012fskaitant J. B. Pritzker\u012f ir miesto mer\u0105, prie\u0161taravim\u0173. Valstijos generalinis prokuroras Kwame Raoulas ir \u010cikagos advokatas savo ie\u0161kinyje apkaltino D. Trump\u0105 naudojantis JAV kariais \u201esiekiant nubausti savo politinius prie\u0161us\u201c.<\/p>\n<p>Vidaus saugumo sekretor\u0117 Kristi Noem stojo ginti plan\u0105 si\u0173sti karius \u012f \u010cikag\u0105 ir parei\u0161k\u0117, kad tre\u010dias pagal dyd\u012f JAV miestas yra \u201ekaro zona\u201c.<\/p>\n<p>D. Trumpas savo ruo\u017etu ir Portland\u0105 pavadino \u201enuniokotu karo\u201c, ta\u010diau D. Trumpo paskirta apygardos teis\u0117ja Karin Immergut laikinai u\u017eblokavo kari\u0173 dislokavim\u0105 Oregone, sakydama, kad \u201eprezidento ry\u017etas tiesiog neatitinka fakt\u0173\u201c.<\/p>\n<p>D. Trumpo administracija \u0161\u012f sprendim\u0105 skund\u017eia, nurod\u0117 Baltieji r\u016bmai.<\/p>\n<p>Sekmadien\u012f paskelbta CBS apklausa parod\u0117, kad 58 proc. amerikie\u010di\u0173 prie\u0161tarauja nacionalin\u0117s gvardijos dislokavimui JAV miestuose. <\/p>\n<p>Ilinojus ir Oregonas n\u0117ra pirmosios valstijos, metusios teisinius i\u0161\u0161\u016bkius d\u0117l D. Trumpo administracijos sprendimo dislokuoti nacionalin\u0119 gvardij\u0105. Kalifornija pateik\u0117 ie\u0161kin\u012f, kai D. Trumpas anks\u010diau \u0161iais metais pasiunt\u0117 karius \u012f Los And\u017eel\u0105 mal\u0161inti protest\u0173, kuriuos sukel\u0117 susidorojimas su dokument\u0173 neturin\u010diais migrantais. Atitinkama byla vis dar skinasi keli\u0105 teismuose.<\/p>\n","protected":false},"excerpt":{"rendered":"Respublikon\u0173 lyderis \u0117m\u0117si atvirai svarstyti galimyb\u0119 pasinaudoti Sukilimo \u012fstatymu (angl. Insurrection Act), kai Oregono federalinis teis\u0117jas laikinai sustabd\u0117&hellip;\n","protected":false},"author":2,"featured_media":12012,"comment_status":"","ping_status":"","sticky":false,"template":"","format":"standard","meta":{"footnotes":""},"categories":[15],"tags":[25,30,31,194,34,35,24,32,33,37,39,36,38,40,23,22,44,28,29,26,27,74,75,76],"class_list":{"0":"post-12011","1":"post","2":"type-post","3":"status-publish","4":"format-standard","5":"has-post-thumbnail","7":"category-pasaulis","8":"tag-antrastes","9":"tag-breaking-news","10":"tag-breakingnews","11":"tag-donaldas-trumpas","12":"tag-featured-news","13":"tag-featurednews","14":"tag-headlines","15":"tag-latest-news","16":"tag-latestnews","17":"tag-lietuva","18":"tag-lietuviu","19":"tag-lithuania","20":"tag-lithuanian","21":"tag-lt","22":"tag-naujienos","23":"tag-news","24":"tag-pasaulis","25":"tag-populiariausios-naujienos","26":"tag-populiariausiosnaujienos","27":"tag-top-stories","28":"tag-topstories","29":"tag-world","30":"tag-world-news","31":"tag-worldnews"},"share_on_mastodon":{"url":"","error":""},"_links":{"self":[{"href":"https:\/\/www.europesays.com\/lt\/wp-json\/wp\/v2\/posts\/12011","targetHints":{"allow":["GET"]}}],"collection":[{"href":"https:\/\/www.europesays.com\/lt\/wp-json\/wp\/v2\/posts"}],"about":[{"href":"https:\/\/www.europesays.com\/lt\/wp-json\/wp\/v2\/types\/post"}],"author":[{"embeddable":true,"href":"https:\/\/www.europesays.com\/lt\/wp-json\/wp\/v2\/users\/2"}],"replies":[{"embeddable":true,"href":"https:\/\/www.europesays.com\/lt\/wp-json\/wp\/v2\/comments?post=12011"}],"version-history":[{"count":0,"href":"https:\/\/www.europesays.com\/lt\/wp-json\/wp\/v2\/posts\/12011\/revisions"}],"wp:featuredmedia":[{"embeddable":true,"href":"https:\/\/www.europesays.com\/lt\/wp-json\/wp\/v2\/media\/12012"}],"wp:attachment":[{"href":"https:\/\/www.europesays.com\/lt\/wp-json\/wp\/v2\/media?parent=12011"}],"wp:term":[{"taxonomy":"category","embeddable":true,"href":"https:\/\/www.europesays.com\/lt\/wp-json\/wp\/v2\/categories?post=12011"},{"taxonomy":"post_tag","embeddable":true,"href":"https:\/\/www.europesays.com\/lt\/wp-json\/wp\/v2\/tags?post=12011"}],"curies":[{"name":"wp","href":"https:\/\/api.w.org\/{rel}","templated":true}]}}